{"id":22687,"date":"2017-12-19T13:17:17","date_gmt":"2017-12-19T18:17:17","guid":{"rendered":"https:\/\/arcoiris.com.co\/v3\/?p=22687"},"modified":"2019-08-26T15:05:45","modified_gmt":"2019-08-26T20:05:45","slug":"se-confirma-fallo-de-tutela-a-favor-de-las-curules-de-paz","status":"publish","type":"post","link":"https:\/\/arcoiris.com.co\/v3\/2017\/12\/se-confirma-fallo-de-tutela-a-favor-de-las-curules-de-paz\/","title":{"rendered":"Se confirma fallo de tutela a favor de las curules de paz"},"content":{"rendered":"<div id=\"attachment_22688\" style=\"width: 570px\" class=\"wp-caption aligncenter\"><a href=\"https:\/\/arcoiris.com.co\/v3\/wp-content\/uploads\/2017\/12\/camara_representantes_-_archivo_0.jpg\"><img loading=\"lazy\" decoding=\"async\" aria-describedby=\"caption-attachment-22688\" class=\"size-full wp-image-22688\" src=\"https:\/\/arcoiris.com.co\/v3\/wp-content\/uploads\/2017\/12\/camara_representantes_-_archivo_0.jpg\" alt=\"\" width=\"560\" height=\"373\" srcset=\"https:\/\/arcoiris.com.co\/v3\/wp-content\/uploads\/2017\/12\/camara_representantes_-_archivo_0.jpg 560w, https:\/\/arcoiris.com.co\/v3\/wp-content\/uploads\/2017\/12\/camara_representantes_-_archivo_0-300x200.jpg 300w\" sizes=\"(max-width: 560px) 100vw, 560px\" \/><\/a><p id=\"caption-attachment-22688\" class=\"wp-caption-text\">El acto legislativo busca crear 16 curules para las v\u00edctimas del conflicto en la C\u00e1mara de Representantes para los pr\u00f3ximos dos per\u00edodos constitucionales. Archivo El Espectador<\/p><\/div>\n<p style=\"text-align: justify;\">El Juzgado 16 Administrativo de Oralidad del Circuito Judicial de Bogot\u00e1 modific\u00f3 la medida cautelar proferida el pasado 11 de diciembre y orden\u00f3 a Efra\u00edn Cepeda, presidente del Senado, a publicar el acto legislativo en la gaceta del Congreso.<\/p>\n<p style=\"text-align: justify;\">A pocas horas de que se conociera el fallo del Tribunal Administrativo de Cundinamarca que dio por aprobadas las circunscripciones especiales de paz, este martes se conoci\u00f3 el fallo de fondo de una tutela que le ordena al Senado de la Rep\u00fablica publicar al acto legislativo en la gaceta del Congreso para sea sujeto de control \u00fanico de la Corte Constitucional.<\/p>\n<p style=\"text-align: justify;\">\u201cModificar la medida cautelar, proferida el 11 de diciembre, en el sentido de ordenar al secretario general y al presidente del Congreso de la Rep\u00fablica que, de manera inmediata, se inserte en la gaceta del Congreso el acto legislativo 17 de 2017, por medio del cual se crean 16 circunscripciones transitorias especiales de paz para la C\u00e1mara de Representantes en los per\u00edodos 2018-2022 y 2022-2026\u201d, se\u00f1ala el fallo proferido por el Juzgado 16 Administrativo de Oralidad del Circuito Judicial de Bogot\u00e1.<\/p>\n<p style=\"text-align: justify;\">Lea:<span style=\"color: #ff0000;\"><a style=\"color: #ff0000;\" href=\"https:\/\/www.elespectador.com\/noticias\/politica\/tribunal-de-cundinamarca-da-por-aprobadas-curules-de-paz-articulo-729162\" target=\"_blank\" rel=\"noopener noreferrer\"><em><strong> Tribunal de Cundinamarca da por aprobadas curules de paz<\/strong><\/em><\/a><\/span><\/p>\n<p style=\"text-align: justify;\">Asimismo, y como primera medida, pide amparar el derecho a la participaci\u00f3n pol\u00edtica de R\u00f3binson L\u00f3pez Descanse, principal accionante, y el derecho a la representaci\u00f3n de Osnay Cuesta Mena, Faustino Rocha, Juana Luc\u00eda Alegr\u00eda y Cristian Mena Arboleda.<\/p>\n<p style=\"text-align: justify;\">El pasado 11 de diciembre, cuando se admiti\u00f3 la tutela de L\u00f3pez, se dict\u00f3 la medida cautelar que ordenaba al presidente del Senado, Efra\u00edn Cepeda, a enviar el proyecto a la Presidencia para que sea sancionado.<\/p>\n<p style=\"text-align: justify;\">Lea tambi\u00e9n: <a href=\"https:\/\/www.elespectador.com\/noticias\/politica\/estaban-violentando-derechos-indigena-que-con-tutela-revivio-circunscripciones-de-paz-articulo-727965\" target=\"_blank\" rel=\"noopener noreferrer\"><span style=\"color: #ff0000;\"><em><strong>\u201cEstaban violentando derechos\u201d: ind\u00edgena que con tutela revivi\u00f3 circunscripciones de paz<\/strong><\/em><\/span><\/a><\/p>\n<p style=\"text-align: justify;\">De acuerdo con el documento, de 86 p\u00e1ginas, los accionantes presentaron amparo constitucional al considerar que se vulneraron sus derechos a la paz, a la participaci\u00f3n en las decisiones que los afectan, a la participaci\u00f3n en la vida econ\u00f3mica, pol\u00edtica, administrativa y cultural de la Naci\u00f3n. El fallo podr\u00e1 ser impugnado en los tres d\u00edas siguientes a su notificaci\u00f3n. En caso de que no sea impugnado, ser\u00e1 remitido a la Corte Constitucional para su revisi\u00f3n.<\/p>\n<p style=\"text-align: justify;\">Por otra parte, antes de que se hiciera p\u00fablica esta decisi\u00f3n, el Senado, en boza de su secretario general Gregorio Eljach, anunci\u00f3 que se estudiar\u00e1 la impugnaci\u00f3n del primer fallo del Tribunal Administrativo de Cundinamarca. \u201cNo s\u00e9 c\u00f3mo puede uno mandar a que se promulgue algo que para nosotros no existe, salvo que la \u00faltima instancia jurisdiccional (el Consejo de Estado) nos d\u00e9 la orden insalvable\u201d, dijo Eljach en entrevista con Blu Radio.<\/p>\n<p style=\"text-align: justify;\">Contexto: <a href=\"https:\/\/www.elespectador.com\/noticias\/politica\/senado-impugnara-fallo-sobre-circunscripciones-de-paz-articulo-729237\" target=\"_blank\" rel=\"noopener noreferrer\"><span style=\"color: #ff0000;\"><em><strong>Senado impugnar\u00e1 fallo sobre circunscripciones de paz<\/strong><\/em><\/span><\/a><\/p>\n<p style=\"text-align: justify;\">Ver en <span style=\"color: #ff0000;\"><a style=\"color: #ff0000;\" href=\"https:\/\/www.elespectador.com\/noticias\/politica\/se-confirma-fallo-de-tutela-favor-de-las-curules-de-paz-articulo-729248\" target=\"_blank\" rel=\"noopener noreferrer\"><em><strong>El Espectador<\/strong><\/em><\/a><\/span><\/p>\n","protected":false},"excerpt":{"rendered":"<p>El Juzgado 16 Administrativo de Oralidad del Circuito Judicial de Bogot\u00e1 modific\u00f3 la medida cautelar proferida el pasado 11 de diciembre y orden\u00f3 a Efra\u00edn Cepeda, presidente del Senado, a publicar el acto legislativo en la gaceta del Congreso. A pocas horas de que se conociera el fallo del Tribunal Administrativo de Cundinamarca que dio [&hellip;]<\/p>\n","protected":false},"author":51,"featured_media":22688,"comment_status":"closed","ping_status":"closed","sticky":false,"template":"","format":"standard","meta":{"_et_pb_use_builder":"","_et_pb_old_content":"","_et_gb_content_width":"","footnotes":""},"categories":[634,18],"tags":[],"class_list":["post-22687","post","type-post","status-publish","format-standard","has-post-thumbnail","hentry","category-construccion-de-paz","category-victimas"],"_links":{"self":[{"href":"https:\/\/arcoiris.com.co\/v3\/wp-json\/wp\/v2\/posts\/22687","targetHints":{"allow":["GET"]}}],"collection":[{"href":"https:\/\/arcoiris.com.co\/v3\/wp-json\/wp\/v2\/posts"}],"about":[{"href":"https:\/\/arcoiris.com.co\/v3\/wp-json\/wp\/v2\/types\/post"}],"author":[{"embeddable":true,"href":"https:\/\/arcoiris.com.co\/v3\/wp-json\/wp\/v2\/users\/51"}],"replies":[{"embeddable":true,"href":"https:\/\/arcoiris.com.co\/v3\/wp-json\/wp\/v2\/comments?post=22687"}],"version-history":[{"count":0,"href":"https:\/\/arcoiris.com.co\/v3\/wp-json\/wp\/v2\/posts\/22687\/revisions"}],"wp:featuredmedia":[{"embeddable":true,"href":"https:\/\/arcoiris.com.co\/v3\/wp-json\/wp\/v2\/media\/22688"}],"wp:attachment":[{"href":"https:\/\/arcoiris.com.co\/v3\/wp-json\/wp\/v2\/media?parent=22687"}],"wp:term":[{"taxonomy":"category","embeddable":true,"href":"https:\/\/arcoiris.com.co\/v3\/wp-json\/wp\/v2\/categories?post=22687"},{"taxonomy":"post_tag","embeddable":true,"href":"https:\/\/arcoiris.com.co\/v3\/wp-json\/wp\/v2\/tags?post=22687"}],"curies":[{"name":"wp","href":"https:\/\/api.w.org\/{rel}","templated":true}]}}