{"id":22696,"date":"2017-12-19T15:54:48","date_gmt":"2017-12-19T20:54:48","guid":{"rendered":"https:\/\/arcoiris.com.co\/v3\/?p=22696"},"modified":"2019-08-26T15:05:45","modified_gmt":"2019-08-26T20:05:45","slug":"afirmaciones-de-ministro-de-defensa-son-evidencia-de-desconfianza-hacia-las-denuncias-de-los-lideres-y-defensores-de-ddhh","status":"publish","type":"post","link":"https:\/\/arcoiris.com.co\/v3\/2017\/12\/afirmaciones-de-ministro-de-defensa-son-evidencia-de-desconfianza-hacia-las-denuncias-de-los-lideres-y-defensores-de-ddhh\/","title":{"rendered":"Afirmaciones de Ministro de Defensa son evidencia de desconfianza hacia las denuncias de los l\u00edderes y defensores de DDHH"},"content":{"rendered":"<p style=\"text-align: justify;\"><a href=\"https:\/\/arcoiris.com.co\/v3\/wp-content\/uploads\/2016\/03\/paramilitar-1.jpg\"><img loading=\"lazy\" decoding=\"async\" class=\"aligncenter size-full wp-image-18672\" src=\"https:\/\/arcoiris.com.co\/v3\/wp-content\/uploads\/2016\/03\/paramilitar-1.jpg\" alt=\"\" width=\"560\" height=\"373\" srcset=\"https:\/\/arcoiris.com.co\/v3\/wp-content\/uploads\/2016\/03\/paramilitar-1.jpg 560w, https:\/\/arcoiris.com.co\/v3\/wp-content\/uploads\/2016\/03\/paramilitar-1-300x200.jpg 300w\" sizes=\"(max-width: 560px) 100vw, 560px\" \/><\/a><br \/>\nEn la Corporaci\u00f3n Nuevo Arco Iris \u2013CNAI- hemos estado tras el an\u00e1lisis del fen\u00f3meno paramilitar desde hace a\u00f1os y este seguimiento se ha dado a conocer por medio de la revista Arcanos, publicaciones web, Informes, Ruedas de prensa y de m\u00e1s.<\/p>\n<p style=\"text-align: justify;\">Hace un a\u00f1o, el 15 de diciembre, la CNAI llev\u00f3 a cabo la <a href=\"https:\/\/arcoiris.com.co\/v3\/2016\/12\/no-acabar-con-el-paramilitarismo-es-dirigir-a-colombia-a-una-crisis-humanitaria\/\" target=\"_blank\" rel=\"noopener noreferrer\"><span style=\"color: #339966;\"><em><strong>rueda de prensa<\/strong><\/em><\/span><\/a> que tuvo como eje principal los resultados del an\u00e1lisis y la socializaci\u00f3n con expertos y actores sociales, del acuerdo de La Habana sobre: \u201cel sistema integral para la implementaci\u00f3n de garant\u00edas de seguridad territorial y desmantelamiento de estructuras criminales sucesoras del paramilitarismo\u201d del punto 3.4., en la que se hace referencia que se cuestiona lo que se afirmaba en esos d\u00edas sobre que el \u201c<a href=\"https:\/\/arcoiris.com.co\/v3\/2016\/12\/asesinatos-a-lideres-sociales-continuan\/\" target=\"_blank\" rel=\"noopener noreferrer\"><span style=\"color: #339966;\"><strong>Estado cumple con las garant\u00edas de seguridad a l\u00edderes sociales<\/strong><\/span><\/a>\u201d.<\/p>\n<p style=\"text-align: justify;\">En enero de este a\u00f1o la Human Rights Watch \u2013HRW- acababa de lanzar su informe mundial para el a\u00f1o 2016 en el que \u201c<a href=\"https:\/\/arcoiris.com.co\/v3\/2017\/01\/hrw-dice-que-los-sucesores-de-paramilitarismo-son-reales\/\" target=\"_blank\" rel=\"noopener noreferrer\"><span style=\"color: #339966;\"><em><strong>se\u00f1al\u00f3 que los presuntos herederos del poder paramilitar siguen cometiendo asesinatos, desapariciones y actos de violencia sexual<\/strong><\/em><\/span><\/a>\u201d.<\/p>\n<p style=\"text-align: justify;\">El Espectador en el mes siguiente public\u00f3 \u201c<a href=\"https:\/\/arcoiris.com.co\/v3\/2017\/02\/la-amenaza-del-narcoparamilitarismo\/\" target=\"_blank\" rel=\"noopener noreferrer\"><span style=\"color: #339966;\"><em><strong>La amenaza del narcoparamilitarismo<\/strong><\/em><\/span><\/a>\u201d en el que se hace referencia a las 13 estructuras ilegales que hac\u00edan presencia en 351 municipios de 31 departamentos del pa\u00eds durante el 2016.<\/p>\n<p style=\"text-align: justify;\">Es en estos seguimientos que la CNAI anuncia, por medio de una editorial denominada <a href=\"https:\/\/arcoiris.com.co\/v3\/2017\/06\/como-se-desmontan-las-estructuras-sucesoras-del-paramilitarismo\/\" target=\"_blank\" rel=\"noopener noreferrer\"><span style=\"color: #339966;\"><em><strong>\u00bfC\u00f3mo se desmontan las estructuras sucesoras del paramilitarismo?<\/strong><\/em><\/span><\/a>, la publicaci\u00f3n de la Arcanos N\u00ba 21 en la que se tiene como eje principal \u201c<a href=\"https:\/\/arcoiris.com.co\/v3\/2017\/07\/arcanos-no-21-la-persistencia-del-paramilitarismo-principal-amenaza-para-la-paz-y-los-ddhh-en-colombia\/\" target=\"_blank\" rel=\"noopener noreferrer\"><span style=\"color: #339966;\"><em><strong>La persistencia del paramilitarismo, principal amenaza para la paz y los DDHH en Colombia<\/strong><\/em><\/span><\/a>\u201d. Hasta la fecha tambi\u00e9n se han publicado las diferentes amenazas a movimientos, l\u00edderes sociales y de m\u00e1s.<\/p>\n<p style=\"text-align: justify;\">Por lo anterior es que publicamos el Comunicado P\u00fablico de integrantes de la Comisi\u00f3n Nacional de Garant\u00edas de Seguridad, que en calidad de expertos y delegados de las Plataformas de Derechos Humanos, lamentan el pronunciamiento del Ministro de Defensa, Luis Carlos Villegas, indicando que la \u201cinmensa mayor\u00eda de muertes de l\u00edderes sociales se deben a peleas de vecinos, faldas y por rentas il\u00edcitas\u201d.<\/p>\n<p style=\"text-align: justify;\">El documento es firmado por Franklin Casta\u00f1eda y Gustavo Gall\u00f3n Giraldo, delegados Plataforma de DH y los expertos Vilma Liliana Franco R., Jaime Caycedo Turriago y Camilo Gonz\u00e1lez Posso.<\/p>\n<p style=\"text-align: justify;\">Parte del comunicado:<\/p>\n<p style=\"text-align: justify;\">Estas palabras trivializan uno de los problemas m\u00e1s graves que est\u00e1 viviendo nuestro pa\u00eds y ponen en evidencia una actitud de desconfianza hacia las denuncias de los l\u00edderes y defensores de derechos sobre multiplicidad de asesinatos y dem\u00e1s hechos victimizantes que son un ataque generalizado. La historia del pa\u00eds est\u00e1 colmada de denuncias desesperadas e indiferencia, en suma, de muertes que pudieron ser evitadas. Muchos de los hechos victimizantes contra la poblaci\u00f3n en menci\u00f3n no son espont\u00e1neos y est\u00e1n relacionados con procesos de exigibilidad de derechos que afectan los intereses de agentes privados implicados o beneficiarios de la usurpaci\u00f3n en el marco de la guerra; o han ocurrido en escenarios que deber\u00edan ser de construcci\u00f3n de la paz.<\/p>\n<p style=\"text-align: justify;\">Los recientes hechos sucedidos en las comunidades de La Larga Tumarad\u00f3 y Pedeguita Mancilla en el Bajo Atrato Chocoano son ejemplo de lo primero. Por eso, es importante el reciente pronunciamiento del Procurador General de la Naci\u00f3n, seg\u00fan el cual: \u201ca diferencia de lo que se ha venido diciendo durante los \u00faltimos meses y por tantas personas, aqu\u00ed s\u00ed existe una sistematicidad en relaci\u00f3n con el asesinato de estos l\u00edderes sociales [de los consejos comunitarios] porque la relaci\u00f3n con el conflicto de tierras es evidente. Aqu\u00ed hay derechos territoriales de estas comunidades que est\u00e1n ligados a la forma como los est\u00e1n eliminando\u201d. El jefe del ministerio p\u00fablico tambi\u00e9n llam\u00f3 la atenci\u00f3n sobre la responsabilidad del sector privado en el ejercicio de la violencia contra las comunidades y sus v\u00ednculos con grupos armados ilegales, asunto que deber\u00eda ser objeto de preocupaci\u00f3n del Ministerio de la Defensa.<\/p>\n<p style=\"text-align: justify;\">Son ejemplo de lo segundo, la muerte de m\u00e1s de una decena de ciudadanos en el marco de protestas sociales, muchas de ellas por el incumplimiento de los planes voluntarios y concertados de sustituci\u00f3n de cultivos de coca; o por el asedio de las fuerzas militares contra las comunidades para imponer la erradicaci\u00f3n forzada. Inquieta que hechos como los ocurridos el 5 de octubre en el municipio de Tumaco, en los que varios agentes de la Polic\u00eda Antinarc\u00f3ticos estuvieron implicados, a\u00fan no hayan sido esclarecidos y los empiece a cubrir el olvido.<\/p>\n<p style=\"text-align: justify;\">En su alocuci\u00f3n, el Ministro de Defensa guarda silencio sobre otros hechos victimizantes que cotidianamente son denunciados y que determinan el devenir de esta democracia. Abundan las amenazas individuales y colectivas contra poblaciones que en muchos casos fueron v\u00edctimas directas o indirectas en el pasado. Para ello, sus autores, sobre los que ninguna autoridad parece tener noticia, se sirven de panfletos (ap\u00f3crifos o no), utilizados como un mecanismo de terror porque apelan a la memoria viva de la violencia ejercida por los grupos paramilitares (de antes y de ahora). Algunas de ellas se han materializado y en otros casos han restaurado el miedo que modifica comportamientos, conducido al desplazamiento forzado y suprimido las libertades de expresi\u00f3n y asociaci\u00f3n. Resulta, por eso, turbador que no se reconozca la gravedad de lo que es una pr\u00e1ctica generalizada contra poblaciones espec\u00edficas, que se ignore que se trata de un injusto contra bienes jur\u00eddicamente protegidos y que tiene impactos nocivos en el orden pol\u00edtico.<\/p>\n<p style=\"text-align: justify;\">Ver completo en\u00a0<span style=\"color: #339966;\"><em><strong><a style=\"color: #339966;\" href=\"https:\/\/arcoiris.com.co\/v3\/wp-content\/uploads\/2017\/12\/Comunicado-de-los-representantes-de-sociedad-civil-de-la-Comision-Nacional-de-Garantias-de-Seguridad.pdf\" target=\"_blank\" rel=\"noopener noreferrer\">Comunicado de los representantes de sociedad civil de la Comision Nacional de Garantias de Seguridad<\/a><\/strong><\/em><\/span><\/p>\n","protected":false},"excerpt":{"rendered":"<p>En la Corporaci\u00f3n Nuevo Arco Iris \u2013CNAI- hemos estado tras el an\u00e1lisis del fen\u00f3meno paramilitar desde hace a\u00f1os y este seguimiento se ha dado a conocer por medio de la revista Arcanos, publicaciones web, Informes, Ruedas de prensa y de m\u00e1s. Hace un a\u00f1o, el 15 de diciembre, la CNAI llev\u00f3 a cabo la rueda [&hellip;]<\/p>\n","protected":false},"author":51,"featured_media":18672,"comment_status":"closed","ping_status":"closed","sticky":false,"template":"","format":"standard","meta":{"_et_pb_use_builder":"","_et_pb_old_content":"","_et_gb_content_width":"","footnotes":""},"categories":[21,18],"tags":[],"class_list":["post-22696","post","type-post","status-publish","format-standard","has-post-thumbnail","hentry","category-justicia","category-victimas"],"_links":{"self":[{"href":"https:\/\/arcoiris.com.co\/v3\/wp-json\/wp\/v2\/posts\/22696","targetHints":{"allow":["GET"]}}],"collection":[{"href":"https:\/\/arcoiris.com.co\/v3\/wp-json\/wp\/v2\/posts"}],"about":[{"href":"https:\/\/arcoiris.com.co\/v3\/wp-json\/wp\/v2\/types\/post"}],"author":[{"embeddable":true,"href":"https:\/\/arcoiris.com.co\/v3\/wp-json\/wp\/v2\/users\/51"}],"replies":[{"embeddable":true,"href":"https:\/\/arcoiris.com.co\/v3\/wp-json\/wp\/v2\/comments?post=22696"}],"version-history":[{"count":0,"href":"https:\/\/arcoiris.com.co\/v3\/wp-json\/wp\/v2\/posts\/22696\/revisions"}],"wp:featuredmedia":[{"embeddable":true,"href":"https:\/\/arcoiris.com.co\/v3\/wp-json\/wp\/v2\/media\/18672"}],"wp:attachment":[{"href":"https:\/\/arcoiris.com.co\/v3\/wp-json\/wp\/v2\/media?parent=22696"}],"wp:term":[{"taxonomy":"category","embeddable":true,"href":"https:\/\/arcoiris.com.co\/v3\/wp-json\/wp\/v2\/categories?post=22696"},{"taxonomy":"post_tag","embeddable":true,"href":"https:\/\/arcoiris.com.co\/v3\/wp-json\/wp\/v2\/tags?post=22696"}],"curies":[{"name":"wp","href":"https:\/\/api.w.org\/{rel}","templated":true}]}}