{"id":22717,"date":"2018-01-18T14:58:28","date_gmt":"2018-01-18T19:58:28","guid":{"rendered":"https:\/\/arcoiris.com.co\/v3\/?p=22717"},"modified":"2019-08-26T15:05:45","modified_gmt":"2019-08-26T20:05:45","slug":"resultado-de-encuesta-declaraciones-del-ministro-de-defensa-frente-a-asesinato-a-lideres-sociales","status":"publish","type":"post","link":"https:\/\/arcoiris.com.co\/v3\/2018\/01\/resultado-de-encuesta-declaraciones-del-ministro-de-defensa-frente-a-asesinato-a-lideres-sociales\/","title":{"rendered":"Resultado de Encuesta: Declaraciones del Ministro de Defensa frente a asesinato a l\u00edderes sociales"},"content":{"rendered":"<p style=\"text-align: justify;\">A mediados de diciembre el ministro de defensa Luis Carlos Villegas, en entrevistas con medios nacionales afirm\u00f3 que los asesinatos a l\u00edderes sociales se deb\u00edan a problemas de \u201cfaldas\u201d y de \u201cpeleas por rentas il\u00edcitas\u201d.<\/p>\n<p style=\"text-align: justify;\">As\u00ed lo public\u00f3 El Espectador en su momento:<\/p>\n<p style=\"text-align: justify;\">En entrevista con Noticias Uno, Luis Carlos Villegas tambi\u00e9n afirm\u00f3 que no hay una organizaci\u00f3n que est\u00e9 \u201casesinando a l\u00edderes sociales\u201d.<\/p>\n<p style=\"text-align: justify;\">Muy mal cayeron las declaraciones de Luis Carlos Villegas, ministro de Defensa, a Noticias Uno en las que se\u00f1ala que la \u201cinmensa mayor\u00eda\u201d de los asesinatos de l\u00edderes sociales en las regiones \u201cson frutos de un tema de linderos, de un tema de faltas, de peleas por rentas il\u00edcitas\u201d. (Vea el video con las declaraciones al final de la nota)<\/p>\n<p style=\"text-align: justify;\">En entrevista con el noticiero, Villegas asegur\u00f3 que corr\u00eda el riesgo de generar muchos comentarios por las declaraciones, sin embargo, se\u00f1al\u00f3 que uno de cada dos asesinatos de l\u00edderes que ocurre tiene una explicaci\u00f3n judicial y que \u201cno hay detr\u00e1s una organizaci\u00f3n que est\u00e9 asesinando l\u00edderes sociales\u201d. Para el ministro, no se trata de que el asesinato de estas personas sea un tema nuevo, sino que se inici\u00f3 la medici\u00f3n del fen\u00f3meno en el pa\u00eds.<\/p>\n<p style=\"text-align: justify;\">Lo dicho por el alto funcionario llega pocos d\u00edas despu\u00e9s de que m\u00e1s de 25 l\u00edderes sociales dieran una rueda de prensa en Bogot\u00e1, present\u00e1ndose ante las c\u00e1maras con m\u00e1scaras, como acto simb\u00f3lico de su temor por ser asesinados.<\/p>\n<p style=\"text-align: justify;\">Por otra parte, un estudio reciente del Instituto para el Desarrollo y la Paz (Indepaz) se\u00f1al\u00f3 que los asesinatos de l\u00edderes sociales han aumentado en 45 % en lo que va de 2017. \u201cEste fen\u00f3meno sigue recrudeci\u00e9ndose y la respuesta de los entes encargados de la protecci\u00f3n y de las garant\u00edas para el activismo social y la defensa de derechos humanos sigue siendo muy insuficiente\u201d, le dijo Carlos Espitia, miembro del instituto, al diario La Patria, de Manizales.<\/p>\n<p style=\"text-align: justify;\">Organizaciones internacionales, como Amnist\u00eda Internacional, tambi\u00e9n le han llamado la atenci\u00f3n al gobierno de Santos por la sensible situaci\u00f3n de seguridad que hay en algunos territorios y que ponen en riesgo la vida de los l\u00edderes. Por la misma raz\u00f3n, solicitaron medidas urgentes para garantizar la seguridad de l\u00edderes ind\u00edgenas y afrodescendientes en el Choc\u00f3.<\/p>\n<p style=\"text-align: justify;\">No obstante, lo que dijo Villegas tiene conexi\u00f3n con una de las posiciones que el mismo presidente Santos ha sostenido respecto del tema de l\u00edderes sociales. El pasado 19 de octubre, en una alocuci\u00f3n, el primer mandatario anot\u00f3 que, en cuanto a las muertes de estas personas, no se pod\u00eda decir que hab\u00eda un patr\u00f3n sistem\u00e1tico. (Ver en\u00a0<a href=\"https:\/\/www.elespectador.com\/noticias\/politica\/asesinatos-de-lideres-son-por-lios-de-faldas-ministro-de-defensa-articulo-728893\" target=\"_blank\" rel=\"noopener noreferrer\"><span style=\"color: #ff0000;\"><em><strong>Asesinatos de l\u00edderes son por \u201cl\u00edos de faldas\u201d: ministro de Defensa<\/strong><\/em><\/span><\/a>)<\/p>\n<p style=\"text-align: justify;\">Debido a las anteriores declaraciones se plante\u00f3 la pregunta de la Encuesta Semanal (que por motivos de fin de a\u00f1o se dej\u00f3 m\u00e1s de una semana), obteniendo los siguientes resultados:<\/p>\n<p style=\"text-align: justify;\">[poll id=\u00bb124&#8243;]\n<p>Los invitamos a seguir participando de la encuesta virtual que cambia cada lunes y que la encuentran en la parte superior del lateral izquierdo.<\/p>\n<p>Gracias por votar.<\/p>\n","protected":false},"excerpt":{"rendered":"<p>A mediados de diciembre el ministro de defensa Luis Carlos Villegas, en entrevistas con medios nacionales afirm\u00f3 que los asesinatos a l\u00edderes sociales se deb\u00edan a problemas de \u201cfaldas\u201d y de \u201cpeleas por rentas il\u00edcitas\u201d. As\u00ed lo public\u00f3 El Espectador en su momento: En entrevista con Noticias Uno, Luis Carlos Villegas tambi\u00e9n afirm\u00f3 que no [&hellip;]<\/p>\n","protected":false},"author":51,"featured_media":0,"comment_status":"closed","ping_status":"closed","sticky":false,"template":"","format":"standard","meta":{"_et_pb_use_builder":"","_et_pb_old_content":"","_et_gb_content_width":"","footnotes":""},"categories":[18],"tags":[],"class_list":["post-22717","post","type-post","status-publish","format-standard","hentry","category-victimas"],"_links":{"self":[{"href":"https:\/\/arcoiris.com.co\/v3\/wp-json\/wp\/v2\/posts\/22717","targetHints":{"allow":["GET"]}}],"collection":[{"href":"https:\/\/arcoiris.com.co\/v3\/wp-json\/wp\/v2\/posts"}],"about":[{"href":"https:\/\/arcoiris.com.co\/v3\/wp-json\/wp\/v2\/types\/post"}],"author":[{"embeddable":true,"href":"https:\/\/arcoiris.com.co\/v3\/wp-json\/wp\/v2\/users\/51"}],"replies":[{"embeddable":true,"href":"https:\/\/arcoiris.com.co\/v3\/wp-json\/wp\/v2\/comments?post=22717"}],"version-history":[{"count":0,"href":"https:\/\/arcoiris.com.co\/v3\/wp-json\/wp\/v2\/posts\/22717\/revisions"}],"wp:attachment":[{"href":"https:\/\/arcoiris.com.co\/v3\/wp-json\/wp\/v2\/media?parent=22717"}],"wp:term":[{"taxonomy":"category","embeddable":true,"href":"https:\/\/arcoiris.com.co\/v3\/wp-json\/wp\/v2\/categories?post=22717"},{"taxonomy":"post_tag","embeddable":true,"href":"https:\/\/arcoiris.com.co\/v3\/wp-json\/wp\/v2\/tags?post=22717"}],"curies":[{"name":"wp","href":"https:\/\/api.w.org\/{rel}","templated":true}]}}