{"id":22721,"date":"2018-01-24T15:16:47","date_gmt":"2018-01-24T20:16:47","guid":{"rendered":"https:\/\/arcoiris.com.co\/v3\/?p=22721"},"modified":"2019-08-26T15:05:45","modified_gmt":"2019-08-26T20:05:45","slug":"en-solo-cuatro-dias-mas-de-mil-personas-fueron-desplazadas","status":"publish","type":"post","link":"https:\/\/arcoiris.com.co\/v3\/2018\/01\/en-solo-cuatro-dias-mas-de-mil-personas-fueron-desplazadas\/","title":{"rendered":"En solo cuatro d\u00edas, m\u00e1s de mil personas fueron desplazadas"},"content":{"rendered":"<div id=\"attachment_22723\" style=\"width: 460px\" class=\"wp-caption aligncenter\"><a href=\"https:\/\/arcoiris.com.co\/v3\/wp-content\/uploads\/2018\/01\/desplazamiento.jpg\"><img loading=\"lazy\" decoding=\"async\" aria-describedby=\"caption-attachment-22723\" class=\"size-full wp-image-22723\" src=\"https:\/\/arcoiris.com.co\/v3\/wp-content\/uploads\/2018\/01\/desplazamiento.jpg\" alt=\"\" width=\"450\" height=\"338\" srcset=\"https:\/\/arcoiris.com.co\/v3\/wp-content\/uploads\/2018\/01\/desplazamiento.jpg 450w, https:\/\/arcoiris.com.co\/v3\/wp-content\/uploads\/2018\/01\/desplazamiento-300x225.jpg 300w\" sizes=\"(max-width: 450px) 100vw, 450px\" \/><\/a><p id=\"caption-attachment-22723\" class=\"wp-caption-text\">Foto: Portal Agencia Prensa Rural<\/p><\/div>\n<p style=\"text-align: justify;\">Los hechos se han presentado en diferentes departamentos como Nari\u00f1o, C\u00f3rdoba, Antioquia y Boyac\u00e1. Para el mes de enero del 2017 la Defensor\u00eda del Pueblo tuvo conocimiento de un solo evento de desplazamiento masivo.<\/p>\n<p style=\"text-align: justify;\">La Defensor\u00eda del Pueblo alert\u00f3 a las autoridades para que tomen medidas que garanticen los derechos de m\u00e1s de mil personas que han tenido que desplazarse entre el 17 y el 20 de enero a causa de hechos violentos ocurridos en zonas como el Bajo Cauca, Sur de C\u00f3rdoba y los l\u00edmites entre Boyac\u00e1 y Casanare.<\/p>\n<p style=\"text-align: justify;\">El primer hecho se present\u00f3 el 17 de enero en el Consejo Comunitario La Voz de los Negros del municipio de Mag\u00fci Pay\u00e1n (Nari\u00f1o), por enfrentamientos entre miembros del ELN y disidencias de las FARC, causando el desplazamiento forzado de 45 familias (172 personas).<\/p>\n<p style=\"text-align: justify;\">Un segundo caso se produjo luego del asesinato del presidente de la junta de acci\u00f3n comunal de la vereda San Pedrito de San Jos\u00e9 de Ur\u00e9 (C\u00f3rdoba) el 18 de enero. Debido a \u00e9ste hecho 75 familias (375 personas) tuvieron que salir de la zona por las amenazas que recibieron de miembros del grupo denominado \u201cCaparrapos\u201d y por los inminentes enfrentamientos entre estos y las Autodefensas Gaitanistas de Colombia (AGC).<\/p>\n<p style=\"text-align: justify;\">De igual manera, desde el resguardo ind\u00edgena Dochama, colindante con el lugar de los hechos, se advierte sobre la posibilidad del desplazamiento de m\u00e1s personas.<\/p>\n<p style=\"text-align: justify;\">En un tercer evento ocurrido el 19 de enero se desplazaron 149 familias (383 personas) miembros del pueblo zen\u00fa y comunidades campesinas, de las veredas Piamonte, Ponciano Bajo, Ponciano Alto, Taman\u00e1, Alto del Tigre, El Tigre, Anar\u00e1, San Francisco y Campanario del municipio de C\u00e1ceres (Antioquia) y 25 familias (125 personas) de la vereda Puerto Colombia del municipio de Caucasia. Lo anterior debido a la presencia de hombres armados que se movilizaban por la zona informando a la comunidad que se enfrentar\u00edan con un grupo armado ilegal proveniente de Barro Blanco (Taraz\u00e1). De igual manera, se encuentran en riesgo de desplazamiento otras 350 familias residentes en la zona.<\/p>\n<p style=\"text-align: justify;\">Una nueva situaci\u00f3n se present\u00f3 el 20 de enero, cuando tres familias de la inspecci\u00f3n Morcote del municipio de Paya (Boyac\u00e1) se desplazaron por la ocurrencia de enfrentamientos entre la Fuerza P\u00fablica y el ELN, y se encuentran en riesgo de desplazamiento otras familias de la regi\u00f3n.<\/p>\n<p style=\"text-align: justify;\">Ese mismo d\u00eda, en el Consejo Comunitario Bajo Calima, en la vereda La Esperanza del municipio de Buenaventura, se dio el estallido de un artefacto explosivo y presencia e intimidaci\u00f3n por parte del ELN a miembros de la comunidad. All\u00ed, la junta directiva del Consejo Comunitario advirti\u00f3 a la Defensor\u00eda del Pueblo sobre el riesgo de desplazamiento de cinco comunidades.<\/p>\n<p style=\"text-align: justify;\">Por estos hechos el defensor del Pueblo, Carlos Alfonso Negret Mosquera, hace un llamado a las autoridades del Gobierno nacional y a los entes territoriales para que se dispongan las medidas necesarias para la atenci\u00f3n integral a la poblaci\u00f3n desplazada y para la protecci\u00f3n de las personas que est\u00e1n en riesgo de desplazamiento.<\/p>\n<p>Ver en <a href=\"http:\/\/www.prensarural.org\/spip\/spip.php?article22623\" target=\"_blank\" rel=\"noopener noreferrer\"><span style=\"color: #008000;\"><em><strong>Agencia Prensa Rural<\/strong><\/em><\/span><\/a><\/p>\n","protected":false},"excerpt":{"rendered":"<p>Los hechos se han presentado en diferentes departamentos como Nari\u00f1o, C\u00f3rdoba, Antioquia y Boyac\u00e1. Para el mes de enero del 2017 la Defensor\u00eda del Pueblo tuvo conocimiento de un solo evento de desplazamiento masivo. La Defensor\u00eda del Pueblo alert\u00f3 a las autoridades para que tomen medidas que garanticen los derechos de m\u00e1s de mil personas [&hellip;]<\/p>\n","protected":false},"author":51,"featured_media":22723,"comment_status":"closed","ping_status":"closed","sticky":false,"template":"","format":"standard","meta":{"_et_pb_use_builder":"","_et_pb_old_content":"","_et_gb_content_width":"","footnotes":""},"categories":[633,18],"tags":[],"class_list":["post-22721","post","type-post","status-publish","format-standard","has-post-thumbnail","hentry","category-opinion","category-victimas"],"_links":{"self":[{"href":"https:\/\/arcoiris.com.co\/v3\/wp-json\/wp\/v2\/posts\/22721","targetHints":{"allow":["GET"]}}],"collection":[{"href":"https:\/\/arcoiris.com.co\/v3\/wp-json\/wp\/v2\/posts"}],"about":[{"href":"https:\/\/arcoiris.com.co\/v3\/wp-json\/wp\/v2\/types\/post"}],"author":[{"embeddable":true,"href":"https:\/\/arcoiris.com.co\/v3\/wp-json\/wp\/v2\/users\/51"}],"replies":[{"embeddable":true,"href":"https:\/\/arcoiris.com.co\/v3\/wp-json\/wp\/v2\/comments?post=22721"}],"version-history":[{"count":0,"href":"https:\/\/arcoiris.com.co\/v3\/wp-json\/wp\/v2\/posts\/22721\/revisions"}],"wp:featuredmedia":[{"embeddable":true,"href":"https:\/\/arcoiris.com.co\/v3\/wp-json\/wp\/v2\/media\/22723"}],"wp:attachment":[{"href":"https:\/\/arcoiris.com.co\/v3\/wp-json\/wp\/v2\/media?parent=22721"}],"wp:term":[{"taxonomy":"category","embeddable":true,"href":"https:\/\/arcoiris.com.co\/v3\/wp-json\/wp\/v2\/categories?post=22721"},{"taxonomy":"post_tag","embeddable":true,"href":"https:\/\/arcoiris.com.co\/v3\/wp-json\/wp\/v2\/tags?post=22721"}],"curies":[{"name":"wp","href":"https:\/\/api.w.org\/{rel}","templated":true}]}}