{"id":22730,"date":"2018-01-25T15:20:53","date_gmt":"2018-01-25T20:20:53","guid":{"rendered":"https:\/\/arcoiris.com.co\/v3\/?p=22730"},"modified":"2019-08-26T15:05:45","modified_gmt":"2019-08-26T20:05:45","slug":"padre-pachito-o-efrain-aldana-aun-se-preocupa-por-derechos-de-los-cartageneros","status":"publish","type":"post","link":"https:\/\/arcoiris.com.co\/v3\/2018\/01\/padre-pachito-o-efrain-aldana-aun-se-preocupa-por-derechos-de-los-cartageneros\/","title":{"rendered":"\u00a1Padre Pachito o Efrain Aldana aun se preocupa por Derechos de los cartageneros!"},"content":{"rendered":"<div id=\"attachment_22731\" style=\"width: 747px\" class=\"wp-caption aligncenter\"><a href=\"https:\/\/arcoiris.com.co\/v3\/wp-content\/uploads\/2018\/01\/Padre-Pachito-y-Luis-Sanchez.jpg\"><img loading=\"lazy\" decoding=\"async\" aria-describedby=\"caption-attachment-22731\" class=\"wp-image-22731 size-full\" src=\"https:\/\/arcoiris.com.co\/v3\/wp-content\/uploads\/2018\/01\/Padre-Pachito-y-Luis-Sanchez.jpg\" alt=\"\" width=\"737\" height=\"415\" srcset=\"https:\/\/arcoiris.com.co\/v3\/wp-content\/uploads\/2018\/01\/Padre-Pachito-y-Luis-Sanchez.jpg 737w, https:\/\/arcoiris.com.co\/v3\/wp-content\/uploads\/2018\/01\/Padre-Pachito-y-Luis-Sanchez-300x169.jpg 300w, https:\/\/arcoiris.com.co\/v3\/wp-content\/uploads\/2018\/01\/Padre-Pachito-y-Luis-Sanchez-640x360.jpg 640w\" sizes=\"(max-width: 737px) 100vw, 737px\" \/><\/a><p id=\"caption-attachment-22731\" class=\"wp-caption-text\">Foto: Portal El Acontecer<\/p><\/div>\n<p style=\"text-align: justify;\">\u00a1\u00a1El Padre Pachito o Efrain Aldana a\u00fan piensa en LOMA FRESCA!!<\/p>\n<p style=\"text-align: justify;\">Con la venia del Reverendo Efrain Aldana, conocido en el mundo ecum\u00e9nico social y pol\u00edtico como El Padre \u201cPachito\u201d, publico estas fotos tomadas el 9 de enero del presente 2018, para que propios y extra\u00f1os nos regocijemos con la buena nueva de su lenta pero positiva recuperaci\u00f3n, fue una de esas tardes maravillosas que uno no quisiera que se acabaran, llov\u00eda torrencialmente en Medell\u00edn mientras la horas transcurr\u00edan en un di\u00e1logo vigoroso de recuerdos encontrados de su adorada Cartagena:<\/p>\n<p style=\"text-align: justify;\">Pregunt\u00f3 por Loma Fresca, por Bertha, Miguel, Rosiris y todas esas gigantes mujeres que siguen dando vida a su obra, por el \u201cPapi\u201d Caballero zapatero insigne del mercado de Santa Rita, por la cocina exquisita de Mar\u00eda del Carmen Alc\u00e1zar y sus hijas In\u00e9s, Teresa y Carmi\u00f1a, alabando el logro de su hijo Robertico como m\u00e9dico de la U de Cartagena y su hija Paola, recordando que hace un tiempo lo vino a visitar, por Israel y eterno Funsarep, que tanto servicio a prestado a la comunidad, del docente universitario Javier y el homenaje que le piensan hacer pronto en Cartagena, por Ra\u00fal Paniagua y su Rosita del alma, por al padre David que coincidencialmente cumpl\u00eda a\u00f1os ese d\u00eda, por Marilyn y sus hijos, que ya es abuela, por el Centro de Cultura por supuesto, por \u201cchucho\u201d y Nilson, por el perro y por el gato; antes de apretar las manos de Aria Isabel y la m\u00eda, para sacar un suspiro con olor a champeta de lo profundo de su alma.<\/p>\n<p style=\"text-align: justify;\">La casa del Padre Arrupe es un centro de retiro sacerdotal jesuita que actualmente cuenta con 17 sacerdotes gozando de buen retiro, cada uno en su habitaci\u00f3n con ba\u00f1o privado, un equipo m\u00e9dico los acompa\u00f1a permanentemente haciendo de cuidadores integrales, comen a sus horas sanamente, tienen una magn\u00edfica biblioteca a disposici\u00f3n, lo que hace que su vejez transcurra no solo con dignidad sino tambi\u00e9n que puedan seguir siendo \u00fatiles dentro de sus posibilidades, escribiendo, leyendo, dialogando y tertuliando desde la memoria religiosa y la vocaci\u00f3n de servicio construida a lo largo de sus vidas evangelizadora.<\/p>\n<p style=\"text-align: justify;\">Si bien su voz suena entrecortada, algunos recuerdos no son claro, el Gran PACHITO mantiene firme su lucidez y coherencia, su alma pura dejo salir lagrimas de grandeza acompa\u00f1ada por las nuestras en esos momentos rituales, que los recuerdos vividos se confunden con la dulzura del amor y el cari\u00f1o repleto de afecto por los buenos recuerdos. Ojal\u00e1 el homenaje merecido del pueblo cartagenero y sus instituciones se de pronto y en vida, ojal\u00e1 cada amigo, cada disc\u00edpulo, cada creyente de su obra viva, cuando pase por Medell\u00edn lo visite y por qu\u00e9 no organizar una caravana para acompa\u00f1arlo. Te queremos Pacho, te queremos, los derechos humanos que tanto practicaste son la esencia\u00a0 pura del amor sin fin. Bogot\u00e1 noche fr\u00eda del 17 de Enero de 2018.<\/p>\n<p style=\"text-align: justify;\">Por:\u00a0\u00a0Luis S\u00e1nchez Puche<\/p>\n<p style=\"text-align: justify;\">Ver fotos y texto en\u00a0<a href=\"http:\/\/www.elacontecer.co\/padre-pachito-efrain-aldana-aun-se-preocupa-derechos-los-cartageneros\/\" target=\"_blank\" rel=\"noopener noreferrer\"><span style=\"color: #993300;\"><em><strong>El Acontecer<\/strong><\/em><\/span><\/a><\/p>\n","protected":false},"excerpt":{"rendered":"<p>\u00a1\u00a1El Padre Pachito o Efrain Aldana a\u00fan piensa en LOMA FRESCA!! Con la venia del Reverendo Efrain Aldana, conocido en el mundo ecum\u00e9nico social y pol\u00edtico como El Padre \u201cPachito\u201d, publico estas fotos tomadas el 9 de enero del presente 2018, para que propios y extra\u00f1os nos regocijemos con la buena nueva de su lenta [&hellip;]<\/p>\n","protected":false},"author":51,"featured_media":22731,"comment_status":"closed","ping_status":"closed","sticky":false,"template":"","format":"standard","meta":{"_et_pb_use_builder":"","_et_pb_old_content":"","_et_gb_content_width":"","footnotes":""},"categories":[633,18],"tags":[],"class_list":["post-22730","post","type-post","status-publish","format-standard","has-post-thumbnail","hentry","category-opinion","category-victimas"],"_links":{"self":[{"href":"https:\/\/arcoiris.com.co\/v3\/wp-json\/wp\/v2\/posts\/22730","targetHints":{"allow":["GET"]}}],"collection":[{"href":"https:\/\/arcoiris.com.co\/v3\/wp-json\/wp\/v2\/posts"}],"about":[{"href":"https:\/\/arcoiris.com.co\/v3\/wp-json\/wp\/v2\/types\/post"}],"author":[{"embeddable":true,"href":"https:\/\/arcoiris.com.co\/v3\/wp-json\/wp\/v2\/users\/51"}],"replies":[{"embeddable":true,"href":"https:\/\/arcoiris.com.co\/v3\/wp-json\/wp\/v2\/comments?post=22730"}],"version-history":[{"count":0,"href":"https:\/\/arcoiris.com.co\/v3\/wp-json\/wp\/v2\/posts\/22730\/revisions"}],"wp:featuredmedia":[{"embeddable":true,"href":"https:\/\/arcoiris.com.co\/v3\/wp-json\/wp\/v2\/media\/22731"}],"wp:attachment":[{"href":"https:\/\/arcoiris.com.co\/v3\/wp-json\/wp\/v2\/media?parent=22730"}],"wp:term":[{"taxonomy":"category","embeddable":true,"href":"https:\/\/arcoiris.com.co\/v3\/wp-json\/wp\/v2\/categories?post=22730"},{"taxonomy":"post_tag","embeddable":true,"href":"https:\/\/arcoiris.com.co\/v3\/wp-json\/wp\/v2\/tags?post=22730"}],"curies":[{"name":"wp","href":"https:\/\/api.w.org\/{rel}","templated":true}]}}