{"id":22736,"date":"2018-01-26T14:39:35","date_gmt":"2018-01-26T19:39:35","guid":{"rendered":"https:\/\/arcoiris.com.co\/v3\/?p=22736"},"modified":"2019-08-26T15:05:45","modified_gmt":"2019-08-26T20:05:45","slug":"cronicas-del-departamento-de-cordoba","status":"publish","type":"post","link":"https:\/\/arcoiris.com.co\/v3\/2018\/01\/cronicas-del-departamento-de-cordoba\/","title":{"rendered":"Cr\u00f3nicas del departamento de C\u00f3rdoba"},"content":{"rendered":"<p>&nbsp;<\/p>\n<div id=\"attachment_22737\" style=\"width: 645px\" class=\"wp-caption aligncenter\"><a href=\"https:\/\/arcoiris.com.co\/v3\/wp-content\/uploads\/2018\/01\/C\u00f3nica-c\u00f3rdoba.png\"><img loading=\"lazy\" decoding=\"async\" aria-describedby=\"caption-attachment-22737\" class=\"size-full wp-image-22737\" src=\"https:\/\/arcoiris.com.co\/v3\/wp-content\/uploads\/2018\/01\/C\u00f3nica-c\u00f3rdoba.png\" alt=\"\" width=\"635\" height=\"378\" srcset=\"https:\/\/arcoiris.com.co\/v3\/wp-content\/uploads\/2018\/01\/C\u00f3nica-c\u00f3rdoba.png 635w, https:\/\/arcoiris.com.co\/v3\/wp-content\/uploads\/2018\/01\/C\u00f3nica-c\u00f3rdoba-300x179.png 300w\" sizes=\"(max-width: 635px) 100vw, 635px\" \/><\/a><p id=\"caption-attachment-22737\" class=\"wp-caption-text\">Foto: Planch\u00f3n de Valencia y Puente en Construcci\u00f3n &#8211; Foto Heraldo 2017<\/p><\/div>\n<p>Primera Entrega &#8211; Parte I Volver a Valencia<\/p>\n<p style=\"text-align: center;\"><em>\u201cEn una fecha indeterminada, entre abril y diciembre de 1988, un grupo de 50 paramilitares bajo \u00f3rdenes de Fidel Casta\u00f1o, asesin\u00f3 a siete personas en la vereda Las Nubes del municipio de Valencia, C\u00f3rdoba. Los \u201cparas\u201d llegaron a las casas de las v\u00edctimas, las llevaron a otra finca, las amarraron a un \u00e1rbol y las mataron\u00bb. Ver\u00a0<a href=\"http:\/\/rutasdelconflicto.com\/interna.php?masacre=731\" target=\"_blank\" rel=\"noopener noreferrer\"><span style=\"color: #800080;\"><strong>MASACRE DE LAS NUBES<\/strong><\/span><\/a><\/em><\/p>\n<p style=\"text-align: justify;\">Mientras el planch\u00f3n atestado de camiones, carros, motos, vendedores informales y pasajeros cruzaba mansamente las dos orillas del rio Sin\u00fa, que separan los municipios de Tierralta y Valencia en el Alto Sin\u00fa cordob\u00e9s, la imagen dantesca de un cad\u00e1ver arrastrado por la corriente agua abajo, con un golero carro\u00f1ero posado en su vientre tirando fuertemente con su curvo pico hacia arriba para sacar los \u00faltimos residuos de las v\u00edsceras de la v\u00edctima de turno recorr\u00eda mi mente, oblig\u00e1ndome a evocar macabros recuerdos que fueron noticia a finales de los ochenta, noventa y la primera d\u00e9cada del 2000, haciendo parte de la violencia desmedida del conflicto armado que azot\u00f3 el pa\u00eds en general y al departamento de C\u00f3rdoba de manera particular.<\/p>\n<p style=\"text-align: justify;\">Lentamente el planch\u00f3n finalizaba su recorrido mientras miraba de reojo a propios y extra\u00f1os, viendo en cada rostro, un vestigio uniformado de la otrora violencia paramilitar, guerrillera y estatal, que por a\u00f1os fustig\u00f3 estos municipios y sus habitantes, amparada en el conflicto armado que cojeando trata de llegar a su fin, dando paso a la era denominada del postconflicto o fin del conflicto interno, intentando dar paso al post acuerdo, la nueva coyuntura pol\u00edtico militar para una paz duradera y el nunca jam\u00e1s a tan absurdo terror.<\/p>\n<p style=\"text-align: justify;\">Paramilitares o autodefensas se unieron con la fuerza p\u00fablica, gamonales y pol\u00edticos de C\u00f3rdoba y el pa\u00eds para acabar con \u201cla plaga\u201d de obreros, campesinos, sindicalistas, docentes, estudiantes, peque\u00f1os propietarios, colonos, tildados de guerrilleros o simpatizantes de la subversi\u00f3n, por el solo hecho de pensar distinto o simpatizar con uno u otro bando, vestirse diferente, tener una opci\u00f3n sexual distinta, poseer un tierra que alguien deseaba o simplemente para sembrar el terror y acelerar el despojo, dejando entre los municipios de Valencia y Tierralta, cientos de v\u00edctimas vilmente asesinadas y m\u00e1s de 300 mil desplazados en el departamento de C\u00f3rdoba entre 1985 y 2008.<\/p>\n<p style=\"text-align: justify;\">En muchos casos las v\u00edctimas fueron acusadas injustamente por sus propios vecinos o alguien que quer\u00eda congraciarse con los actores armados legales e ilegales, en el peor de los casos fueron \u201cdados de baja en combate\u201d \u2013l\u00e9ase asesinados por las fuerzas armadas o paramilitares \u2013 para luego ser presentados como falsos positivos, los absurdos de la guerra permiten toda clase de atropellos y vej\u00e1menes.<\/p>\n<p style=\"text-align: center;\"><em>Seg\u00fan versiones entregadas dentro del proceso de Justicia y Paz por paramilitares que trabajaban para los hermanos Casta\u00f1o, estas personas fueron acusadas de ser supuestos colaboradores de la guerrilla, pero la verdad se trataba de campesinos dedicados al negocio de las peleas de gallos. Seg\u00fan los ex paramilitares uno de los informantes del grupo se\u00f1al\u00f3 falsamente a decenas de habitantes de Valencia. Los familiares de algunas de las v\u00edctimas tuvieron que salir desplazadas de la zona\u201d.\u00a0Ver\u00a0<a href=\"http:\/\/rutasdelconflicto.com\/interna.php?masacre=731\" target=\"_blank\" rel=\"noopener noreferrer\"><span style=\"color: #800080;\"><strong>MASACRE DE LAS NUBES<\/strong><\/span><\/a><\/em><\/p>\n<p style=\"text-align: justify;\">Volver al Alto Sin\u00fa despu\u00e9s de algunas d\u00e9cadas implica irremediablemente evocar en estas cr\u00f3nicas los tiempos de la cometa, transcurridos felizmente entre los municipios de Tierralta, Valencia y muchos de sus corregimientos como: Tres palmas (corregimiento de Monter\u00eda), Tres Piedras, Volador, El Caramelo, Santa Isabel, Mochila, Vijagual, El Toro, Frasquillo, los Volcanes e incluso San Jos\u00e9 del Ralito, entre otros pueblos y veredas que vieron correr y jugar por su topograf\u00eda, entre risas y juegos de la \u00e9poca toda una generaci\u00f3n de cordobeses que al comp\u00e1s del trompo de madera, la lleva, el caman, el escondido, la libertad, el cog\u00edo, cuatro esquina, que pase el rey, el cocinao, el pap\u00e1 y la mam\u00e1, las mu\u00f1ecas, chistes, cuentos y adivinanzas vieron transcurrir sus vidas plenas de vitalidad y tranquilidad.<\/p>\n<p><em>\u201cPara bailar me pongo la capa, <\/em><br \/>\n<em>pero para poder bailar me quito la capa, <\/em><br \/>\n<em>porque con la capa puesta no puedo bailar\u201d Adivinanza.<\/em><\/p>\n<p>Continuar leyendo en\u00a0<a href=\"https:\/\/arcoiris.com.co\/v3\/wp-content\/uploads\/2018\/01\/CR\u00d3NICAS-DEL-DEPARTAMENTO-DE-C\u00d3RDOBA.pdf\" target=\"_blank\" rel=\"noopener noreferrer\"><span style=\"color: #800080;\"><em><strong>CR\u00d3NICAS DEL DEPARTAMENTO DE C\u00d3RDOBA<\/strong><\/em><\/span><\/a><\/p>\n<p>Por: Luis E. S\u00e1nchez Puche<br \/>\nSoci\u00f3logo.<br \/>\nCorporaci\u00f3n Nuevo Arco Iris<\/p>\n","protected":false},"excerpt":{"rendered":"<p>&nbsp; Primera Entrega &#8211; Parte I Volver a Valencia \u201cEn una fecha indeterminada, entre abril y diciembre de 1988, un grupo de 50 paramilitares bajo \u00f3rdenes de Fidel Casta\u00f1o, asesin\u00f3 a siete personas en la vereda Las Nubes del municipio de Valencia, C\u00f3rdoba. Los \u201cparas\u201d llegaron a las casas de las v\u00edctimas, las llevaron a [&hellip;]<\/p>\n","protected":false},"author":51,"featured_media":22737,"comment_status":"closed","ping_status":"closed","sticky":false,"template":"","format":"standard","meta":{"_et_pb_use_builder":"","_et_pb_old_content":"","_et_gb_content_width":"","footnotes":""},"categories":[18],"tags":[],"class_list":["post-22736","post","type-post","status-publish","format-standard","has-post-thumbnail","hentry","category-victimas"],"_links":{"self":[{"href":"https:\/\/arcoiris.com.co\/v3\/wp-json\/wp\/v2\/posts\/22736","targetHints":{"allow":["GET"]}}],"collection":[{"href":"https:\/\/arcoiris.com.co\/v3\/wp-json\/wp\/v2\/posts"}],"about":[{"href":"https:\/\/arcoiris.com.co\/v3\/wp-json\/wp\/v2\/types\/post"}],"author":[{"embeddable":true,"href":"https:\/\/arcoiris.com.co\/v3\/wp-json\/wp\/v2\/users\/51"}],"replies":[{"embeddable":true,"href":"https:\/\/arcoiris.com.co\/v3\/wp-json\/wp\/v2\/comments?post=22736"}],"version-history":[{"count":0,"href":"https:\/\/arcoiris.com.co\/v3\/wp-json\/wp\/v2\/posts\/22736\/revisions"}],"wp:featuredmedia":[{"embeddable":true,"href":"https:\/\/arcoiris.com.co\/v3\/wp-json\/wp\/v2\/media\/22737"}],"wp:attachment":[{"href":"https:\/\/arcoiris.com.co\/v3\/wp-json\/wp\/v2\/media?parent=22736"}],"wp:term":[{"taxonomy":"category","embeddable":true,"href":"https:\/\/arcoiris.com.co\/v3\/wp-json\/wp\/v2\/categories?post=22736"},{"taxonomy":"post_tag","embeddable":true,"href":"https:\/\/arcoiris.com.co\/v3\/wp-json\/wp\/v2\/tags?post=22736"}],"curies":[{"name":"wp","href":"https:\/\/api.w.org\/{rel}","templated":true}]}}