{"id":22741,"date":"2018-01-29T14:56:07","date_gmt":"2018-01-29T19:56:07","guid":{"rendered":"https:\/\/arcoiris.com.co\/v3\/?p=22741"},"modified":"2019-08-26T15:05:45","modified_gmt":"2019-08-26T20:05:45","slug":"la-esperanza-que-dejo-temistocles-no-la-vamos-a-dejar-morir","status":"publish","type":"post","link":"https:\/\/arcoiris.com.co\/v3\/2018\/01\/la-esperanza-que-dejo-temistocles-no-la-vamos-a-dejar-morir\/","title":{"rendered":"\u2018La esperanza que dej\u00f3 Tem\u00edstocles no la vamos a dejar morir\u2019"},"content":{"rendered":"<div id=\"attachment_22742\" style=\"width: 4282px\" class=\"wp-caption aligncenter\"><a href=\"https:\/\/arcoiris.com.co\/v3\/wp-content\/uploads\/2018\/01\/Tem\u00edstocles-9.jpg\"><img loading=\"lazy\" decoding=\"async\" aria-describedby=\"caption-attachment-22742\" class=\"size-full wp-image-22742\" src=\"https:\/\/arcoiris.com.co\/v3\/wp-content\/uploads\/2018\/01\/Tem\u00edstocles-9.jpg\" alt=\"\" width=\"4272\" height=\"2516\" srcset=\"https:\/\/arcoiris.com.co\/v3\/wp-content\/uploads\/2018\/01\/Tem\u00edstocles-9.jpg 1250w, https:\/\/arcoiris.com.co\/v3\/wp-content\/uploads\/2018\/01\/Tem\u00edstocles-9-300x177.jpg 300w, https:\/\/arcoiris.com.co\/v3\/wp-content\/uploads\/2018\/01\/Tem\u00edstocles-9-768x452.jpg 768w, https:\/\/arcoiris.com.co\/v3\/wp-content\/uploads\/2018\/01\/Tem\u00edstocles-9-640x377.jpg 640w\" sizes=\"(max-width: 4272px) 100vw, 4272px\" \/><\/a><p id=\"caption-attachment-22742\" class=\"wp-caption-text\">Tem\u00edstocles Machado caminando solo en el barrio Isla de la Paz. Fotos: Elizabeth Ot\u00e1lvaro \u2013 Pacifista<\/p><\/div>\n<p style=\"text-align: justify;\">Una estela de silencio cubre las casas del barrio Isla de la Paz, en el oriente de Buenaventura. Con el paso de las horas, las voces de todos los vecinos que conocieron a Tem\u00edstocles Machado se han ido apagando. El asesinato de \u2018Don Temi\u2019, como lo llamaban, era un presagio de lo peor que les podr\u00eda pasar a las comunidades m\u00e1s vulnerables del puerto. Era, en el fondo, un mensaje inminente de despojo, de la continuaci\u00f3n de intimidaciones y amenazas.<\/p>\n<p style=\"text-align: justify;\">Esa sensaci\u00f3n me la describ\u00eda Antonio*, un amigo cercano de Tem\u00edstocles y vecino del barrio Isla de la Paz. \u201cNo es, como lo dicen en los noticieros, el asesinato de un l\u00edder social en Buenaventura. Es m\u00e1s que eso: es una forma de amedrantar a las comunidades para que abandones sus casas. \u00bfQui\u00e9nes quieren esto? Los mismos que amenazaron durante d\u00e9cadas a Tem\u00edstocles y a otros l\u00edderes sociales que defienden el territorio\u201d.<\/p>\n<p style=\"text-align: justify;\">Tem\u00edstocles Machado, quien vivi\u00f3 59 a\u00f1os en los 12 kil\u00f3metros de la Comuna 6, quien desde ni\u00f1o camin\u00f3 por los senderos selv\u00e1ticos de Isla de la Paz de la mano de su padre \u2013el l\u00edder social Juan Evangelista Machado\u2013 quien ayud\u00f3 a levantar las casas de madera, a sembrar chontaduro, a construir canchas para los ni\u00f1os, fue asesinado en la tarde del s\u00e1bado 27 de enero. \u201cEra el \u00fanico que le pod\u00eda contar toda la historia del barrio en un orden cronol\u00f3gico, con documentos, papeles, fotograf\u00edas\u201d, dice Antonio, con una voz que se va quebrantando.<\/p>\n<p style=\"text-align: justify;\">El reporte de la Polic\u00eda de Buenaventura dice que a Tem\u00edstocles Machado lo asesinaron en un parqueadero que \u00e9l administraba, ubicado en la v\u00eda Altera \u2013 Interna de Buenaventura, la misma a la que \u00e9l y otros l\u00edderes sociales se opusieron en 2006 a sus construcci\u00f3n, porque fragmentar\u00eda el barrio, como en efecto sucedi\u00f3. Dos hombres armados le dispararon; dos tiros en el t\u00f3rax y uno en la cabeza. Huyeron en una moto Eco de Lux negra, como dice el informe de la Polic\u00eda. Fue trasladado a la cl\u00ednica Santa Sof\u00eda del Pac\u00edfico, donde lleg\u00f3 sin signos vitales.<\/p>\n<p style=\"text-align: justify;\">Las calles que rodean la cl\u00ednica fueron el escenario de encuentro de muchos l\u00edderes que, como Antonio, conoc\u00edan a don Tem\u00edstocles. \u201cLlegamos pero no pudimos pasar porque llegaron militares a cercar el lugar. Incluso hab\u00eda una tanqueta\u201d, cuenta Antonio, sin sorprenderse. Don Tem\u00edstocles era tambi\u00e9n uno de los l\u00edderes m\u00e1s visibles del Paro C\u00edvico de Buenaventura, el mismo que en mayo de 2017 marc\u00f3 la agenda medi\u00e1tica del pa\u00eds durante 20 d\u00edas. Ese mismo paro que logr\u00f3 que el gobierno se sentara con l\u00edderes como Tem\u00edstocles para resolver problemas de salud, servicios p\u00fablicos, educaci\u00f3n, agricultura\u2026<\/p>\n<p style=\"text-align: justify;\"><strong>\u00bfA qui\u00e9nes incomodaba Tem\u00edstocles Machado? <\/strong><\/p>\n<p style=\"text-align: justify;\">La pregunta es dif\u00edcil de resolver. El mismo Tem\u00edstocles me lo confes\u00f3 hace dos meses, cuando lo visitamos en el barrio Isla de la Paz. En ese momento su obsesi\u00f3n era una cancha de f\u00fatbol. En una noche, de improvisto, hombres desconocidos trataron de destruirla, quitaron el pasto, la llenaron de piedras; quer\u00edan convertirla en un parqueadero para el muelle. \u201cT\u00f3mele foto a la cancha\u201d, me dec\u00eda Tem\u00edstocles orgulloso, despu\u00e9s de recuperarla con los ni\u00f1os del barrio.<\/p>\n<p style=\"text-align: justify;\">El domingo 19 de noviembre de 2017, cuando nos vimos por primera vez, Tem\u00edstocles cont\u00f3 su historia en Radio Conversa, como parte de un proyecto del Instituto Goethe que apuntaba a rescatar la memoria de las comunidades. En una casa de madera que levantaron los investigadores del Instituto junto con la comunidad, se desarroll\u00f3 el programa radial. Tem\u00edstocles habl\u00f3 sobre sus amenazas y, rodeado de ni\u00f1os, les pidi\u00f3 a todos los j\u00f3venes que jugaran en la cancha, que no dejaran que los extra\u00f1os intentaran usurparla de nuevo.<\/p>\n<p style=\"text-align: justify;\">Don Tem\u00edstocles (centro) despu\u00e9s del programa Radio Conversa. Foto: Instituto Goethe Su vida transcurr\u00eda en un presente de diferentes luchas. El mi\u00e9rcoles 24 de enero fue el \u00faltimo d\u00eda en el que Antonio pudo hablar con \u00e9l. \u201cEse d\u00eda lleg\u00f3 de Bogot\u00e1, estaba en un proceso por los litigios de las tierras. A \u00e9l lo asesoran abogados de la Universidad Javeriana y me dijo que la acci\u00f3n popular iba muy bien. \u00c9l lleva 10 a\u00f1os en un litigio por impedir que nos saquen de las casas\u201d. En efecto, Tem\u00edstocles Machado, como vocero del barrio y expresidente de la Junta de Acci\u00f3n Comunal (JAC) de Isla de la Paz, sosten\u00eda una disputa jur\u00eddica con Jairo Arturo Salamando Ochoa, quien asegura ser due\u00f1o del barrio por una sucesi\u00f3n de su abuela, Dolores Salamando. Vecinos del barrio aseguran que Salamando es un intermediario de las multinacionales que quieren asumir el control de la zona, una versi\u00f3n que \u00e9l ha rechazado en m\u00faltiples oportunidades.<\/p>\n<p style=\"text-align: justify;\">\u201cEse mi\u00e9rcoles fue un d\u00eda muy bonito para \u00e9l\u201d, me cuenta Antonio, \u201ctambi\u00e9n logr\u00f3 que en el marco del Paro C\u00edvico se abriera una mesa aut\u00f3noma para hablar sobre el tema de las tierras\u201d. Se queda en silencio, se asoma el llanto: \u201cEl lunes comenzaba a funcionar la mesa, donde el principal vocero ser\u00eda \u2018Don Temi\u2019. \u00c9l era una Biblia, sab\u00eda todo sobre las tierras, sobre toda la historia del barrio. Esto es muy dif\u00edcil para nosotros\u201d.<\/p>\n<p style=\"text-align: justify;\">El lunes 20 de noviembre, cuando nos vimos por segunda vez, Tem\u00edstocles no tuvo que decirme que habitaba ese territorio desde los a\u00f1os setenta. Cuando caminaba por el barrio tomaba atajos, sab\u00eda qui\u00e9n viv\u00eda en cada casa, todos lo saludaban, le hac\u00edan preguntas sobre el paro, sobre los servicios p\u00fablicos que nunca llegaron. \u00c9l tomaba nota. Caminaba tranquilo, confesando que su \u00fanica protecci\u00f3n era Dios, la Biblia, el amor, la solidaridad. Caminaba consciente de que la muerte era un riesgo latente, como si fuera una enfermedad terminal que en cualquier momento lo pod\u00eda devorar. \u201cPor eso es tan importante que mi conocimiento quede en otras generaciones\u201d, dec\u00eda.<\/p>\n<p style=\"text-align: justify;\">Ver en <a href=\"http:\/\/pacifista.co\/la-esperanza-que-dejo-temistcoles-no-la-vamos-a-dejar-morir\/\" target=\"_blank\" rel=\"noopener noreferrer\"><span style=\"color: #008000;\"><em><strong>\u00a1PACIFISTA!<\/strong><\/em><\/span><\/a><\/p>\n","protected":false},"excerpt":{"rendered":"<p>Una estela de silencio cubre las casas del barrio Isla de la Paz, en el oriente de Buenaventura. Con el paso de las horas, las voces de todos los vecinos que conocieron a Tem\u00edstocles Machado se han ido apagando. El asesinato de \u2018Don Temi\u2019, como lo llamaban, era un presagio de lo peor que les [&hellip;]<\/p>\n","protected":false},"author":51,"featured_media":22742,"comment_status":"closed","ping_status":"closed","sticky":false,"template":"","format":"standard","meta":{"_et_pb_use_builder":"","_et_pb_old_content":"","_et_gb_content_width":"","footnotes":""},"categories":[634,18],"tags":[],"class_list":["post-22741","post","type-post","status-publish","format-standard","has-post-thumbnail","hentry","category-construccion-de-paz","category-victimas"],"_links":{"self":[{"href":"https:\/\/arcoiris.com.co\/v3\/wp-json\/wp\/v2\/posts\/22741","targetHints":{"allow":["GET"]}}],"collection":[{"href":"https:\/\/arcoiris.com.co\/v3\/wp-json\/wp\/v2\/posts"}],"about":[{"href":"https:\/\/arcoiris.com.co\/v3\/wp-json\/wp\/v2\/types\/post"}],"author":[{"embeddable":true,"href":"https:\/\/arcoiris.com.co\/v3\/wp-json\/wp\/v2\/users\/51"}],"replies":[{"embeddable":true,"href":"https:\/\/arcoiris.com.co\/v3\/wp-json\/wp\/v2\/comments?post=22741"}],"version-history":[{"count":0,"href":"https:\/\/arcoiris.com.co\/v3\/wp-json\/wp\/v2\/posts\/22741\/revisions"}],"wp:featuredmedia":[{"embeddable":true,"href":"https:\/\/arcoiris.com.co\/v3\/wp-json\/wp\/v2\/media\/22742"}],"wp:attachment":[{"href":"https:\/\/arcoiris.com.co\/v3\/wp-json\/wp\/v2\/media?parent=22741"}],"wp:term":[{"taxonomy":"category","embeddable":true,"href":"https:\/\/arcoiris.com.co\/v3\/wp-json\/wp\/v2\/categories?post=22741"},{"taxonomy":"post_tag","embeddable":true,"href":"https:\/\/arcoiris.com.co\/v3\/wp-json\/wp\/v2\/tags?post=22741"}],"curies":[{"name":"wp","href":"https:\/\/api.w.org\/{rel}","templated":true}]}}