{"id":22745,"date":"2018-01-30T13:58:30","date_gmt":"2018-01-30T18:58:30","guid":{"rendered":"https:\/\/arcoiris.com.co\/v3\/?p=22745"},"modified":"2019-08-26T15:05:45","modified_gmt":"2019-08-26T20:05:45","slug":"un-llamado-de-sensatez-contra-la-violencia-y-por-el-futuro-de-la-paz","status":"publish","type":"post","link":"https:\/\/arcoiris.com.co\/v3\/2018\/01\/un-llamado-de-sensatez-contra-la-violencia-y-por-el-futuro-de-la-paz\/","title":{"rendered":"Un llamado de sensatez contra la violencia y por el futuro de la paz"},"content":{"rendered":"<p style=\"text-align: justify;\"><a href=\"https:\/\/arcoiris.com.co\/v3\/wp-content\/uploads\/2016\/04\/logo_cnai3.jpg\"><img loading=\"lazy\" decoding=\"async\" class=\"aligncenter size-full wp-image-18872\" src=\"https:\/\/arcoiris.com.co\/v3\/wp-content\/uploads\/2016\/04\/logo_cnai3.jpg\" alt=\"\" width=\"427\" height=\"371\" srcset=\"https:\/\/arcoiris.com.co\/v3\/wp-content\/uploads\/2016\/04\/logo_cnai3.jpg 427w, https:\/\/arcoiris.com.co\/v3\/wp-content\/uploads\/2016\/04\/logo_cnai3-300x261.jpg 300w\" sizes=\"(max-width: 427px) 100vw, 427px\" \/><\/a>Ante los \u00faltimos hechos violentos registrados en el pa\u00eds, que desestabilizan la confianza en la paz y aumentan la percepci\u00f3n de inseguridad ciudadana, hacemos un llamado a la sensatez por parte del ELN para que anuncie su disposici\u00f3n de continuar con el cese al fuego bilateral y as\u00ed mismo al Gobierno Nacional a persistir en la salida negociada a este conflicto y no condenar al pa\u00eds a una violencia indeterminada en el tiempo.<\/p>\n<p style=\"text-align: justify;\">Contextualicemos, por un lado el asesinato continuado y sistem\u00e1tico de l\u00edderes sociales, que en los \u00faltimos d\u00edas cobr\u00f3 la vida de Temistocles Machado (Ver\u00a0<a href=\"https:\/\/www.elespectador.com\/noticias\/paz\/asesinan-lider-social-de-buenaventura-articulo-735806\" target=\"_blank\" rel=\"noopener noreferrer\"><span style=\"color: #993300;\"><em><strong>Asesinan a l\u00edder social de Buenaventura<\/strong><\/em><\/span><\/a>) , apreciado dirigente c\u00edvico de Buenaventura y vocero del comit\u00e9 de paro en el puerto del Pac\u00edfico y que eleva esta estad\u00edstica a 7 l\u00edderes asesinados en lo que va corrido del mes de enero, indica el estado de indefensi\u00f3n y vulnerabilidad en que se encuentran los voceros de las organizaciones sociales, de DD.HH y reclamantes de tierras en los territorios, ante la arremetida de estructuras armadas sicariales programadas para sembrar el terror paramilitar mediante asesinatos selectivos en las regiones en las que con mayor fuerza las comunidades le han apostado a la paz, la reconciliaci\u00f3n y la ampliaci\u00f3n de los mecanismos de participaci\u00f3n democr\u00e1tica.<\/p>\n<p style=\"text-align: justify;\">De otro lado la persecuci\u00f3n, estigmatizaci\u00f3n y asesinato del que vienen siendo v\u00edctimas los excombatientes de las FARC o los militantes del nuevo partido pol\u00edtico surgido de los acuerdos de La Habana son otros hechos alarmantes, que de paso pone en duda la eficacia del decreto 895 de 2017 \u201cpor el cual se crea el sistema integral de garant\u00edas de seguridad para el ejercicio de la pol\u00edtica\u201d, expedido por el presidente Santos para brindar garant\u00edas de seguridad a las comunidades y a los integrantes de las FARC en proceso de reincorporaci\u00f3n plena a la vida civil.<\/p>\n<p style=\"text-align: justify;\">En tercer lugar la ruptura del cese al fuego bilateral entre el ELN y el Gobierno Nacional, despu\u00e9s del 09 de enero, ha generado graves hechos de violencia de lado y lado de la mesa de Quito, como los atentados a la infraestructura petrolera y los ataques a miembros del Ej\u00e9rcito Nacional en la regi\u00f3n de Arauca y el Catatumbo por parte del ELN (Ver\u00a0<a href=\"http:\/\/cnnespanol.cnn.com\/2018\/01\/12\/desde-fin-del-cese-del-fuego-eln-ha-perpetrado-mas-de-diez-atentados-segun-mindefensa\/\" target=\"_blank\" rel=\"noopener noreferrer\"><span style=\"color: #993300;\"><em><strong>Desde fin del cese del fuego, ELN ha perpetrado m\u00e1s de diez atentados, seg\u00fan el Ministerio de Defensa)<\/strong><\/em><\/span><\/a>. A la vez en el mismo lapso el Ej\u00e9rcito Nacional ha desarrollo operaciones en contra del ELN, en los que han perdido la vida insurgentes de esta guerrilla en el nordeste Antioque\u00f1o, Casanare y Arauca (1*), a lo que se le suma las denuncias de muerte de civiles, como los ind\u00edgenas asesinados en el departamento de Arauca(2*), por parte de unidades militares, en confusos hechos, sobre los cuales las comunidades ind\u00edgenas han denunciado que se trat\u00f3 de asesinatos extrajudiciales cometidos contra miembros de su comunidad o el reciente asesinato de un guardia ind\u00edgena de la comunidad Embera, en la v\u00eda Medell\u00edn Quibd\u00f3 (Ver<a href=\"https:\/\/www.elespectador.com\/noticias\/nacional\/onic-denuncia-asesinato-de-guardia-indigena-por-parte-del-ejercito-articulo-735799\" target=\"_blank\" rel=\"noopener noreferrer\"><span style=\"color: #993300;\"><em><strong> ONIC denuncia asesinato de guardia ind\u00edgena por parte del Ej\u00e9rcito<\/strong><\/em><\/span><\/a>).<\/p>\n<p style=\"text-align: justify;\">Por \u00faltimo los graves atentados este fin de semana, con explosivos de alto poder, sucedidos en Barranquilla, Soledad y Santa Rosa del Sur en el departamento de Bol\u00edvar, que dej\u00f3 el saldo tr\u00e1gico de 7 polic\u00edas muertos y varios heridos, hechos sobre los cuales hasta el momento no es claro qui\u00e9n es el autor, pues en principio fuentes de la polic\u00eda se\u00f1alaron como responsables a bandas criminales \u201cen retaliaci\u00f3n a la captura de alias Happy\u201d, o como una acci\u00f3n distractora para asaltar un carro de valores (\u2026) en el que perdieron la vida dos (2) guardias de seguridad\u201d (Ver <a href=\"https:\/\/www.elheraldo.co\/judicial\/atentado-es-una-retaliacion-452732\" target=\"_blank\" rel=\"noopener noreferrer\"><span style=\"color: #993300;\"><em><strong>\u201cAtentado es una retaliaci\u00f3n\u201d<\/strong><\/em><\/span><\/a>) o la \u00faltima hip\u00f3tesis en el sentido que el responsable es \u201cel frente urbano nacional del ELN\u201d (Hip\u00f3tesis que al d\u00eda de hoy coge m\u00e1s fuerza a partir de las investigaciones y declaraciones del Gobierno Nacional).<\/p>\n<p style=\"text-align: justify;\">Pues es muy grave que estos sucesos han desembocado en el anuncio del presidente Juan Manuel Santos en el d\u00eda de ayer de \u201csuspender la instalaci\u00f3n del quinto ciclo de conversaciones que estaba prevista para los pr\u00f3ximos d\u00edas, hasta que no vea coherencia por parte del ELN entre sus palabras y sus acciones\u201d; como respuesta a las \u00faltimas acciones violentas atribuidas a esta insurgencia, as\u00ed como la orden a las fuerzas militares de incrementar los operativos para golpear las estructuras de esta organizaci\u00f3n guerrillera en las \u00e1reas donde hacen presencia, aplicando la doctrina RABIN: \u201cse combate el terrorismo con toda contundencia como si no hubiese negociaci\u00f3n de paz, y se negocia como si no hubiese terrorismo\u201d (Ver <a href=\"http:\/\/www.eltiempo.com\/politica\/gobierno\/santos-suspende-ciclo-de-dialogo-con-el-eln-176378\" target=\"_blank\" rel=\"noopener noreferrer\"><span style=\"color: #993300;\"><em><strong>Presidente Santos suspende di\u00e1logos de paz con el Eln<\/strong><\/em><\/span><\/a>). Todo lo anterior en medio de una campa\u00f1a electoral tremendamente polarizada y en donde sin duda hay sectores pol\u00edticos de derecha, interesados en posicionar el discurso del miedo y la mano dura, al m\u00e1s puro estilo de la nefasta pol\u00edtica de la \u201cSeguridad Democr\u00e1tica\u201d como \u00fanica salida para enfrentar la violencia en el pa\u00eds.<\/p>\n<p style=\"text-align: justify;\">La experiencia nos se\u00f1ala que construir la paz requiere constancia, racionalidad y grandeza en los momentos dif\u00edciles, tal como se evidenci\u00f3 en el proceso de paz con las FARC, en el que hubo momentos de crisis que amenazaron su continuidad, sin embargo se mantuvo vigente el mecanismo de negociaci\u00f3n, por encima de las perturbaciones propias del conflicto, por lo tanto y ante el peligro que corre la consolidaci\u00f3n de la paz, por cuenta del posicionamiento de la ret\u00f3rica del odio y el miedo como arma, desde la Corporaci\u00f3n Nuevo Arco Iris, hacemos un llamamiento a rodear la paz como bien supremo de los Colombianos, pedir al ELN escuchar el clamor de la ciudadan\u00eda de pactar un nuevo cese al fuego bilateral y al gobierno nacional profundizar las medidas que permitan la implementaci\u00f3n medular del acuerdo de paz, en especial, garantizar la protecci\u00f3n de las organizaciones defensoras de derechos humanos y la preservaci\u00f3n de la vida de los l\u00edderes sociales y reclamantes de tierras as\u00ed como los integrantes del nuevo movimiento pol\u00edtico FARC.<\/p>\n<p style=\"text-align: justify;\">CORPORACI\u00d3N NUEVO ARCO IRIS<\/p>\n<h5 style=\"text-align: justify;\">(1) Combate entre ELN, Polic\u00eda y Ej\u00e9rcito, en Antioquia deja 5 guerrilleros muertos, dos heridos y cuatro capturados.<\/h5>\n<h5 style=\"text-align: justify;\">(2) Dos hermanos, integrantes de la comunidad ind\u00edgena Julieros, del Pueblo Betoy del municipio de Tame, murieron en confusos hechos tras enfrentamientos entre el Ej\u00e9rcito y el ELN en zona rural de Tame.<\/h5>\n","protected":false},"excerpt":{"rendered":"<p>Ante los \u00faltimos hechos violentos registrados en el pa\u00eds, que desestabilizan la confianza en la paz y aumentan la percepci\u00f3n de inseguridad ciudadana, hacemos un llamado a la sensatez por parte del ELN para que anuncie su disposici\u00f3n de continuar con el cese al fuego bilateral y as\u00ed mismo al Gobierno Nacional a persistir en [&hellip;]<\/p>\n","protected":false},"author":51,"featured_media":0,"comment_status":"closed","ping_status":"closed","sticky":false,"template":"","format":"standard","meta":{"_et_pb_use_builder":"","_et_pb_old_content":"","_et_gb_content_width":"","footnotes":""},"categories":[638,634,633,18],"tags":[],"class_list":["post-22745","post","type-post","status-publish","format-standard","hentry","category-conflictos","category-construccion-de-paz","category-opinion","category-victimas"],"_links":{"self":[{"href":"https:\/\/arcoiris.com.co\/v3\/wp-json\/wp\/v2\/posts\/22745","targetHints":{"allow":["GET"]}}],"collection":[{"href":"https:\/\/arcoiris.com.co\/v3\/wp-json\/wp\/v2\/posts"}],"about":[{"href":"https:\/\/arcoiris.com.co\/v3\/wp-json\/wp\/v2\/types\/post"}],"author":[{"embeddable":true,"href":"https:\/\/arcoiris.com.co\/v3\/wp-json\/wp\/v2\/users\/51"}],"replies":[{"embeddable":true,"href":"https:\/\/arcoiris.com.co\/v3\/wp-json\/wp\/v2\/comments?post=22745"}],"version-history":[{"count":0,"href":"https:\/\/arcoiris.com.co\/v3\/wp-json\/wp\/v2\/posts\/22745\/revisions"}],"wp:attachment":[{"href":"https:\/\/arcoiris.com.co\/v3\/wp-json\/wp\/v2\/media?parent=22745"}],"wp:term":[{"taxonomy":"category","embeddable":true,"href":"https:\/\/arcoiris.com.co\/v3\/wp-json\/wp\/v2\/categories?post=22745"},{"taxonomy":"post_tag","embeddable":true,"href":"https:\/\/arcoiris.com.co\/v3\/wp-json\/wp\/v2\/tags?post=22745"}],"curies":[{"name":"wp","href":"https:\/\/api.w.org\/{rel}","templated":true}]}}