{"id":22752,"date":"2018-01-31T16:01:34","date_gmt":"2018-01-31T21:01:34","guid":{"rendered":"https:\/\/arcoiris.com.co\/v3\/?p=22752"},"modified":"2019-08-26T15:05:45","modified_gmt":"2019-08-26T20:05:45","slug":"farc-exige-a-entes-nacionales-e-internacionales-defender-y-vigilar-los-ddhh-en-colombia","status":"publish","type":"post","link":"https:\/\/arcoiris.com.co\/v3\/2018\/01\/farc-exige-a-entes-nacionales-e-internacionales-defender-y-vigilar-los-ddhh-en-colombia\/","title":{"rendered":"FARC exige a entes nacionales e internacionales defender y vigilar los DDHH en Colombia"},"content":{"rendered":"<p style=\"text-align: justify;\"><a href=\"https:\/\/arcoiris.com.co\/v3\/wp-content\/uploads\/2017\/10\/59a87f4a71a75.jpeg\"><img loading=\"lazy\" decoding=\"async\" class=\"aligncenter wp-image-22270 size-large\" src=\"https:\/\/arcoiris.com.co\/v3\/wp-content\/uploads\/2017\/10\/59a87f4a71a75-640x512.jpeg\" alt=\"\" width=\"620\" height=\"496\" srcset=\"https:\/\/arcoiris.com.co\/v3\/wp-content\/uploads\/2017\/10\/59a87f4a71a75-640x512.jpeg 640w, https:\/\/arcoiris.com.co\/v3\/wp-content\/uploads\/2017\/10\/59a87f4a71a75-300x240.jpeg 300w, https:\/\/arcoiris.com.co\/v3\/wp-content\/uploads\/2017\/10\/59a87f4a71a75-768x614.jpeg 768w, https:\/\/arcoiris.com.co\/v3\/wp-content\/uploads\/2017\/10\/59a87f4a71a75.jpeg 1064w\" sizes=\"(max-width: 620px) 100vw, 620px\" \/><\/a>La Fuerza Alternativa Revolucionaria del Com\u00fan \u2013FARC-, cap\u00edtulo Nari\u00f1o, emite este mi\u00e9rcoles, 31 de enero, una Denuncia P\u00fablica dirigida a la comunidad nacional e internacional en la que hace referencia al \u201chomicidio en contra de integrantes del Partido FARC\u201d en el Municipio de Santa Cruz de Guachav\u00e9z.<\/p>\n<p style=\"text-align: justify;\">El Partido exige en una primera instancia que el Gobierno Nacional adelante \u201clas acciones pertinentes a fin de esclarecer el homicidio de WILLIAM RIVERA, JHOJAN SILVA PAZ Y JOSE LUIS CORTEZ\u201d y adem\u00e1s \u201cse investigue la desaparici\u00f3n de Alex Santa Cruz y se garantice los derechos constitucionales a la vida, la libertad, la seguridad personal, la integridad f\u00edsica y psicol\u00f3gica, la intimidad personal, familiar y su hogar, a la honra y reputaci\u00f3n y al trabajo de los militantes del partido pol\u00edtico Fuerza Alternativa revolucionaria del Com\u00fan-FARC en Nari\u00f1o\u201d.<\/p>\n<p style=\"text-align: justify;\">Por otro lado tanto a la Gobernaci\u00f3n del departamento nari\u00f1ense como a la Defensor\u00eda del Pueblo se les solicita cumplir con su papel de defender los DDHH de todos los colombianos, incluidos los militantes del partido pol\u00edtico ya mencionado. A la comunidad internacional se pide hacer vigilancia con referencia al cumplimiento e implementaci\u00f3n del Acuerdo de Paz de La Habana y, de igual forma, hacer seguimiento a los homicidios registrados anteriormente.<\/p>\n<blockquote>\n<p style=\"text-align: center;\"><strong>EXIGIMOS GARANTIAS POR LA VIDA, LA INTEGRIDAD PERSONAL DE LOS FAMILIARES DE WILLIAM RIVERA, JHOJAN SILVA PAZ Y JOSE LUIS CORTEZ CABEZAS, Y DE LOS DEM\u00c1S INTEGRANTES DEL PARTIDO POL\u00cdTICO FUERZA ALTERNATIVA REVOLUCIONARIA DEL COMUN-FARC EN EL DEPARTAMENTO DE NARI\u00d1O.<\/strong><\/p>\n<\/blockquote>\n<p style=\"text-align: justify;\">Seg\u00fan los hechos el pasado jueves 25 de enero, \u201cun grupo armado identific\u00e1ndose como miembros del ELN, retienen y posteriormente asesinan\u201d a los miembros del Partido y retienen a Alex Santa Cruz, tambi\u00e9n integrante de la FARC, quien al parecer contin\u00faa vivo y de quien se solicita \u201cse respete la vida\u201d.<\/p>\n<p style=\"text-align: justify;\">La denuncia se copia al Presidente de la Rep\u00fablica; Vicepresidente; Ministros de Defensa, Interior, Justicia y del Derecho; al Fiscal General de la Naci\u00f3n, al Procurador General de la Naci\u00f3n y a la Oficina en Colombia del Alto Comisionado de Naciones Unidas para los Derechos Humanos.<\/p>\n<p>Ver\u00a0<span style=\"color: #ff0000;\"><em><strong><a style=\"color: #ff0000;\" href=\"https:\/\/arcoiris.com.co\/v3\/wp-content\/uploads\/2018\/01\/Pronunciamiento-Hechos-Santa-Cruz.pdf\" target=\"_blank\" rel=\"noopener noreferrer\">Pronunciamiento Hechos Santa Cruz<\/a><\/strong><\/em><\/span><\/p>\n","protected":false},"excerpt":{"rendered":"<p>La Fuerza Alternativa Revolucionaria del Com\u00fan \u2013FARC-, cap\u00edtulo Nari\u00f1o, emite este mi\u00e9rcoles, 31 de enero, una Denuncia P\u00fablica dirigida a la comunidad nacional e internacional en la que hace referencia al \u201chomicidio en contra de integrantes del Partido FARC\u201d en el Municipio de Santa Cruz de Guachav\u00e9z. El Partido exige en una primera instancia que [&hellip;]<\/p>\n","protected":false},"author":51,"featured_media":22270,"comment_status":"closed","ping_status":"closed","sticky":false,"template":"","format":"standard","meta":{"_et_pb_use_builder":"","_et_pb_old_content":"","_et_gb_content_width":"","footnotes":""},"categories":[634,18],"tags":[],"class_list":["post-22752","post","type-post","status-publish","format-standard","has-post-thumbnail","hentry","category-construccion-de-paz","category-victimas"],"_links":{"self":[{"href":"https:\/\/arcoiris.com.co\/v3\/wp-json\/wp\/v2\/posts\/22752","targetHints":{"allow":["GET"]}}],"collection":[{"href":"https:\/\/arcoiris.com.co\/v3\/wp-json\/wp\/v2\/posts"}],"about":[{"href":"https:\/\/arcoiris.com.co\/v3\/wp-json\/wp\/v2\/types\/post"}],"author":[{"embeddable":true,"href":"https:\/\/arcoiris.com.co\/v3\/wp-json\/wp\/v2\/users\/51"}],"replies":[{"embeddable":true,"href":"https:\/\/arcoiris.com.co\/v3\/wp-json\/wp\/v2\/comments?post=22752"}],"version-history":[{"count":0,"href":"https:\/\/arcoiris.com.co\/v3\/wp-json\/wp\/v2\/posts\/22752\/revisions"}],"wp:featuredmedia":[{"embeddable":true,"href":"https:\/\/arcoiris.com.co\/v3\/wp-json\/wp\/v2\/media\/22270"}],"wp:attachment":[{"href":"https:\/\/arcoiris.com.co\/v3\/wp-json\/wp\/v2\/media?parent=22752"}],"wp:term":[{"taxonomy":"category","embeddable":true,"href":"https:\/\/arcoiris.com.co\/v3\/wp-json\/wp\/v2\/categories?post=22752"},{"taxonomy":"post_tag","embeddable":true,"href":"https:\/\/arcoiris.com.co\/v3\/wp-json\/wp\/v2\/tags?post=22752"}],"curies":[{"name":"wp","href":"https:\/\/api.w.org\/{rel}","templated":true}]}}