{"id":22761,"date":"2018-02-02T12:35:17","date_gmt":"2018-02-02T17:35:17","guid":{"rendered":"https:\/\/arcoiris.com.co\/v3\/?p=22761"},"modified":"2019-08-26T15:05:44","modified_gmt":"2019-08-26T20:05:44","slug":"un-violento-comienzo-de-ano-para-los-lideres-sociales","status":"publish","type":"post","link":"https:\/\/arcoiris.com.co\/v3\/2018\/02\/un-violento-comienzo-de-ano-para-los-lideres-sociales\/","title":{"rendered":"Un violento comienzo de a\u00f1o para los l\u00edderes sociales"},"content":{"rendered":"<div id=\"attachment_22762\" style=\"width: 610px\" class=\"wp-caption aligncenter\"><a href=\"https:\/\/arcoiris.com.co\/v3\/wp-content\/uploads\/2018\/02\/temistocles-2.jpg\"><img loading=\"lazy\" decoding=\"async\" aria-describedby=\"caption-attachment-22762\" class=\"size-full wp-image-22762\" src=\"https:\/\/arcoiris.com.co\/v3\/wp-content\/uploads\/2018\/02\/temistocles-2.jpg\" alt=\"\" width=\"600\" height=\"410\" srcset=\"https:\/\/arcoiris.com.co\/v3\/wp-content\/uploads\/2018\/02\/temistocles-2.jpg 600w, https:\/\/arcoiris.com.co\/v3\/wp-content\/uploads\/2018\/02\/temistocles-2-300x205.jpg 300w\" sizes=\"(max-width: 600px) 100vw, 600px\" \/><\/a><p id=\"caption-attachment-22762\" class=\"wp-caption-text\">Tem\u00edstocles Machado, l\u00edder social asesinado el s\u00e1bado 27 de enero. \/ Elizabeth Ot\u00e1lvaro para \u00a1Pacifista!<\/p><\/div>\n<p style=\"text-align: justify;\">Seg\u00fan Indepaz, este a\u00f1o han sido asesinados 21 l\u00edderes sociales y defensores de derechos humanos. Este a\u00f1o electoral arranc\u00f3 con una delicada situaci\u00f3n de orden p\u00fablico en las regiones.<\/p>\n<p style=\"text-align: justify;\">Este a\u00f1o empez\u00f3 sin tregua para los defensores de derechos humanos y l\u00edderes sociales del pa\u00eds. La Consultor\u00eda para los Derechos Humanos y Desplazamiento (Codhes) registr\u00f3 tras la muerte de Tem\u00edstocles Machado, en Buenaventura, el pasado 27 de enero. La organizaci\u00f3n Somos Defensores estima que fueron asesinadas 12 personas; la Corporaci\u00f3n Regional para la Defensa de los Derechos Humanos (Credhos) contabiliz\u00f3 18, y, seg\u00fan el Instituto de Estudios para el Desarrollo y la Paz (Indepaz), fueron 21. Los n\u00fameros no coinciden, pero la realidad es la misma: <strong>en Colombia siguen matando a l\u00edderes sociales y defensores de derechos humanos<\/strong>, y poco o nada se sabe de qui\u00e9nes lo est\u00e1n haciendo y con qu\u00e9 prop\u00f3sitos.<\/p>\n<p style=\"text-align: justify;\">Los hechos preocupan cada vez m\u00e1s a las organizaciones sociales y, con las elecciones de Congreso y presidente a la vuelta de la esquina, ser\u00e1n una prueba \u2014hasta ahora fallida\u2014 para medir <strong>la capacidad de respuesta del Estado<\/strong>, teniendo en cuenta el riesgo que estos cr\u00edmenes representan para este sector de la poblaci\u00f3n. El caso del l\u00edder social Tem\u00edstocles Machado se sinti\u00f3 con tal relevancia, que hasta la Fiscal\u00eda anunci\u00f3 que les dar\u00e1 prioridad a las investigaciones sobre lo sucedido, a trav\u00e9s de un equipo de fiscales especializados. Muy pocas veces la Fiscal\u00eda se ha pronunciado de esa forma sobre este tipo de asesinatos.<\/p>\n<p style=\"text-align: justify;\"><a href=\"https:\/\/colombia2020.elespectador.com\/territorio\/gloria-arboleda-otra-lider-valiente-de-buenaventura\" target=\"_blank\" rel=\"noopener noreferrer\"><span style=\"color: #ff0000;\"><em><strong>Lea: Gloria Arboleda, otra l\u00edder valiente de Buenaventura<\/strong><\/em><\/span><\/a><\/p>\n<p style=\"text-align: justify;\">Asociaciones y corporaciones cuestionan algunas medidas que el ente investigador toma para indagar sobre estos homicidios. Iv\u00e1n Madero, presidente de Credhos, asegur\u00f3: \u201cUna de las debilidades que notamos desde la corporaci\u00f3n es que, frente a la <strong>identificaci\u00f3n del agresor<\/strong>, los casos que se presentan en la Fiscal\u00eda terminan asumi\u00e9ndolo como desconocido, porque no se hace relaci\u00f3n con los actores armados que est\u00e1n en el territorio. Adem\u00e1s, cuando esto ocurre, los casos terminan <strong>archivados<\/strong>. Las autoridades tienen que hacer una investigaci\u00f3n exhaustiva, eficaz. Tambi\u00e9n tiene que haber mucha eficiencia por parte del Ministerio P\u00fablico para que no se archiven\u201d.<\/p>\n<p style=\"text-align: justify;\">La corporaci\u00f3n Credhos asegur\u00f3 que el a\u00f1o pasado no registr\u00f3 ning\u00fan asesinato en el Magdalena Medio y que este enero ya se cometieron dos. La situaci\u00f3n no es f\u00e1cil, confirma Roc\u00edo Campos, l\u00edder comunitaria asociada al Movimiento Nacional de V\u00edctimas de Cr\u00edmenes de Estado (Movice), quien habl\u00f3 con este diario de la dif\u00edcil vida cotidiana que viven las comunas de Barrancabermeja: \u201cTuvimos que crear rutas de <strong>autoprotecci\u00f3n<\/strong> porque ya no podemos transitar por los mismos lugares, cambiarnos de los sitios donde vivimos\u201d. Ella misma fue atacada por dos sicarios en 2016 en Barranca mientras se mov\u00eda en su moto.<\/p>\n<p style=\"text-align: justify;\">Seg\u00fan Campos, en el municipio los l\u00edderes no cuentan con esquemas de seguridad. Aunque, a veces, esos esquemas tampoco sirven de a mucho. Martha Giraldo, otra l\u00edder social del Movice en el Valle del Cauca, se\u00f1ala que, a pesar de contar con protecci\u00f3n, la zozobra y el temor con los que vive un defensor de derechos humanos o l\u00edder social en Colombia, como ella, es constante. \u201cEl asesinato de Tem\u00edstocles es muy preocupante, porque \u00e9l estaba amenazado desde hace varios a\u00f1os, se ven\u00edan denunciando las amenazas y <strong>no se hizo nada<\/strong>, hasta que efectivamente lo mataron\u201d.<\/p>\n<p style=\"text-align: justify;\"><a href=\"https:\/\/colombia2020.elespectador.com\/pais\/para-no-olvidar-rostros-de-lideres-sociales-asesinados-en-2017\" target=\"_blank\" rel=\"noopener noreferrer\"><span style=\"color: #ff0000;\"><em><strong>En fotos: Para no olvidar: Rostros de l\u00edderes sociales asesinados en 2017<\/strong><\/em><\/span><\/a><\/p>\n<p style=\"text-align: justify;\">La situaci\u00f3n en ese departamento ha sido complicada este a\u00f1o. Giraldo cuenta: \u201cEl 15 de enero lleg\u00f3 un panfleto a la Central Unitaria de Trabajadores de la sede Valle del Cauca y ah\u00ed amenazaban a l\u00edderes y a diferentes organizaciones. Las amenazas han sido persistentes hace ya varios a\u00f1os. El panfleto ten\u00eda unas caracter\u00edsticas bien particulares, porque hablan normalmente de asesinar, pero en ese hablaban de <strong>desaparecer a las personas<\/strong>. Eso es complejo, porque es un crimen en el cual (se cree que) \u2018sin cuerpo no hay delito\u2019. Y el Estado colombiano no tiene los mecanismos que posibiliten la b\u00fasqueda de los desaparecidos\u201d. Seg\u00fan Giraldo, la denuncia se present\u00f3 a la Fiscal\u00eda y hasta la fecha no ha habido respuesta.<\/p>\n<p style=\"text-align: justify;\">Carlos Guevara, vocero de la organizaci\u00f3n Somos Defensores, le dijo a <strong>El Espectador<\/strong> que, de acuerdo con sus registros, los departamentos donde se han ejecutado m\u00e1s homicidios desde 2017 son Antioquia, Cauca, Valle del Cauca, Nari\u00f1o y Norte de Santander, con un aumento considerable en Choc\u00f3 y Cesar. \u201cPensamos que pasando 2017 la cosa iba a ponerse m\u00e1s tranquila, pero parece que en tanto nos acerquemos a las elecciones esto se va a poner <strong>cada vez peor<\/strong>\u201d. En este contexto, el procurador Fernando Carrillo anunci\u00f3 que el Ministerio P\u00fablico \u201cradicar\u00e1 una acci\u00f3n popular para que haya una pol\u00edtica p\u00fablica de defensa a l\u00edderes de derechos humanos\u201d.<\/p>\n<p style=\"text-align: justify;\">En las \u00faltimas cifras publicadas por la Fiscal\u00eda se registran <strong>101 homicidios contra defensores de derechos humanos, l\u00edderes sociales, pol\u00edticos y comunales entre 2017 y lo que va del a\u00f1o<\/strong>. Las organizaciones sociales hablan de m\u00e1s v\u00edctimas. En diciembre pasado el ministro de Defensa, Luis Carlos Villegas, asegur\u00f3 que la \u201cgran mayor\u00eda\u201d de estos cr\u00edmenes \u201cson fruto de un tema de linderos, de un tema de faltas, de peleas por rentas il\u00edcitas\u201d. Los reclamos y las permanentes denuncias de los l\u00edderes, que empezaron este a\u00f1o igual que el anterior, temiendo por su vida, siguen chocando con esas declaraciones.<\/p>\n<p><a href=\"https:\/\/arcoiris.com.co\/v3\/wp-content\/uploads\/2018\/02\/lideresasesinados_0.jpg\"><img loading=\"lazy\" decoding=\"async\" class=\"aligncenter size-full wp-image-22763\" src=\"https:\/\/arcoiris.com.co\/v3\/wp-content\/uploads\/2018\/02\/lideresasesinados_0.jpg\" alt=\"\" width=\"638\" height=\"3214\" srcset=\"https:\/\/arcoiris.com.co\/v3\/wp-content\/uploads\/2018\/02\/lideresasesinados_0.jpg 169w, https:\/\/arcoiris.com.co\/v3\/wp-content\/uploads\/2018\/02\/lideresasesinados_0-127x640.jpg 127w\" sizes=\"(max-width: 638px) 100vw, 638px\" \/><\/a><\/p>\n<p>Ver en <a href=\"https:\/\/colombia2020.elespectador.com\/pais\/un-violento-comienzo-de-ano-para-los-lideres-sociales\" target=\"_blank\" rel=\"noopener noreferrer\"><span style=\"color: #ff0000;\"><em><strong>El Espectador<\/strong><\/em><\/span><\/a><\/p>\n","protected":false},"excerpt":{"rendered":"<p>Seg\u00fan Indepaz, este a\u00f1o han sido asesinados 21 l\u00edderes sociales y defensores de derechos humanos. Este a\u00f1o electoral arranc\u00f3 con una delicada situaci\u00f3n de orden p\u00fablico en las regiones. Este a\u00f1o empez\u00f3 sin tregua para los defensores de derechos humanos y l\u00edderes sociales del pa\u00eds. La Consultor\u00eda para los Derechos Humanos y Desplazamiento (Codhes) registr\u00f3 [&hellip;]<\/p>\n","protected":false},"author":51,"featured_media":22762,"comment_status":"closed","ping_status":"closed","sticky":false,"template":"","format":"standard","meta":{"_et_pb_use_builder":"","_et_pb_old_content":"","_et_gb_content_width":"","footnotes":""},"categories":[18],"tags":[],"class_list":["post-22761","post","type-post","status-publish","format-standard","has-post-thumbnail","hentry","category-victimas"],"_links":{"self":[{"href":"https:\/\/arcoiris.com.co\/v3\/wp-json\/wp\/v2\/posts\/22761","targetHints":{"allow":["GET"]}}],"collection":[{"href":"https:\/\/arcoiris.com.co\/v3\/wp-json\/wp\/v2\/posts"}],"about":[{"href":"https:\/\/arcoiris.com.co\/v3\/wp-json\/wp\/v2\/types\/post"}],"author":[{"embeddable":true,"href":"https:\/\/arcoiris.com.co\/v3\/wp-json\/wp\/v2\/users\/51"}],"replies":[{"embeddable":true,"href":"https:\/\/arcoiris.com.co\/v3\/wp-json\/wp\/v2\/comments?post=22761"}],"version-history":[{"count":0,"href":"https:\/\/arcoiris.com.co\/v3\/wp-json\/wp\/v2\/posts\/22761\/revisions"}],"wp:featuredmedia":[{"embeddable":true,"href":"https:\/\/arcoiris.com.co\/v3\/wp-json\/wp\/v2\/media\/22762"}],"wp:attachment":[{"href":"https:\/\/arcoiris.com.co\/v3\/wp-json\/wp\/v2\/media?parent=22761"}],"wp:term":[{"taxonomy":"category","embeddable":true,"href":"https:\/\/arcoiris.com.co\/v3\/wp-json\/wp\/v2\/categories?post=22761"},{"taxonomy":"post_tag","embeddable":true,"href":"https:\/\/arcoiris.com.co\/v3\/wp-json\/wp\/v2\/tags?post=22761"}],"curies":[{"name":"wp","href":"https:\/\/api.w.org\/{rel}","templated":true}]}}