{"id":22766,"date":"2018-02-06T15:24:37","date_gmt":"2018-02-06T20:24:37","guid":{"rendered":"https:\/\/arcoiris.com.co\/v3\/?p=22766"},"modified":"2019-08-26T15:05:44","modified_gmt":"2019-08-26T20:05:44","slug":"compulsan-copias-contra-alvaro-uribe-velez-por-dos-masacres-en-antioquia","status":"publish","type":"post","link":"https:\/\/arcoiris.com.co\/v3\/2018\/02\/compulsan-copias-contra-alvaro-uribe-velez-por-dos-masacres-en-antioquia\/","title":{"rendered":"Compulsan copias contra \u00c1lvaro Uribe V\u00e9lez por dos masacres en Antioquia"},"content":{"rendered":"<div id=\"attachment_22767\" style=\"width: 755px\" class=\"wp-caption aligncenter\"><a href=\"https:\/\/arcoiris.com.co\/v3\/wp-content\/uploads\/2018\/02\/uribe-princeton-contagioradio.jpg\"><img loading=\"lazy\" decoding=\"async\" aria-describedby=\"caption-attachment-22767\" class=\"size-full wp-image-22767\" src=\"https:\/\/arcoiris.com.co\/v3\/wp-content\/uploads\/2018\/02\/uribe-princeton-contagioradio.jpg\" alt=\"\" width=\"745\" height=\"596\" srcset=\"https:\/\/arcoiris.com.co\/v3\/wp-content\/uploads\/2018\/02\/uribe-princeton-contagioradio.jpg 745w, https:\/\/arcoiris.com.co\/v3\/wp-content\/uploads\/2018\/02\/uribe-princeton-contagioradio-300x240.jpg 300w, https:\/\/arcoiris.com.co\/v3\/wp-content\/uploads\/2018\/02\/uribe-princeton-contagioradio-640x512.jpg 640w\" sizes=\"(max-width: 745px) 100vw, 745px\" \/><\/a><p id=\"caption-attachment-22767\" class=\"wp-caption-text\">Foto: miaminewtimes.com<\/p><\/div>\n<p style=\"text-align: justify;\">Seg\u00fan ha conocido el peri\u00f3dico <em>El Tiempo<\/em>, una sentencia del Tribunal Superior de Medell\u00edn, ha compulsado copias contra el expresidente y hoy senador \u00c1lvaro Uribe V\u00e9lez, por las mascres de El Aro y La Granja y adem\u00e1s por el asesinato del defensor de Derechos Humanos, Jes\u00fas Mar\u00eda Valle, en la \u00e9poca en que Uribe fue gobernador de Antioquia.<\/p>\n<p style=\"text-align: justify;\">\u201cExisten suficientes elementos de juicio conforme a lo expresado en esa decisi\u00f3n, que <strong>probablemente comprometen la responsabilidad penal de varias personas como el gobernador de Antioquia de ese entonces \u00c1lvaro Uribe V\u00e9lez\u201d<\/strong>, dice la sentencia a la cual tuvo acceso ese medio.<\/p>\n<p style=\"text-align: justify;\">Cabe recordar que en anteriores ocasiones se ha asegurado que cuando Uribe fue gobernador recibi\u00f3 denuncias por parte de organizaciones de derechos humanos sobre la proliferaci\u00f3n de grupos paramilitares en la zona de El Aro, sin embargo, el gobernador no habr\u00eda acatado las advertencias y por el contrario \u00ab<strong>Los paramilitares estaban a sus anchas en Antioquia, luego de la promoci\u00f3n de las empresas Convivir<\/strong>\u00ab, como lo ha denunciado el congresista Iv\u00e1n Cepeda.<\/p>\n<p style=\"text-align: justify;\">De hecho, la sentencia del Tribunal Superior de Medell\u00edn indica que \u00abEl solo hecho de que las Fuerzas Militares permitieran su funcionamiento (de los paramilitares), de no combatirlos, como era su deber legal y constitucional, es indicador de su compromiso con esas organizaciones ilegales, y por supuesto de los actos y conductas punibles cometidas, <strong>igual ocurre con la gobernaci\u00f3n de Antioquia y sus funcionarios de m\u00e1s alto rango, ellos patrocinaron las Convivir que fue el apoyo de los particulares a las Autodefensas<\/strong>, es decir ayudaron con sus actuaciones positivas o negativas, permitieron y patrocinaron el desarrollo de tales organizaciones y de los delitos que ellos cometieron. Ello se tiene que investigar y juzgar\u00bb.<\/p>\n<p style=\"text-align: justify;\"><strong>LAS MASACRES<br \/>\n<\/strong><br \/>\nLa masacre de El Aro, ocurri\u00f3 en 1997 el 22 de octubre. Seg\u00fan la Comisi\u00f3n Interamericana de DDHH, en ese hecho fueron asesinadas 15 personas. Declaraciones del paramilitar Francisco Barreto, tambi\u00e9n asesinado, afirman que el gobernador de Antioquia, es decir <strong>Uribe V\u00e9lez, habr\u00eda usado un helic\u00f3ptero de la gobernaci\u00f3n en medio de la masacre y la habr\u00eda corroborado personalmente<\/strong>.<\/p>\n<p style=\"text-align: justify;\">La masacre de La Granja, sucedi\u00f3 el 11 de junio de 1996 cuando las Autodefensas Campesinas de C\u00f3rdoba y Urab\u00e1, Accu, asesinaron a cinco personas en el corregimiento La Granja, en el municipio de Ituango. Ese d\u00eda, los paramilitares mantuvieron encerrados a los habitantes, los acusaron de ser auxiliadores de la guerrilla y los torturaron y asesinaron delante de sus vecinos y familiares.<\/p>\n<p style=\"text-align: justify;\">Por su parte el defensor de Derechos Humanos, Jes\u00fas Mar\u00eda Valle en Antioquia fue asesinado el 27 de febrero de 1998 cuando fue baleado en su oficina en el cuarto piso del edificio Col\u00f3n en el centro de Medell\u00edn. El abogado hab\u00eda denunciado la colaboraci\u00f3n de militares de la IV Brigada en las masacres de El Aro y La Granja. La misma semana de su asesinato, Valle hab\u00eda rendido versi\u00f3n libre en el proceso por injuria y calumnia que en su contra iniciaron miembros del Ej\u00e9rcito por estas mismas denuncias.<\/p>\n<p style=\"text-align: justify;\">El 11 de junio de 1996 en una entrevista del peri\u00f3dico El Colombiano, Valle asegur\u00f3 \u00bb<strong>Le ped\u00ed al gobernador y al comandante de la tercera Brigada que protegiera la poblaci\u00f3n civil de mi pueblo, porque de septiembre a hoy han muerto m\u00e1s de 150 personas<\/strong>\u00bb. En ese entonces el gobernador que era Uribe V\u00e9lez, se\u00f1al\u00f3 al abogado como enemigo de las fuerzas armadas, y fue denunciado por calumnia.<\/p>\n<p style=\"text-align: justify;\">Cabe recordar desde Miami \u00abDon Berna\u00bb hab\u00eda declarado sobre el crimen del humorista Jaime Garz\u00f3n, del defensor de derechos humanos Eduardo Uma\u00f1a, el crimen de Jes\u00fas Mar\u00eda valle, abogado defensor de Derechos Humanos, y Francisco Villalba testigo de la masacre del Aro. \u00abDon Berna\u00bb aseguraba que estos <strong>asesinatos ten\u00edan un modus operandi en donde las ordenes ven\u00edan desde las altas esferas, luego estas contactaban con las Autodefensas quienes planeaban el crimen<\/strong> y miembros de la banda \u201cLa Terraza\u201d ejecutaban estas \u00f3rdenes.<\/p>\n<p style=\"text-align: justify;\"><strong>LOS MILITARES IMPLICADOS<br \/>\n<\/strong><br \/>\nDe acuerdo con la sentencia a la que ha tenido acceso El Tiempo, las compulsas de copias tambi\u00e9n aparecen el general Carlos Alberto Ospina, el coronel Germ\u00e1n Morantes Hern\u00e1ndez, el mayor Emiro Barrios, la oficial Aurora Bonilla, los tenientes Cristian Arias y Everardo Bola\u00f1os Galindo y el agente de la Polic\u00eda, Carlos Emilio Ga\u00f1\u00e1n S\u00e1nchez.<\/p>\n<p style=\"text-align: justify;\">En Desarrollo&#8230;<\/p>\n<p>Ver en <a href=\"http:\/\/www.contagioradio.com\/alvaro_uribe_investigacion_masacres_antioquia_paramilitarismo-articulo-51231\/\" target=\"_blank\" rel=\"noopener noreferrer\"><span style=\"color: #008080;\"><em><strong>Contagio Radio<\/strong><\/em><\/span><\/a><\/p>\n","protected":false},"excerpt":{"rendered":"<p>Seg\u00fan ha conocido el peri\u00f3dico El Tiempo, una sentencia del Tribunal Superior de Medell\u00edn, ha compulsado copias contra el expresidente y hoy senador \u00c1lvaro Uribe V\u00e9lez, por las mascres de El Aro y La Granja y adem\u00e1s por el asesinato del defensor de Derechos Humanos, Jes\u00fas Mar\u00eda Valle, en la \u00e9poca en que Uribe fue [&hellip;]<\/p>\n","protected":false},"author":51,"featured_media":22767,"comment_status":"closed","ping_status":"closed","sticky":false,"template":"","format":"standard","meta":{"_et_pb_use_builder":"","_et_pb_old_content":"","_et_gb_content_width":"","footnotes":""},"categories":[638,18],"tags":[],"class_list":["post-22766","post","type-post","status-publish","format-standard","has-post-thumbnail","hentry","category-conflictos","category-victimas"],"_links":{"self":[{"href":"https:\/\/arcoiris.com.co\/v3\/wp-json\/wp\/v2\/posts\/22766","targetHints":{"allow":["GET"]}}],"collection":[{"href":"https:\/\/arcoiris.com.co\/v3\/wp-json\/wp\/v2\/posts"}],"about":[{"href":"https:\/\/arcoiris.com.co\/v3\/wp-json\/wp\/v2\/types\/post"}],"author":[{"embeddable":true,"href":"https:\/\/arcoiris.com.co\/v3\/wp-json\/wp\/v2\/users\/51"}],"replies":[{"embeddable":true,"href":"https:\/\/arcoiris.com.co\/v3\/wp-json\/wp\/v2\/comments?post=22766"}],"version-history":[{"count":0,"href":"https:\/\/arcoiris.com.co\/v3\/wp-json\/wp\/v2\/posts\/22766\/revisions"}],"wp:featuredmedia":[{"embeddable":true,"href":"https:\/\/arcoiris.com.co\/v3\/wp-json\/wp\/v2\/media\/22767"}],"wp:attachment":[{"href":"https:\/\/arcoiris.com.co\/v3\/wp-json\/wp\/v2\/media?parent=22766"}],"wp:term":[{"taxonomy":"category","embeddable":true,"href":"https:\/\/arcoiris.com.co\/v3\/wp-json\/wp\/v2\/categories?post=22766"},{"taxonomy":"post_tag","embeddable":true,"href":"https:\/\/arcoiris.com.co\/v3\/wp-json\/wp\/v2\/tags?post=22766"}],"curies":[{"name":"wp","href":"https:\/\/api.w.org\/{rel}","templated":true}]}}