{"id":22778,"date":"2018-02-16T14:53:09","date_gmt":"2018-02-16T19:53:09","guid":{"rendered":"https:\/\/arcoiris.com.co\/v3\/?p=22778"},"modified":"2019-08-26T15:05:44","modified_gmt":"2019-08-26T20:05:44","slug":"el-fantasma-del-fanatismo-fundamentalista-en-monteria","status":"publish","type":"post","link":"https:\/\/arcoiris.com.co\/v3\/2018\/02\/el-fantasma-del-fanatismo-fundamentalista-en-monteria\/","title":{"rendered":"El fantasma del fanatismo fundamentalista en Monter\u00eda"},"content":{"rendered":"<p style=\"text-align: justify;\">As\u00ed como van las cosas en el pa\u00eds se podr\u00eda desatar un nuevo periodo de violencia como consecuencia del fanatismo pol\u00edtico estimulado por lo que ahora se ha dado en denominar como \u201cextrema derecha\u201d, que no es otra cosa que la mutaci\u00f3n ideol\u00f3gica del fen\u00f3meno paramilitar.<\/p>\n<p style=\"text-align: justify;\">Lo vivido en Monter\u00eda hace una semana, con la agresi\u00f3n verbal y hasta f\u00edsica a colegas periodistas y a la candidata por la UP a la c\u00e1mara de representantes, Liney Paternina, es una advertencia de que se est\u00e1 gestando un fanatismo fundamentalista, en contra de toda otra expresi\u00f3n pol\u00edtica y democr\u00e1tica distinta a la de la casta que por a\u00f1os ha gobernado a este pa\u00eds.<\/p>\n<p style=\"text-align: justify;\">La oportuna presencia de la polic\u00eda en la calle 27 con primera, por fortuna, impidi\u00f3 que se configurara plenamente una agresi\u00f3n que pudo incluso tener costo de vidas humanas. En ese escenario se lleg\u00f3 a tener conocimiento, incluso, de la presencia de personas armadas y hasta de un francotirador apostado en un edificio ubicado en esa \u00e1rea. La agresi\u00f3n a la prensa tambi\u00e9n es una demostraci\u00f3n de que los violentos de la \u201cextrema derecha\u201d est\u00e1n dispuestos a atentar contra el leg\u00edtimo y constitucional derecho de informar.<\/p>\n<p style=\"text-align: justify;\">La nueva estrategia utilizada por estos fan\u00e1ticos no visibiliza a los verdaderos autores intelectuales, pero de acuerdo a lo que se dio horas antes y se visibiliz\u00f3 en el escenario, el modelo para estimular y generar esta nueva violencia se inicia en las redes sociales con todo tipo de insultos y lenguaje de alcantarilla y sin argumentos. Se trata de un modelo mental que estimula, a trav\u00e9s de Internet, el fanatismo mediante el empleo de la propaganda negra, funcionalista, doctrinaria y direccionada sistem\u00e1ticamente, cuyo prop\u00f3sito es alienar y producir odio, en el imaginario colectivo, hacia cualquier forma distinta de pensar; todo esto aprovechando los bajos niveles de educaci\u00f3n en un amplio sector de la poblaci\u00f3n, especialmente de sectores pobres, de l\u00edderes y personas que viven incluso en la miseria, para azuzarlos en contra de quienes consideran sus enemigos. Para crear enemistad y generar odio entre la misma sociedad.<\/p>\n<p style=\"text-align: justify;\">De modo que esta que se est\u00e1 gestando ser\u00e1 un violencia tambi\u00e9n medi\u00e1tica, con un modelo funcional, distinta a la que enfrent\u00f3 a liberales y conservadores a mediados del siglo pasado, en la que \u201cchulavita\u201d se enfrentaban a los \u201cp\u00e1jaros\u201d. Pero aun as\u00ed los resultados ser\u00edan igual de desastrosos, con agresiones f\u00edsicas que podr\u00edan terminar en asesinatos por alineamiento y alienaci\u00f3n pol\u00edtica, y hasta con destrucci\u00f3n de la propiedad privada que los mismos impulsadores de estos actos violentos dicen defender.<\/p>\n<p style=\"text-align: justify;\">Lo grave es que se est\u00e1n aprovechando a l\u00edderes populares para generar el caos con consignas de rechazo a las amenazas de un supuesto \u201ccastrochavismo\u201d inexistente como proyecto pol\u00edtico, ni como forma de gobierno.<\/p>\n<p style=\"text-align: justify;\">La \u201cextrema derecha\u201d ahora ve en las pr\u00f3ximas elecciones una amenaza para su propia existencia y prefieren acudir al pueblo para que los liberen del peligro de ver triunfadores a quienes por m\u00e1s de dos siglos se les ha negado la posibilidad de gobernar el pa\u00eds. Y para evitarlo acuden a estimular el fanatismo pol\u00edtico, el fundamentalismo alienante, en un sector de la sociedad incapaz de tomar decisiones por s\u00ed mismo. Lo ocurrido en Monter\u00eda hace una semana con la agresi\u00f3n a un grupo de periodistas y a la aspirante a la c\u00e1mara Liney Paternina es una demostraci\u00f3n de ello. Le toca a la sociedad civil pronunciarse y condenar estas acciones violentas que van en contra de la verdadera democracia. Lo contrario ser\u00eda aceptarlas como leg\u00edtimas, en un pa\u00eds que reclama, con dolores de parto, nuevos modelos y formas de convivencia.<\/p>\n<p style=\"text-align: justify;\"><em>Por\u00a0Ramiro Guzm\u00e1n Arteaga<\/em><br \/>\n<em>Comunicador social periodista, Mg en educaci\u00f3n y profesor universitario<\/em><\/p>\n","protected":false},"excerpt":{"rendered":"<p>As\u00ed como van las cosas en el pa\u00eds se podr\u00eda desatar un nuevo periodo de violencia como consecuencia del fanatismo pol\u00edtico estimulado por lo que ahora se ha dado en denominar como \u201cextrema derecha\u201d, que no es otra cosa que la mutaci\u00f3n ideol\u00f3gica del fen\u00f3meno paramilitar. Lo vivido en Monter\u00eda hace una semana, con la [&hellip;]<\/p>\n","protected":false},"author":51,"featured_media":22692,"comment_status":"closed","ping_status":"closed","sticky":false,"template":"","format":"standard","meta":{"_et_pb_use_builder":"","_et_pb_old_content":"","_et_gb_content_width":"","footnotes":""},"categories":[32,5,38,15],"tags":[],"class_list":["post-22778","post","type-post","status-publish","format-standard","has-post-thumbnail","hentry","category-columnistas","category-comunidad","category-elecciones","category-politica"],"_links":{"self":[{"href":"https:\/\/arcoiris.com.co\/v3\/wp-json\/wp\/v2\/posts\/22778","targetHints":{"allow":["GET"]}}],"collection":[{"href":"https:\/\/arcoiris.com.co\/v3\/wp-json\/wp\/v2\/posts"}],"about":[{"href":"https:\/\/arcoiris.com.co\/v3\/wp-json\/wp\/v2\/types\/post"}],"author":[{"embeddable":true,"href":"https:\/\/arcoiris.com.co\/v3\/wp-json\/wp\/v2\/users\/51"}],"replies":[{"embeddable":true,"href":"https:\/\/arcoiris.com.co\/v3\/wp-json\/wp\/v2\/comments?post=22778"}],"version-history":[{"count":0,"href":"https:\/\/arcoiris.com.co\/v3\/wp-json\/wp\/v2\/posts\/22778\/revisions"}],"wp:featuredmedia":[{"embeddable":true,"href":"https:\/\/arcoiris.com.co\/v3\/wp-json\/wp\/v2\/media\/22692"}],"wp:attachment":[{"href":"https:\/\/arcoiris.com.co\/v3\/wp-json\/wp\/v2\/media?parent=22778"}],"wp:term":[{"taxonomy":"category","embeddable":true,"href":"https:\/\/arcoiris.com.co\/v3\/wp-json\/wp\/v2\/categories?post=22778"},{"taxonomy":"post_tag","embeddable":true,"href":"https:\/\/arcoiris.com.co\/v3\/wp-json\/wp\/v2\/tags?post=22778"}],"curies":[{"name":"wp","href":"https:\/\/api.w.org\/{rel}","templated":true}]}}