{"id":22781,"date":"2018-02-20T13:16:14","date_gmt":"2018-02-20T18:16:14","guid":{"rendered":"https:\/\/arcoiris.com.co\/v3\/?p=22781"},"modified":"2019-08-26T15:05:44","modified_gmt":"2019-08-26T20:05:44","slug":"eln-en-el-pacifico-una-pesada-carga-una-dura-herencia","status":"publish","type":"post","link":"https:\/\/arcoiris.com.co\/v3\/2018\/02\/eln-en-el-pacifico-una-pesada-carga-una-dura-herencia\/","title":{"rendered":"ELN en el pac\u00edfico, una pesada carga, una dura herencia"},"content":{"rendered":"<div id=\"attachment_22782\" style=\"width: 760px\" class=\"wp-caption aligncenter\"><a href=\"https:\/\/arcoiris.com.co\/v3\/wp-content\/uploads\/2018\/02\/altobaudoeln.jpg\"><img loading=\"lazy\" decoding=\"async\" aria-describedby=\"caption-attachment-22782\" class=\"size-full wp-image-22782\" src=\"https:\/\/arcoiris.com.co\/v3\/wp-content\/uploads\/2018\/02\/altobaudoeln.jpg\" alt=\"\" width=\"750\" height=\"420\" srcset=\"https:\/\/arcoiris.com.co\/v3\/wp-content\/uploads\/2018\/02\/altobaudoeln.jpg 750w, https:\/\/arcoiris.com.co\/v3\/wp-content\/uploads\/2018\/02\/altobaudoeln-300x168.jpg 300w, https:\/\/arcoiris.com.co\/v3\/wp-content\/uploads\/2018\/02\/altobaudoeln-640x358.jpg 640w\" sizes=\"(max-width: 750px) 100vw, 750px\" \/><\/a><p id=\"caption-attachment-22782\" class=\"wp-caption-text\">Foto: Portal Revista SUR<\/p><\/div>\n<p style=\"text-align: justify;\">Mientras m\u00e1s corre el tiempo y el gobierno demuestra su impotencia para implementar los acuerdos de paz firmados con las FARC, el ELN se erige como la fuerza insurgente que va ocupando el imaginario de lo que alg\u00fan d\u00eda fueron las guerrillas Marquetalianas para miles de campesinos e ind\u00edgenas de este pa\u00eds, en particular en las zonas apartadas y de frontera, en las que la econom\u00eda ilegal del oro y la coca determina la forma de vivir y en donde el Estado- como hace 200 a\u00f1os, \u2013 nunca ha hecho presencia, o lo que es peor, en los que agentes del Estado y las elites pol\u00edticas se han aliado con estructuras paramilitares y capitales extractivistas a los que poco les importa la vida, incluida la humana y el medio ambiente les estorba para obtener ganancias por encima de todo, cueste lo que cueste.<\/p>\n<p style=\"text-align: justify;\">Este proceso de clonaci\u00f3n del ELN, en lo que fueron las FARC, se expresa con nitidez en toda la regi\u00f3n del litoral pac\u00edfico Colombiano, desde Nari\u00f1o hasta el Choc\u00f3, en l\u00edmites con la frontera Paname\u00f1a, sub regi\u00f3n que tiene una poblaci\u00f3n estimada en un mill\u00f3n y medio (1.500.000) de habitantes, distribuidos en 50 municipios, 260 resguardos ind\u00edgenas y 177 consejos comunitarios afro descendientes, y 900 kil\u00f3metros de costa, con l\u00edmites fronterizos con los Estados de Ecuador al sur y Panam\u00e1 al norte, la cual presenta los \u00edndices GINI m\u00e1s alto de necesidades b\u00e1sicas insatisfechas, del pa\u00eds, pero que adem\u00e1s se constituye como el territorio de mayor disputa en el mapa y las din\u00e1micas del conflicto armado en la actualidad.<\/p>\n<p style=\"text-align: justify;\">Estas comunidades del litoral pac\u00edfico, han cohabitado desde hace a\u00f1os con las guerrillas de las FARC y el ELN, de hecho, muchos milicianos y guerrilleros de ambas guerrillas tienen familias en com\u00fan, compadrazgo y provienen de los mismos poblados, resguardos, veredas o consejos comunitarios. En el pacifico, con algunas excepciones, las relaciones hist\u00f3ricas entre ambas insurgencias fue de respeto e incluso colaboraci\u00f3n, eso es un reflejo de la idiosincrasia de las comunidades que lo habitan, en el litoral no se produjo una guerra a muerte como la que se declararon las FARC y el ELN en Arauca a principios de la d\u00e9cada del 2.000; la propia geograf\u00eda, llena de manglares, humedales, r\u00edos y meandros, en medio de la selva; permiti\u00f3 que las estructuras armadas se dividieran el territorio, la influencia sobre sus pobladores y las rentas econ\u00f3micas para financiar la econom\u00eda de guerra. Tambi\u00e9n los ha unido la guerra a muerte contra el paramilitarismo, siempre presente y amenazante en el litoral, como una garra asesina de terror y muerte que empez\u00f3 avanzar a finales de la d\u00e9cada de los noventa, al mando del \u201cAlem\u00e1n\u201d desde el golfo de Urab\u00e1, cuyo primer desenlace fue la masacre de Bojaya, s\u00edmbolo de la barbarie contra la poblaci\u00f3n civil, pero que a\u00fan no termina, debido a que los grupos sucesores del m\u00e9todo paramilitar y mafioso, necesitan avasallar cualquier resistencia civil o armada que se interponga en sus planes de acaparamiento de miles de hect\u00e1reas de tierra virgen, rica en diversidad y recursos naturales; aparte del hecho cierto que en los planes de los grupos paramilitares de quinta generaci\u00f3n, como el Clan Usuga, el dominio total del territorio de la costa pac\u00edfica, es vital.<\/p>\n<p style=\"text-align: justify;\">Expongo todo lo anterior para explicar lo que est\u00e1 sucediendo actualmente con el frente occidental del ELN que opera en el Choco y el frente suroccidental que opera en Cauca y Nari\u00f1o. Las comunidades que antiguamente apoyaban a las FARC, han mutado sus afectos hacia el ELN para demandar su protecci\u00f3n en la defensa de sus cultivos de hoja de coca, su derecho a explotar la tierra para extraer artesanalmente el oro y para continuar con la preservaci\u00f3n del orden en medio de la selva, dictando justicia y sentencia ante discrepancias, comisi\u00f3n de delitos o alteraci\u00f3n del orden p\u00fablico y en general todas las \u201cnormas de convivencia\u201d de las que las comunidades se han dotado, para mantener la seguridad y el orden en estos territorios sin Estado y sin ley.<\/p>\n<p style=\"text-align: justify;\">Estos nuevos apoyos le han permitido a estos dos frentes crecer en hombres y armas, desde los \u00faltimos meses del a\u00f1o 2017<span style=\"color: #ff0000;\">[1]<\/span>, se pudo comprobar la compra de armamento y pertrechos por parte del frente occidental del ELN y la realizaci\u00f3n de cursos de cadetes en las \u00e1reas del alto Baudo y medio San Juan, de hecho desde el mes de Diciembre pasado, en los corregimientos de la Italia ( San Jos\u00e9 del Palmar) y la punta (Novita) y medio San Juan, era un secreto a voces que la guerrilla del ELN no iba a continuar con el cese al fuego bilateral a partir del 09 de enero de 2018, como en efecto ocurri\u00f3. A este fen\u00f3meno hay que a\u00f1adirle otra din\u00e1mica significativa; la migraci\u00f3n de excombatientes de las FARC, con vasta experiencia militar hacia las filas del ELN, ante el incumplimiento en los compromisos de reincorporaci\u00f3n econ\u00f3mica por parte del gobierno nacional y la ausencia de proyectos productivos en los espacios territoriales de capacitaci\u00f3n y normalizaci\u00f3n (ETCN) en los que se ubicaron los ex integrantes de la insurgencia de las FARC en tr\u00e1nsito a la vida civil.<\/p>\n<p style=\"text-align: justify;\">Otro elemento importante en el diagn\u00f3stico, es que desde el a\u00f1o 2017 el ELN entro a controlar la administraci\u00f3n de la econom\u00eda de la coca en estas \u00e1reas del pacifico, mediante el cobro de impuesto al gramaje; solo para citar un ejemplo y de acuerdo con datos obtenidos del censo de campesinos cultivadores de coca, registrados en las bases de datos del PNIS (Plan nacional de sustituci\u00f3n integral y voluntaria de cultivos de uso il\u00edcito)<span style=\"color: #ff0000;\">[2]<\/span> en la serran\u00edas de los paraguas, ca\u00f1\u00f3n de garrapatas, cerro Torra, cerro Tatama y el litoral del San Juan, existen aproximadamente 4.000 hect\u00e1reas de cultivos il\u00edcitos en esta regi\u00f3n, de las que derivan su sustento 600 familias campesinas, pertenecientes a los municipios de San Jos\u00e9 del palmar, en el en el sur oriente del Choc\u00f3, as\u00ed como la explotaci\u00f3n ilegal del oro en los mismos territorios; este portafolio de econom\u00edas ilegales antes del acuerdo de paz eran usufructuados por el frente Aurelio Rodriguez de las FARC, y le fue heredado a los frentes Che Guevara y cimarrones del ELN.<\/p>\n<p style=\"text-align: justify;\">Ahora bien para el ELN, a la par con esas ventajas estrat\u00e9gicas de consolidar su radio de acci\u00f3n en este territorios, viene aparejada la problem\u00e1tica de tener que duplicar su control mediante el reclutamiento acelerado de nuevos milicianos, lo que genera serios problemas para esa organizaci\u00f3n en armas, pues esos nuevos combatientes y colaboradores no tiene la suficiente experiencia ni formaci\u00f3n pol\u00edtica para ejercer autoridad en esta vasta zona, lo que ha provocado la acci\u00f3n violenta y equivocada de integrantes de esa guerrilla en contra de civiles, l\u00edderes de comunidades ind\u00edgenas o campesinos cocaleros en resistencia, como paso recientemente con el asesinato del gobernador ind\u00edgena, Aulio Isaram\u00e1<span style=\"color: #ff0000;\">[3]<\/span>, en el medio Baudo, o la muerte de varios campesinos en los municipios de Magui Payan<span style=\"color: #ff0000;\">[4]<\/span>, acus\u00e1ndolos de ser aliados de las Guerrillas Unidas del pacifico, una de las disidencias de las FARC, pero que en realidad son peque\u00f1os focos de campesinos cocaleros armados, que ante la salida de las FARC, decidi\u00f3 armarse para defender sus cultivos.<\/p>\n<p style=\"text-align: justify;\">El otro gran reto que enfrenta el ELN, en esta zona es que a ra\u00edz de la suspensi\u00f3n del cese al fuego bilateral y las recientes acciones violentas de alto impacto realizadas en contra de la infraestructura y la fuerza p\u00fablica como los atentados de Barranquilla, Soledad y Santa Rosa del Sur; el alto mando de las FF.AA ha dado la orden a las fuerzas de tarea conjunta para que act\u00faen con contundencia en contra de los frentes occidental y suroccidental del ELN, desplegando cientos de tropas en las selvas chocoanas y ordenando bombardeos en esas \u00e1reas, como ya sucedi\u00f3 el d\u00eda 30 de enero del presente a\u00f1o, en el que perdi\u00f3 la vida una menor de edad ind\u00edgena<span style=\"color: #ff0000;\">[5]<\/span>, a causa de las bombas arrojadas por el ej\u00e9rcito en contra de estructuras del ELN en el litoral del San Juan, departamento del Choc\u00f3. Es decir el ELN hereda en su contra, toda la maquinaria de guerra contrainsurgente construida por el ej\u00e9rcito Colombiano para combatir a las FARC, durante los \u00faltimos 20 a\u00f1os en una proporci\u00f3n asim\u00e9trica de cinco mil guerrilleros contra quinientos mil integrantes de las fuerzas armadas. Mientras tanto las voces que llaman a la sensatez y el dialogo cada vez tienen menos fuerza en Colombia y la polarizaci\u00f3n alcanza niveles esquizofr\u00e9nicos.<\/p>\n<h6 style=\"text-align: justify;\">Notas<\/h6>\n<h6 style=\"text-align: justify;\">[1] Entrevistas realizadas en el Choc\u00f3, por el observatorio del conflicto por la Corporaci\u00f3n Nuevo Arco iris, Dic 2017.<\/h6>\n<h6 style=\"text-align: justify;\">[2] PNIS<\/h6>\n<h6 style=\"text-align: justify;\">[3] La Direcci\u00f3n del Frente de Guerra Occidental Omar G\u00f3mez, organismo de conducci\u00f3n de las estructuras del Eln en el Choc\u00f3, admiti\u00f3 este domingo, en un comunicado distribuido por Internet, que esa guerrilla asesin\u00f3 al gobernador ind\u00edgena Aulio Isaram\u00e1, oct 30 de 2017<\/h6>\n<h6 style=\"text-align: justify;\">[4] El d\u00eda 27 de noviembre, en la vereda Pueblo Nuevo, del municipio Mag\u00fc\u00ed Pay\u00e1n, unidades del Frente de Guerra Suroccidental del Ej\u00e9rcito de Liberaci\u00f3n Nacional, (\u2026) dimos de baja a 10 integrantes de las GUP. Comunicado Frente de guerra Suroccidental del ELN<\/h6>\n<h6 style=\"text-align: justify;\">[5] Muri\u00f3 menor ind\u00edgena que fue impactada por un bombardeo del ej\u00e9rcito en el Choc\u00f3, El Espectador, 7 de febrero de 2018<\/h6>\n<p style=\"text-align: justify;\"><em>Julio C\u00e9sar Arenas<br \/>\n<\/em><em>Investigador del conflicto armado, Corporaci\u00f3n Nuevo Arco Iris.<\/em><\/p>\n<p>Ver en <a href=\"https:\/\/www.sur.org.co\/eln-pacifico-una-pesada-carga-una-dura-herencia\/\" target=\"_blank\" rel=\"noopener noreferrer\"><span style=\"color: #008000;\"><em><strong>Revista SUR<\/strong><\/em><\/span><\/a><\/p>\n","protected":false},"excerpt":{"rendered":"<p>Mientras m\u00e1s corre el tiempo y el gobierno demuestra su impotencia para implementar los acuerdos de paz firmados con las FARC, el ELN se erige como la fuerza insurgente que va ocupando el imaginario de lo que alg\u00fan d\u00eda fueron las guerrillas Marquetalianas para miles de campesinos e ind\u00edgenas de este pa\u00eds, en particular en [&hellip;]<\/p>\n","protected":false},"author":51,"featured_media":22782,"comment_status":"closed","ping_status":"closed","sticky":false,"template":"","format":"standard","meta":{"_et_pb_use_builder":"","_et_pb_old_content":"","_et_gb_content_width":"","footnotes":""},"categories":[638,18],"tags":[],"class_list":["post-22781","post","type-post","status-publish","format-standard","has-post-thumbnail","hentry","category-conflictos","category-victimas"],"_links":{"self":[{"href":"https:\/\/arcoiris.com.co\/v3\/wp-json\/wp\/v2\/posts\/22781","targetHints":{"allow":["GET"]}}],"collection":[{"href":"https:\/\/arcoiris.com.co\/v3\/wp-json\/wp\/v2\/posts"}],"about":[{"href":"https:\/\/arcoiris.com.co\/v3\/wp-json\/wp\/v2\/types\/post"}],"author":[{"embeddable":true,"href":"https:\/\/arcoiris.com.co\/v3\/wp-json\/wp\/v2\/users\/51"}],"replies":[{"embeddable":true,"href":"https:\/\/arcoiris.com.co\/v3\/wp-json\/wp\/v2\/comments?post=22781"}],"version-history":[{"count":0,"href":"https:\/\/arcoiris.com.co\/v3\/wp-json\/wp\/v2\/posts\/22781\/revisions"}],"wp:featuredmedia":[{"embeddable":true,"href":"https:\/\/arcoiris.com.co\/v3\/wp-json\/wp\/v2\/media\/22782"}],"wp:attachment":[{"href":"https:\/\/arcoiris.com.co\/v3\/wp-json\/wp\/v2\/media?parent=22781"}],"wp:term":[{"taxonomy":"category","embeddable":true,"href":"https:\/\/arcoiris.com.co\/v3\/wp-json\/wp\/v2\/categories?post=22781"},{"taxonomy":"post_tag","embeddable":true,"href":"https:\/\/arcoiris.com.co\/v3\/wp-json\/wp\/v2\/tags?post=22781"}],"curies":[{"name":"wp","href":"https:\/\/api.w.org\/{rel}","templated":true}]}}