{"id":22793,"date":"2018-02-21T16:22:24","date_gmt":"2018-02-21T21:22:24","guid":{"rendered":"https:\/\/arcoiris.com.co\/v3\/?p=22793"},"modified":"2019-08-26T15:05:44","modified_gmt":"2019-08-26T20:05:44","slug":"uribe-ha-tenido-un-aparato-para-contrarrestar-las-investigaciones-judiciales-cepeda","status":"publish","type":"post","link":"https:\/\/arcoiris.com.co\/v3\/2018\/02\/uribe-ha-tenido-un-aparato-para-contrarrestar-las-investigaciones-judiciales-cepeda\/","title":{"rendered":"\u201cUribe ha tenido un aparato para contrarrestar las investigaciones judiciales\u201d Cepeda"},"content":{"rendered":"<div id=\"attachment_22794\" style=\"width: 780px\" class=\"wp-caption aligncenter\"><a href=\"https:\/\/arcoiris.com.co\/v3\/wp-content\/uploads\/2018\/02\/Iv\u00e1n-Cepeda-contagio-radio-770x400.jpg\"><img loading=\"lazy\" decoding=\"async\" aria-describedby=\"caption-attachment-22794\" class=\"size-full wp-image-22794\" src=\"https:\/\/arcoiris.com.co\/v3\/wp-content\/uploads\/2018\/02\/Iv\u00e1n-Cepeda-contagio-radio-770x400.jpg\" alt=\"\" width=\"770\" height=\"400\" srcset=\"https:\/\/arcoiris.com.co\/v3\/wp-content\/uploads\/2018\/02\/Iv\u00e1n-Cepeda-contagio-radio-770x400.jpg 770w, https:\/\/arcoiris.com.co\/v3\/wp-content\/uploads\/2018\/02\/Iv\u00e1n-Cepeda-contagio-radio-770x400-300x156.jpg 300w, https:\/\/arcoiris.com.co\/v3\/wp-content\/uploads\/2018\/02\/Iv\u00e1n-Cepeda-contagio-radio-770x400-768x399.jpg 768w, https:\/\/arcoiris.com.co\/v3\/wp-content\/uploads\/2018\/02\/Iv\u00e1n-Cepeda-contagio-radio-770x400-640x332.jpg 640w\" sizes=\"(max-width: 770px) 100vw, 770px\" \/><\/a><p id=\"caption-attachment-22794\" class=\"wp-caption-text\">Foto: Contagio Radio<\/p><\/div>\n<p style=\"text-align: justify;\">Con la decisi\u00f3n de la Corte Suprema de Justicia de ordenar investigar a el senador \u00c1lvaro Uribe V\u00e9lez, por la posible falsificaci\u00f3n de testigos, <strong>abrir\u00eda un cap\u00edtulo que va m\u00e1s all\u00e1 del posible concierto para delinquir y que demostrar\u00eda la pr\u00e1ctica de los falsos testimonios<\/strong>. Para Iv\u00e1n Cepeda, la verdadera investigaci\u00f3n debe ser sobre los testimonios que comprometen a \u00c1lvaro Uribe con el paramilitarismo.<\/p>\n<p style=\"text-align: justify;\">As\u00ed mismo, C\u00e9peda asegur\u00f3 que este paso en la Corte es un avance en t\u00e9rminos de justicia \u201cpara quienes por a\u00f1os han buscado la verdad con relaci\u00f3n a los m\u00faltiples hechos en los que est\u00e1 involucrado el senador Uribe\u201d. (Le puede interesar: \u00ab<a href=\"http:\/\/www.contagioradio.com\/uribe-testigos-cepeda-articulo-51570\/\" target=\"_blank\" rel=\"noopener noreferrer\"><span style=\"color: #008080;\"><em><strong>Uribe a investigaci\u00f3n por presunta manipulaci\u00f3n de testigos contra Iv\u00e1n Cepeda<\/strong><\/em><\/span><\/a>\u00ab)<\/p>\n<p style=\"text-align: justify;\">Para Cepeda, las declaraciones originales que se realizaron en este proceso, tienen se\u00f1alamientos muy graves en los que se indica que los hermanos \u201c<strong>\u00c1lvaro y Santiago Uribe, junto con otros personajes como los se\u00f1ores Santiago Gall\u00f3n Henao y los Villegas Uribe crearon un grupo paramilitar<\/strong> que desat\u00f3, en el municipio de San Roque, Antioqu\u00eda, una cadena de masacres y asesinatos\u201d afirm\u00f3.<\/p>\n<p style=\"text-align: justify;\">En ese mismo sentido, el senador manifest\u00f3 que en el contenido de las pruebas recolectadas por la Corte Suprema, hay ofrecimientos de testigos a Uribe para que contradiga las pruebas recolectadas en otros procesos judiciales.<\/p>\n<p style=\"text-align: justify;\">\u201cLo que queda claro es que Uribe ha tenido un aparato para contrarrestar las investigaciones judiciales, compuesto por personajes que no solo sobornan a los testigos sino que tambi\u00e9n los chantajean\u201d.<\/p>\n<p style=\"text-align: justify;\"><strong>EL SIGUIENTE PASO EN LA INVESTIGACI\u00d3N CONTRA URIBE<\/strong><br \/>\nDe acuerdo con Cepeda, una vez la Corte abre la investigaci\u00f3n contra el senador y ex presidente \u00c1lvaro Uribe Vel\u00e9z, <strong>tambi\u00e9n se ordena que se reactiven las investigaciones que est\u00e1n engavetadas en el despacho del Magistrado Gustavo Malo<\/strong>, que, seg\u00fan Iv\u00e1n Cepeda, \u201cno ha hecho absolutamente nada\u201d. (Le puede interesar: \u00ab<a href=\"http:\/\/www.contagioradio.com\/alvaro_uribe_investigacion_masacres_antioquia_paramilitarismo-articulo-51231\/\" target=\"_blank\" rel=\"noopener noreferrer\"><span style=\"color: #008080;\"><em><strong>Compulsan copias contra \u00c1lvaro Uribe V\u00e9lez por dos masacres en Antioquia<\/strong><\/em><\/span><\/a>\u00ab)<\/p>\n<p style=\"text-align: justify;\">\u201cExperimentar una satisfacci\u00f3n, porque junto a mi equipo de abogados, de manera paciente, rigurosa, serena y con mucha convicci\u00f3n hemos soportado toda clase de presiones y montajes\u201d y agreg\u00f3 que este proceso que abre la Corte \u201chonra no solamente, mi labor sino tambi\u00e9n la de muchos colombianos que han estado tras la verdad, buscando justicia con relaci\u00f3n a los m\u00faltiples hechos en los que est\u00e1 involucrado el senador Uribe\u201d.<\/p>\n<p style=\"text-align: justify;\">Frente a la posibilidad de encontrar justicia, Cepeda manifest\u00f3 que ya se ha producido una decisi\u00f3n supremamente contundete y en la que hay miles de pruebas y a lo que ahora se espera haga frente Uribe y su defensa. Adem\u00e1s, expres\u00f3 que uno de los impactos de esta decisi\u00f3n es que tiene efectos sobre otros procesos contra el expresidente sobre la creaci\u00f3n de grupos paramilitares, las masacres del Aro y la Granja, entre otras.<\/p>\n<p><iframe loading=\"lazy\" id=\"audio_23879116\" style=\"border: 1px solid #EEE; box-sizing: border-box; width: 100%;\" src=\"https:\/\/co.ivoox.com\/es\/player_ej_23879116_4_1.html?c1=ff6600\" width=\"300\" height=\"200\" frameborder=\"0\" scrolling=\"no\" allowfullscreen=\"allowfullscreen\"><\/iframe>Ver en <a href=\"http:\/\/www.contagioradio.com\/uribe-ha-tenido-un-aparato-para-contrarrestar-las-investigaciones-judiciales-cepeda-articulo-51584\/\" target=\"_blank\" rel=\"noopener noreferrer\"><span style=\"color: #008080;\"><em><strong>Contagio Radio<\/strong><\/em><\/span><\/a><\/p>\n","protected":false},"excerpt":{"rendered":"<p>Con la decisi\u00f3n de la Corte Suprema de Justicia de ordenar investigar a el senador \u00c1lvaro Uribe V\u00e9lez, por la posible falsificaci\u00f3n de testigos, abrir\u00eda un cap\u00edtulo que va m\u00e1s all\u00e1 del posible concierto para delinquir y que demostrar\u00eda la pr\u00e1ctica de los falsos testimonios. Para Iv\u00e1n Cepeda, la verdadera investigaci\u00f3n debe ser sobre los [&hellip;]<\/p>\n","protected":false},"author":51,"featured_media":22794,"comment_status":"closed","ping_status":"closed","sticky":false,"template":"","format":"standard","meta":{"_et_pb_use_builder":"","_et_pb_old_content":"","_et_gb_content_width":"","footnotes":""},"categories":[638,18],"tags":[],"class_list":["post-22793","post","type-post","status-publish","format-standard","has-post-thumbnail","hentry","category-conflictos","category-victimas"],"_links":{"self":[{"href":"https:\/\/arcoiris.com.co\/v3\/wp-json\/wp\/v2\/posts\/22793","targetHints":{"allow":["GET"]}}],"collection":[{"href":"https:\/\/arcoiris.com.co\/v3\/wp-json\/wp\/v2\/posts"}],"about":[{"href":"https:\/\/arcoiris.com.co\/v3\/wp-json\/wp\/v2\/types\/post"}],"author":[{"embeddable":true,"href":"https:\/\/arcoiris.com.co\/v3\/wp-json\/wp\/v2\/users\/51"}],"replies":[{"embeddable":true,"href":"https:\/\/arcoiris.com.co\/v3\/wp-json\/wp\/v2\/comments?post=22793"}],"version-history":[{"count":0,"href":"https:\/\/arcoiris.com.co\/v3\/wp-json\/wp\/v2\/posts\/22793\/revisions"}],"wp:featuredmedia":[{"embeddable":true,"href":"https:\/\/arcoiris.com.co\/v3\/wp-json\/wp\/v2\/media\/22794"}],"wp:attachment":[{"href":"https:\/\/arcoiris.com.co\/v3\/wp-json\/wp\/v2\/media?parent=22793"}],"wp:term":[{"taxonomy":"category","embeddable":true,"href":"https:\/\/arcoiris.com.co\/v3\/wp-json\/wp\/v2\/categories?post=22793"},{"taxonomy":"post_tag","embeddable":true,"href":"https:\/\/arcoiris.com.co\/v3\/wp-json\/wp\/v2\/tags?post=22793"}],"curies":[{"name":"wp","href":"https:\/\/api.w.org\/{rel}","templated":true}]}}