{"id":22827,"date":"2018-03-01T16:24:33","date_gmt":"2018-03-01T21:24:33","guid":{"rendered":"https:\/\/arcoiris.com.co\/v3\/?p=22827"},"modified":"2019-08-26T15:05:44","modified_gmt":"2019-08-26T20:05:44","slug":"corte-busca-declarar-crimenes-de-lesa-humanidad-casos-que-salpican-a-uribe","status":"publish","type":"post","link":"https:\/\/arcoiris.com.co\/v3\/2018\/03\/corte-busca-declarar-crimenes-de-lesa-humanidad-casos-que-salpican-a-uribe\/","title":{"rendered":"Corte busca declarar cr\u00edmenes de lesa humanidad casos que salpican a Uribe"},"content":{"rendered":"<div id=\"attachment_22828\" style=\"width: 660px\" class=\"wp-caption aligncenter\"><a href=\"https:\/\/arcoiris.com.co\/v3\/wp-content\/uploads\/2018\/03\/alvaro_uribe_velez_foto_afp.jpg\"><img loading=\"lazy\" decoding=\"async\" aria-describedby=\"caption-attachment-22828\" class=\"wp-image-22828 size-full\" src=\"https:\/\/arcoiris.com.co\/v3\/wp-content\/uploads\/2018\/03\/alvaro_uribe_velez_foto_afp.jpg\" alt=\"\" width=\"650\" height=\"466\" srcset=\"https:\/\/arcoiris.com.co\/v3\/wp-content\/uploads\/2018\/03\/alvaro_uribe_velez_foto_afp.jpg 650w, https:\/\/arcoiris.com.co\/v3\/wp-content\/uploads\/2018\/03\/alvaro_uribe_velez_foto_afp-300x215.jpg 300w, https:\/\/arcoiris.com.co\/v3\/wp-content\/uploads\/2018\/03\/alvaro_uribe_velez_foto_afp-640x459.jpg 640w\" sizes=\"(max-width: 650px) 100vw, 650px\" \/><\/a><p id=\"caption-attachment-22828\" class=\"wp-caption-text\">BLU Radio. Alvaro Uribe V\u00e9lez \/ Foto: AFP<\/p><\/div>\n<p style=\"text-align: justify;\">La Corte Suprema de Justicia se alista para tomar decisiones trascendentales, en relaci\u00f3n con los casos que han llegado a ese tribunal y que vinculan al expresidente y hoy senador \u00c1lvaro Uribe V\u00e9lez con grupos paramilitares.<\/p>\n<p style=\"text-align: justify;\">BLU Radio pudo establecer que la Sala Penal de la Corte Suprema prepara la declaratoria de las masacres de El Aro y La Granja, en Ituango, Antioquia, y el asesinato del defensor de derechos humanos Jes\u00fas Mar\u00eda Valle, como cr\u00edmenes de lesa humanidad.<\/p>\n<p style=\"text-align: justify;\">El objetivo de esta determinaci\u00f3n cuyo ponente es el magistrado Fernando Bola\u00f1os, a quien le fue encargada la redacci\u00f3n de un informe sobre el expediente que durante casi cuatro a\u00f1os durmi\u00f3 el sue\u00f1o de los justos en el despacho del controvertido Gustavo Malo, investigado por el \u00abcartel de la toga\u00bb es evitar que las investigaciones prescriban.<\/p>\n<p style=\"text-align: justify;\">En estos casos en particular, la Corte busca dar todas las garant\u00edas para que no solamente en ese alto tribunal, en lo relacionado con el expresidente \u00c1lvaro Uribe, sino tambi\u00e9n en la Fiscal\u00eda, los fiscales y magistrados puedan ir al fondo del caso y determinen si hay m\u00e9ritos para abrir investigaci\u00f3n formal o para ordenar su archivo.<\/p>\n<p style=\"text-align: justify;\">Hay que recordar que la Fiscal\u00eda tuvo que remitir a la Corte Suprema las denuncias contra el expresidente \u00c1lvaro Uribe por paramilitarismo, porque al haber sido elegido Senador, todas las investigaciones en su contra, a excepci\u00f3n de los hechos relacionados con sus funciones como jefe de Estado, deben ser conocidas por esa instancia.<\/p>\n<p style=\"text-align: justify;\">\u00abSolicitarle al magistrado ponente a cargo de la investigaci\u00f3n 45.110, que cursa en esta Corte en contra del Senador \u00c1lvaro Uribe V\u00e9lez, se sirva rendir un informe a la Sala de Casaci\u00f3n Penal acerca del estado actual de esa investigaci\u00f3n, teniendo en cuenta que la misma se encuentra en ese despacho desde el mes de diciembre de 2014, sin que a la fecha se hayan tomado decisiones en alg\u00fan sentido y se desconoce si la investigaci\u00f3n ha tenido impulso procesal\u00bb, dice la sentencia en la que se dicta auto inhibitorio a favor del Senador Iv\u00e1n Cepeda.<\/p>\n<p style=\"text-align: justify;\">\u00abDicho asunto, no est\u00e1 de m\u00e1s anotarlo, inici\u00f3 con ocasi\u00f3n de la denuncia del se\u00f1or Jes\u00fas Mar\u00eda Valle Jaramillo (QEPD) por las presuntas omisiones de la Gobernaci\u00f3n de Antioquia en la masacre del corregimiento La Granja en 1996 y posteriormente, con ocasi\u00f3n de la denuncia presentada por el doctor Iv\u00e1n Cepeda Castro y las entrevistas tomadas a Pablo Hern\u00e1n Sierra y Juan Guillermo Monsalve\u00bb, indica el documento.<\/p>\n<p style=\"text-align: justify;\">La Corte recuerda que en la Fiscal\u00eda fue archivada \u00abuna denuncia en contra de \u00c1lvaro Uribe V\u00e9lez por la creaci\u00f3n de las Convivir, a la postre colaboradoras de grupos paramilitares\u00bb.<\/p>\n<p style=\"text-align: justify;\">\u00abCon base en lo anterior, el 2 de enero de 2013, el fiscal sexto delegado ante la Corte Suprema de Justicia revoc\u00f3 la resoluci\u00f3n inhibitoria dictada a favor del doctor Uribe V\u00e9lez el 28 de diciembre de 2000 y adelant\u00f3 una amplia labor probatoria hasta el 25 de noviembre de 2014, cuando dispuso remitir las diligencias a la Corte, por competencia, dada la calidad de Congresista del investigado\u00bb, agrega el documento.<\/p>\n<p style=\"text-align: justify;\">Ver en <a href=\"https:\/\/www.bluradio.com\/judicial\/corte-busca-declarar-crimenes-de-lesa-humanidad-casos-que-salpican-uribe-170636\" target=\"_blank\" rel=\"noopener noreferrer\"><span style=\"color: #3366ff;\"><em><strong>BLU Radio\u00a0<\/strong><\/em><\/span><\/a><\/p>\n","protected":false},"excerpt":{"rendered":"<p>La Corte Suprema de Justicia se alista para tomar decisiones trascendentales, en relaci\u00f3n con los casos que han llegado a ese tribunal y que vinculan al expresidente y hoy senador \u00c1lvaro Uribe V\u00e9lez con grupos paramilitares. BLU Radio pudo establecer que la Sala Penal de la Corte Suprema prepara la declaratoria de las masacres de [&hellip;]<\/p>\n","protected":false},"author":51,"featured_media":22828,"comment_status":"closed","ping_status":"closed","sticky":false,"template":"","format":"standard","meta":{"_et_pb_use_builder":"","_et_pb_old_content":"","_et_gb_content_width":"","footnotes":""},"categories":[18],"tags":[],"class_list":["post-22827","post","type-post","status-publish","format-standard","has-post-thumbnail","hentry","category-victimas"],"_links":{"self":[{"href":"https:\/\/arcoiris.com.co\/v3\/wp-json\/wp\/v2\/posts\/22827","targetHints":{"allow":["GET"]}}],"collection":[{"href":"https:\/\/arcoiris.com.co\/v3\/wp-json\/wp\/v2\/posts"}],"about":[{"href":"https:\/\/arcoiris.com.co\/v3\/wp-json\/wp\/v2\/types\/post"}],"author":[{"embeddable":true,"href":"https:\/\/arcoiris.com.co\/v3\/wp-json\/wp\/v2\/users\/51"}],"replies":[{"embeddable":true,"href":"https:\/\/arcoiris.com.co\/v3\/wp-json\/wp\/v2\/comments?post=22827"}],"version-history":[{"count":0,"href":"https:\/\/arcoiris.com.co\/v3\/wp-json\/wp\/v2\/posts\/22827\/revisions"}],"wp:featuredmedia":[{"embeddable":true,"href":"https:\/\/arcoiris.com.co\/v3\/wp-json\/wp\/v2\/media\/22828"}],"wp:attachment":[{"href":"https:\/\/arcoiris.com.co\/v3\/wp-json\/wp\/v2\/media?parent=22827"}],"wp:term":[{"taxonomy":"category","embeddable":true,"href":"https:\/\/arcoiris.com.co\/v3\/wp-json\/wp\/v2\/categories?post=22827"},{"taxonomy":"post_tag","embeddable":true,"href":"https:\/\/arcoiris.com.co\/v3\/wp-json\/wp\/v2\/tags?post=22827"}],"curies":[{"name":"wp","href":"https:\/\/api.w.org\/{rel}","templated":true}]}}