{"id":22874,"date":"2018-04-06T15:12:39","date_gmt":"2018-04-06T20:12:39","guid":{"rendered":"https:\/\/arcoiris.com.co\/v3\/?p=22874"},"modified":"2019-08-26T15:05:44","modified_gmt":"2019-08-26T20:05:44","slug":"la-gravedad-de-la-propuesta-de-justicia-de-ivan-duque-temor-por-la-brasilenizacion-de-colombia","status":"publish","type":"post","link":"https:\/\/arcoiris.com.co\/v3\/2018\/04\/la-gravedad-de-la-propuesta-de-justicia-de-ivan-duque-temor-por-la-brasilenizacion-de-colombia\/","title":{"rendered":"La gravedad de la Propuesta de Justicia de Iv\u00e1n Duque -Temor por la brasile\u00f1izaci\u00f3n de Colombia-"},"content":{"rendered":"<p style=\"text-align: justify;\"><a href=\"https:\/\/arcoiris.com.co\/v3\/wp-content\/uploads\/2018\/04\/balanza.png\"><img loading=\"lazy\" decoding=\"async\" class=\"aligncenter size-large wp-image-22875\" src=\"https:\/\/arcoiris.com.co\/v3\/wp-content\/uploads\/2018\/04\/balanza-640x394.png\" alt=\"\" width=\"620\" height=\"382\" srcset=\"https:\/\/arcoiris.com.co\/v3\/wp-content\/uploads\/2018\/04\/balanza-640x394.png 640w, https:\/\/arcoiris.com.co\/v3\/wp-content\/uploads\/2018\/04\/balanza-300x185.png 300w, https:\/\/arcoiris.com.co\/v3\/wp-content\/uploads\/2018\/04\/balanza-768x473.png 768w, https:\/\/arcoiris.com.co\/v3\/wp-content\/uploads\/2018\/04\/balanza.png 1770w\" sizes=\"(max-width: 620px) 100vw, 620px\" \/><\/a><br \/>\nAyer despert\u00e9 a las 4:30 a.m. como de costumbre y empec\u00e9 a revisar los diarios y las publicaciones entre ellos el Facebook, oh sorpresa, me encuentro con la noticia de que Lula Da Silva ir\u00e1 nuevamente a prisi\u00f3n, por doce a\u00f1os, cuando hace dos semanas celebr\u00e1bamos la movilizaci\u00f3n gigantesca, impresionante, de la poblaci\u00f3n de las favelas de Brasil, al ritmo de capoeira, porque su l\u00edder innato hab\u00eda sido declarado inocente por la Corte Suprema de Justicia, al comprobar su inocencia.<\/p>\n<p style=\"text-align: justify;\">Ahora la nueva decisi\u00f3n, la de ayer, es debido a una amenaza de golpe, que hicieran los militares a la Corte Suprema de Justicia, si \u00e9sta no encarcelaba nuevamente a Lula. En d\u00edas pasados se hablaba en Brasil a ra\u00edz de la muerte de Marielle Franco a qui\u00e9n la comunidad convirti\u00f3 en el Totem, se hablaba partir de ese hecho, de la colombianizaci\u00f3n de Brasil, por los asesinatos como constante en el \u00faltimo tiempo, pero hoy deber\u00edamos hablar los (las) colombianos del miedo a una brasile\u00f1izaci\u00f3n de Colombia, si llegase a quedar Iv\u00e1n Duque en el gobierno. Me explico, cuando despert\u00e9 ayer en la ma\u00f1ana y leo aquella noticia, se me vino a la cabeza el debate de la propuesta de Justicia de Iv\u00e1n Duque vs la propuesta de Gustavo Petro, y la gravedad que estas elecciones tienen para la democracia de Colombia, porque la propuesta de Iv\u00e1n Duque no es ni m\u00e1s ni menos que un retroceso a la vieja constituci\u00f3n de 1886. Dijo Iv\u00e1n Duque en el debate esta semana, que su propuesta en relaci\u00f3n con el sistema de Justicia, es reducir las tres cortes en una sola, argumentando razones presupuestales, no obstante la propuesta de Petro, no es solo fortalecer el sistema de justicia sino independizarla del ejecutivo, precisamente para que en el marco de una \u201cdemocracia\u201d pueda actuar con independencia, como se esperar\u00eda que actuase en casos que a\u00fan est\u00e1n impunes y no se han resuelto correspondientemente, casos como el de Uribe V\u00e9lez, o en el caso del zar de las Esmeraldas en Colombia, que muri\u00f3 y sus cr\u00edmenes quedaron en absoluta impunidad. Me recuerda a Guatemala, que esper\u00f3 durante muchos a\u00f1os que la Corte Suprema de Justicia de all\u00ed actuase en el caso de R\u00edos Montt, pues actu\u00f3, tard\u00edamente y muri\u00f3 esta semana en su casa que ten\u00eda asignada por c\u00e1rcel, mientras los r\u00edos de sangre, especialmente de los ind\u00edgenas, en su mayor\u00eda, quedaron impunes.<\/p>\n<p style=\"text-align: justify;\">Lo que acaba de suceder en Brasil nos marca una alerta al conjunto de la sociedad colombiana. Se trata del miedo de aquellos poderes mafiosos a que Lula vuelva al poder, pues se les acaba la guachafita. Est\u00e1n desesperados y saben que la \u00fanica manera de contener la voluntad del pueblo de que Lula vuelva al poder, es mediante la represi\u00f3n, que implica la encarcelaci\u00f3n, sin raz\u00f3n de ser, los asesinatos a l\u00edderes sociales que generan incertidumbre. Solidaridad total al pueblo de Brasil. Sobre nuestro continente hay intereses de todo tipo y no permiten que se reconstruyan nuestras naciones y que se siembre esperanza. A punta de miedo, de amenazas, de mentiras burdas nos han tenido, por eso cobra m\u00e1s sentido urgente la propuesta de Petro, necesitamos priorizar la educaci\u00f3n de la poblaci\u00f3n para que pueda leer estas trampas en el lenguaje, e independizar el sistema de justicia.<\/p>\n<p style=\"text-align: justify;\">Qu\u00e9 torpes los militares brasileros, las ansias del poder los est\u00e1n llevando a cometer una gran locura. Eso quiere decir que en Brasil realmente no hay democracia. A\u00fan est\u00e1n en tiempos de la dictadura, y \u00e9sta no ha cesado. Solidaridad con el pueblo de Brasil. Creo que el caso de Lula debe resolverse de manera urgente en una Corte Internacional, quiz\u00e1s en el Tribunal de la Haya o Tribunal Internacional de Justicia. Si los sectores democr\u00e1ticos ganan, lo primero que tienen que hacer es fortalecer el sistema de justicia en Brasil.<\/p>\n<p style=\"text-align: justify;\">\u00bfUstedes se imaginan Colombia con una sola Corte? Ser\u00eda la brasile\u00f1izaci\u00f3n de Colombia. Ser\u00eda la guachafita de impunidad absoluta, ser\u00eda que los asesinos y ladrones pudieran seguir saqueando nuestros recursos, eliminando al contendor pol\u00edtico, sin que nadie le vigile, sin que nadie le detenga.<\/p>\n<p style=\"text-align: justify;\"><em>Claudia Meza, soci\u00f3loga, investigadora.<\/em><\/p>\n","protected":false},"excerpt":{"rendered":"<p>Ayer despert\u00e9 a las 4:30 a.m. como de costumbre y empec\u00e9 a revisar los diarios y las publicaciones entre ellos el Facebook, oh sorpresa, me encuentro con la noticia de que Lula Da Silva ir\u00e1 nuevamente a prisi\u00f3n, por doce a\u00f1os, cuando hace dos semanas celebr\u00e1bamos la movilizaci\u00f3n gigantesca, impresionante, de la poblaci\u00f3n de las [&hellip;]<\/p>\n","protected":false},"author":51,"featured_media":22875,"comment_status":"closed","ping_status":"closed","sticky":false,"template":"","format":"standard","meta":{"_et_pb_use_builder":"","_et_pb_old_content":"","_et_gb_content_width":"","footnotes":""},"categories":[18],"tags":[],"class_list":["post-22874","post","type-post","status-publish","format-standard","has-post-thumbnail","hentry","category-victimas"],"_links":{"self":[{"href":"https:\/\/arcoiris.com.co\/v3\/wp-json\/wp\/v2\/posts\/22874","targetHints":{"allow":["GET"]}}],"collection":[{"href":"https:\/\/arcoiris.com.co\/v3\/wp-json\/wp\/v2\/posts"}],"about":[{"href":"https:\/\/arcoiris.com.co\/v3\/wp-json\/wp\/v2\/types\/post"}],"author":[{"embeddable":true,"href":"https:\/\/arcoiris.com.co\/v3\/wp-json\/wp\/v2\/users\/51"}],"replies":[{"embeddable":true,"href":"https:\/\/arcoiris.com.co\/v3\/wp-json\/wp\/v2\/comments?post=22874"}],"version-history":[{"count":0,"href":"https:\/\/arcoiris.com.co\/v3\/wp-json\/wp\/v2\/posts\/22874\/revisions"}],"wp:featuredmedia":[{"embeddable":true,"href":"https:\/\/arcoiris.com.co\/v3\/wp-json\/wp\/v2\/media\/22875"}],"wp:attachment":[{"href":"https:\/\/arcoiris.com.co\/v3\/wp-json\/wp\/v2\/media?parent=22874"}],"wp:term":[{"taxonomy":"category","embeddable":true,"href":"https:\/\/arcoiris.com.co\/v3\/wp-json\/wp\/v2\/categories?post=22874"},{"taxonomy":"post_tag","embeddable":true,"href":"https:\/\/arcoiris.com.co\/v3\/wp-json\/wp\/v2\/tags?post=22874"}],"curies":[{"name":"wp","href":"https:\/\/api.w.org\/{rel}","templated":true}]}}