{"id":22883,"date":"2018-04-11T15:17:35","date_gmt":"2018-04-11T20:17:35","guid":{"rendered":"https:\/\/arcoiris.com.co\/v3\/?p=22883"},"modified":"2019-08-26T15:05:44","modified_gmt":"2019-08-26T20:05:44","slug":"cronicas-del-departamento-de-cordoba-ii","status":"publish","type":"post","link":"https:\/\/arcoiris.com.co\/v3\/2018\/04\/cronicas-del-departamento-de-cordoba-ii\/","title":{"rendered":"Cr\u00f3nicas del departamento de C\u00f3rdoba II"},"content":{"rendered":"<div id=\"attachment_22884\" style=\"width: 640px\" class=\"wp-caption aligncenter\"><a href=\"https:\/\/arcoiris.com.co\/v3\/wp-content\/uploads\/2018\/04\/Foto-3-compa.jpg\"><img loading=\"lazy\" decoding=\"async\" aria-describedby=\"caption-attachment-22884\" class=\"size-full wp-image-22884\" src=\"https:\/\/arcoiris.com.co\/v3\/wp-content\/uploads\/2018\/04\/Foto-3-compa.jpg\" alt=\"\" width=\"630\" height=\"415\" srcset=\"https:\/\/arcoiris.com.co\/v3\/wp-content\/uploads\/2018\/04\/Foto-3-compa.jpg 630w, https:\/\/arcoiris.com.co\/v3\/wp-content\/uploads\/2018\/04\/Foto-3-compa-300x198.jpg 300w\" sizes=\"(max-width: 630px) 100vw, 630px\" \/><\/a><p id=\"caption-attachment-22884\" class=\"wp-caption-text\">Margarita y Mateo QEPD &#8211; Foto El Universal<\/p><\/div>\n<p style=\"text-align: justify;\"><strong><em>Segunda Entrega &#8211; Parte II Violencia Pol\u00edtica y Militar&nbsp;<\/em>(<\/strong><a href=\"https:\/\/arcoiris.com.co\/v3\/2018\/01\/cronicas-del-departamento-de-cordoba\/\" target=\"_blank\" rel=\"noopener noreferrer\"><span style=\"color: #008000;\"><em>Ver&nbsp;Cr\u00f3nicas del departamento de C\u00f3rdoba<\/em><\/span><\/a><strong>)<\/strong><\/p>\n<p style=\"text-align: justify;\"><em>El m\u00e1s elemental e importante de los derechos humanos es la vida, sin ella ning\u00fan otro derecho es posible. Declaraci\u00f3n Universal de los DDHH.<\/em><\/p>\n<p style=\"text-align: justify;\">A Bernabela Riondo Pacheco lideresa ind\u00edgena de la etnia Zen\u00fa, defensora de derechos humanos en su territorio, la asesinaron a los 50 a\u00f1os de edad junto al rezandero de su comunidad Santiago Polo, el 3 de noviembre de 1997, hecho ocurrido en la vereda Bajo Grande del Resguardo Ind\u00edgena de San Andr\u00e9s de Sotavento, actores armados que dijeron pertenecer a la Polic\u00eda Nacional [1] segaron sus vidas. Desde 1990 hasta la fecha, m\u00e1s de 50 dirigentes de esta etnia han sido asesinados indistintamente por diferentes actores armados.<\/p>\n<p style=\"text-align: justify;\">A Lucindo Domic\u00f3 Cabrera[2] , un joven din\u00e1mico que se desempe\u00f1aba como asesor tradicional de los cabildos mayores del R\u00edo Verde y R\u00edo Sin\u00fa perteneciente a la etnia Embera Kat\u00edos, lo asesinaron el s\u00e1bado 25 de abril de 1999 s\u00f3lo hab\u00eda cumplido 30 a\u00f1os. Dos sicarios encapuchados que tumbaron la puerta de su residencia en pleno centro del Municipio de Tierralta, toda apunta que su muerte al igual que la de otros miembros de esta etnia que habita en el Alto Sin\u00fa al sur del Departamento de C\u00f3rdoba fueron ocasionadas por oponerse a la construcci\u00f3n y posterior llenado de la abominable Represa de Urra 1.<\/p>\n<p style=\"text-align: justify;\">Marlin Mar\u00eda De la Ossa Qui\u00f1\u00f3nez[3], estudiante de Ciencias Sociales de la Universidad de C\u00f3rdoba, fue asesinada la noche del lunes 23 de mayo del 2000 en el corregimiento Ber\u00e1stegui, a 30 minutos de Monter\u00eda. Era la segunda estudiante de esa universidad asesinada en una semana y la quinta v\u00edctima del centro universitario en menos de tres meses. En abril del a\u00f1o 1999, apareci\u00f3 un panfleto que se distribuy\u00f3 en la U. de C\u00f3rdoba, en \u00e9l 10 estudiantes aparecieron amenazados de muerte acusados de subversivos, un a\u00f1o despu\u00e9s 5 de ellos yac\u00edan bajo tierra asesinados por paramilitares que terminaron adue\u00f1\u00e1ndose del alma mater de los cordobeses.<\/p>\n<p style=\"text-align: justify;\">Amparados por la impunidad y, alianzas perversas con las fuerzas armadas, el DAS, sectores importantes de la clase pol\u00edtica e incluso comunidades de base, en todo el departamento de C\u00f3rdoba, principalmente su capital Monter\u00eda, se vivi\u00f3 la violencia del conflicto armado con sus da\u00f1os colaterales, la cual termino involucrando a propios y extra\u00f1os de una u otra manera; impuestos de guerra, detrimento a la infraestructura p\u00fablica y privada: voladura de torres de conducci\u00f3n de redes el\u00e9ctricas, puentes, maquinaria, edificaciones, mayor\u00edas de fincas, veh\u00edculos incinerados, extorsiones, secuestros, desapariciones forzadas, falsos positivos, entre otras operatividades militares legales e ilegales.<\/p>\n<p style=\"text-align: justify;\">El uso de armas no convencionales como la motosierra, martillos, taladros, cuchillos, machetes, mata gatos[4] , fosas de caimanes, perros, ahorcamiento, artefactos explosivos artesanales como las minas antipersonas denominadas \u201cquiebra patas\u201d, o las Claymore, conocidas como sombrero Chino o sombrero Vietnamita, usadas indiscriminadamente para asesinar, torturar y desmembrar seres humanos, son cientos las v\u00edctimas de este tipo de armas no convencionales en el departamento, se dice incluso que algunos fueron amarrados en ambas extremidades en tractores u otros veh\u00edculos, incluso en caballos, para ser desmembrados en un acto de barbarie al mejor estilo del circo romano.<\/p>\n<p style=\"text-align: justify;\">El sicariato en moto y el uso de las famosas 4 puertas con vidrios polarizados, fueron otras formas de operar que sembraron el miedo y el terror en barrios y veredas de la regi\u00f3n cordobesa, los asesinatos selectivos, las masacres, la desaparici\u00f3n forzada, la intimidaci\u00f3n, el boleteo, el abuso sexual, el reclutamiento forzado de menores y adultos como cuota familiar o comunitaria, incluso como bot\u00edn de guerra, fueron parte del tributo obligado de sus gentes al absurdo conflicto armado que hizo de la vida una mercanc\u00eda desvalorizada.<\/p>\n<h6 style=\"text-align: justify;\">[1] Fuente Redacci\u00f3n el Tiempo 5 de noviembre de 1997. http:\/\/www.eltiempo.com\/archivo\/documento\/<br \/>\n[2] Fuente Redacci\u00f3n el Tiempo 27 de abril de 1999.&nbsp; http:\/\/www.eltiempo.com\/archivo\/documento\/<br \/>\n[3]&nbsp;Fuente redacci\u00f3n el tiempo 24 de mayo del 2000. http:\/\/www.eltiempo.com\/archivo\/documento\/MAM-1234938<br \/>\n[4]&nbsp;La pistola \u00abTKO\u00bb o \u00abmatagatos\u00bb, nombre por el que tambi\u00e9n se la conoce en Argentina, su pa\u00eds de origen, era una arma monotiro de venta libre. Fuente Google, historia de las armas de fuego.<\/h6>\n<p>Continuar leyendo en&nbsp;<span style=\"color: #008000;\"><em><strong><a style=\"color: #008000;\" href=\"https:\/\/arcoiris.com.co\/v3\/wp-content\/uploads\/2018\/04\/CR\u00d3NICAS-DE-C\u00d3RDOBA-II.pdf\" target=\"_blank\" rel=\"noopener noreferrer\">CR\u00d3NICAS DE C\u00d3RDOBA II<\/a><\/strong><\/em><\/span><\/p>\n<p><em>Por: Luis E. S\u00e1nchez Puche<\/em><br \/>\n<em>Soci\u00f3logo.<\/em><br \/>\n<em>Corporaci\u00f3n Nuevo Arco Iris<\/em><\/p>\n","protected":false},"excerpt":{"rendered":"<p>Segunda Entrega &#8211; Parte II Violencia Pol\u00edtica y Militar&nbsp;(Ver&nbsp;Cr\u00f3nicas del departamento de C\u00f3rdoba) El m\u00e1s elemental e importante de los derechos humanos es la vida, sin ella ning\u00fan otro derecho es posible. Declaraci\u00f3n Universal de los DDHH. A Bernabela Riondo Pacheco lideresa ind\u00edgena de la etnia Zen\u00fa, defensora de derechos humanos en su territorio, la [&hellip;]<\/p>\n","protected":false},"author":51,"featured_media":22884,"comment_status":"closed","ping_status":"closed","sticky":false,"template":"","format":"standard","meta":{"_et_pb_use_builder":"","_et_pb_old_content":"","_et_gb_content_width":"","footnotes":""},"categories":[18],"tags":[],"class_list":["post-22883","post","type-post","status-publish","format-standard","has-post-thumbnail","hentry","category-victimas"],"_links":{"self":[{"href":"https:\/\/arcoiris.com.co\/v3\/wp-json\/wp\/v2\/posts\/22883","targetHints":{"allow":["GET"]}}],"collection":[{"href":"https:\/\/arcoiris.com.co\/v3\/wp-json\/wp\/v2\/posts"}],"about":[{"href":"https:\/\/arcoiris.com.co\/v3\/wp-json\/wp\/v2\/types\/post"}],"author":[{"embeddable":true,"href":"https:\/\/arcoiris.com.co\/v3\/wp-json\/wp\/v2\/users\/51"}],"replies":[{"embeddable":true,"href":"https:\/\/arcoiris.com.co\/v3\/wp-json\/wp\/v2\/comments?post=22883"}],"version-history":[{"count":0,"href":"https:\/\/arcoiris.com.co\/v3\/wp-json\/wp\/v2\/posts\/22883\/revisions"}],"wp:featuredmedia":[{"embeddable":true,"href":"https:\/\/arcoiris.com.co\/v3\/wp-json\/wp\/v2\/media\/22884"}],"wp:attachment":[{"href":"https:\/\/arcoiris.com.co\/v3\/wp-json\/wp\/v2\/media?parent=22883"}],"wp:term":[{"taxonomy":"category","embeddable":true,"href":"https:\/\/arcoiris.com.co\/v3\/wp-json\/wp\/v2\/categories?post=22883"},{"taxonomy":"post_tag","embeddable":true,"href":"https:\/\/arcoiris.com.co\/v3\/wp-json\/wp\/v2\/tags?post=22883"}],"curies":[{"name":"wp","href":"https:\/\/api.w.org\/{rel}","templated":true}]}}