{"id":22887,"date":"2018-04-12T15:03:54","date_gmt":"2018-04-12T20:03:54","guid":{"rendered":"https:\/\/arcoiris.com.co\/v3\/?p=22887"},"modified":"2019-08-26T15:05:44","modified_gmt":"2019-08-26T20:05:44","slug":"denunciamos-el-asesinato-de-dos-2-lideres-campesinos-de-san-jose-del-palmar-choco","status":"publish","type":"post","link":"https:\/\/arcoiris.com.co\/v3\/2018\/04\/denunciamos-el-asesinato-de-dos-2-lideres-campesinos-de-san-jose-del-palmar-choco\/","title":{"rendered":"Denunciamos el asesinato de dos (2) l\u00edderes campesinos de San Jos\u00e9 del Palmar, Choc\u00f3"},"content":{"rendered":"<div id=\"attachment_22888\" style=\"width: 630px\" class=\"wp-caption aligncenter\"><a href=\"https:\/\/arcoiris.com.co\/v3\/wp-content\/uploads\/2018\/04\/WhatsApp-Image-2018-04-11-at-17.32.14.jpeg\"><img loading=\"lazy\" decoding=\"async\" aria-describedby=\"caption-attachment-22888\" class=\"size-large wp-image-22888\" src=\"https:\/\/arcoiris.com.co\/v3\/wp-content\/uploads\/2018\/04\/WhatsApp-Image-2018-04-11-at-17.32.14-640x312.jpeg\" alt=\"\" width=\"620\" height=\"302\" srcset=\"https:\/\/arcoiris.com.co\/v3\/wp-content\/uploads\/2018\/04\/WhatsApp-Image-2018-04-11-at-17.32.14-640x312.jpeg 640w, https:\/\/arcoiris.com.co\/v3\/wp-content\/uploads\/2018\/04\/WhatsApp-Image-2018-04-11-at-17.32.14-300x146.jpeg 300w, https:\/\/arcoiris.com.co\/v3\/wp-content\/uploads\/2018\/04\/WhatsApp-Image-2018-04-11-at-17.32.14-768x374.jpeg 768w, https:\/\/arcoiris.com.co\/v3\/wp-content\/uploads\/2018\/04\/WhatsApp-Image-2018-04-11-at-17.32.14.jpeg 1250w\" sizes=\"(max-width: 620px) 100vw, 620px\" \/><\/a><p id=\"caption-attachment-22888\" class=\"wp-caption-text\">Foto: Archivo\/ Wilson Quetama y Claudio Ch\u00e1vez<\/p><\/div>\n<p style=\"text-align: justify;\">A trav\u00e9s de informaci\u00f3n recopilada por la Corporaci\u00f3n Nuevo Arco Iris, se pudo establecer que en la noche del pasado domingo 08 de abril, fueron asesinados los l\u00edderes campesinos Wilson Quetama y Claudio V\u00e1squez en el municipio de San Jos\u00e9 del Palmar (corregimiento de la Italia), departamento del Choc\u00f3. Se responsabiliza de este crimen a integrantes del Frente Che Guevara del Ej\u00e9rcito de Liberaci\u00f3n Nacional \u2013ELN-.<\/p>\n<p style=\"text-align: justify;\">Llamamos al ELN a detener los injustos ataques contra la poblaci\u00f3n civil. Desde la Corporaci\u00f3n Nuevo Arco Iris, siempre hemos respaldado la salida negociada al conflicto armado en Colombia y apoyado irrestrictamente las negociaciones de paz entre el gobierno colombiano y la insurgencia del ELN, por lo que conminamos al equipo negociador del ELN en la mesa de Quito a pronunciarse frente a estos lamentables hechos de violencia, que s\u00f3lo alimentan la zozobra y la violencia que se vive en los territorios rurales y ponen en riesgo a las comunidades que habitan las zonas de conflicto.<\/p>\n<p style=\"text-align: justify;\">Apoyamos la exigencia del ELN para que se apruebe un acuerdo humanitario para el departamento del Choc\u00f3, que garantice el respeto a los derechos humanos y el derecho internacional humanitario de los pobladores de esta vasta regi\u00f3n del litoral pac\u00edfico colombiano, pero exigimos a la vez que la guerrilla del ELN honre el compromiso de respetar la vida de civiles inocentes atrapados en el v\u00f3rtice de violencia que se vive en esas \u00e1reas. \u00a1Basta ya de ataques contra la poblaci\u00f3n civil!<\/p>\n<p style=\"text-align: justify;\">CORPORACION NUEVO ARCO IRIS<\/p>\n<p>Ver<span style=\"color: #008000;\">\u00a0<em><strong><a style=\"color: #008000;\" href=\"https:\/\/arcoiris.com.co\/v3\/wp-content\/uploads\/2018\/04\/LUTO-EN-SAN-JOS\u00c9-DEL-PALMAR-1.pdf\" target=\"_blank\" rel=\"noopener noreferrer\">LUTO-EN-SAN-JOS\u00c9-DEL-PALMAR <\/a><\/strong><\/em><\/span><\/p>\n","protected":false},"excerpt":{"rendered":"<p>A trav\u00e9s de informaci\u00f3n recopilada por la Corporaci\u00f3n Nuevo Arco Iris, se pudo establecer que en la noche del pasado domingo 08 de abril, fueron asesinados los l\u00edderes campesinos Wilson Quetama y Claudio V\u00e1squez en el municipio de San Jos\u00e9 del Palmar (corregimiento de la Italia), departamento del Choc\u00f3. Se responsabiliza de este crimen a [&hellip;]<\/p>\n","protected":false},"author":106,"featured_media":22888,"comment_status":"closed","ping_status":"closed","sticky":false,"template":"","format":"standard","meta":{"_et_pb_use_builder":"","_et_pb_old_content":"","_et_gb_content_width":"","footnotes":""},"categories":[18],"tags":[],"class_list":["post-22887","post","type-post","status-publish","format-standard","has-post-thumbnail","hentry","category-victimas"],"_links":{"self":[{"href":"https:\/\/arcoiris.com.co\/v3\/wp-json\/wp\/v2\/posts\/22887","targetHints":{"allow":["GET"]}}],"collection":[{"href":"https:\/\/arcoiris.com.co\/v3\/wp-json\/wp\/v2\/posts"}],"about":[{"href":"https:\/\/arcoiris.com.co\/v3\/wp-json\/wp\/v2\/types\/post"}],"author":[{"embeddable":true,"href":"https:\/\/arcoiris.com.co\/v3\/wp-json\/wp\/v2\/users\/106"}],"replies":[{"embeddable":true,"href":"https:\/\/arcoiris.com.co\/v3\/wp-json\/wp\/v2\/comments?post=22887"}],"version-history":[{"count":0,"href":"https:\/\/arcoiris.com.co\/v3\/wp-json\/wp\/v2\/posts\/22887\/revisions"}],"wp:featuredmedia":[{"embeddable":true,"href":"https:\/\/arcoiris.com.co\/v3\/wp-json\/wp\/v2\/media\/22888"}],"wp:attachment":[{"href":"https:\/\/arcoiris.com.co\/v3\/wp-json\/wp\/v2\/media?parent=22887"}],"wp:term":[{"taxonomy":"category","embeddable":true,"href":"https:\/\/arcoiris.com.co\/v3\/wp-json\/wp\/v2\/categories?post=22887"},{"taxonomy":"post_tag","embeddable":true,"href":"https:\/\/arcoiris.com.co\/v3\/wp-json\/wp\/v2\/tags?post=22887"}],"curies":[{"name":"wp","href":"https:\/\/api.w.org\/{rel}","templated":true}]}}