{"id":22990,"date":"2018-05-04T15:49:20","date_gmt":"2018-05-04T20:49:20","guid":{"rendered":"https:\/\/arcoiris.com.co\/v3\/?p=22990"},"modified":"2019-08-26T15:05:43","modified_gmt":"2019-08-26T20:05:43","slug":"el-proceso-contra-santrich-una-cuenca-mas-del-mismo-latigo","status":"publish","type":"post","link":"https:\/\/arcoiris.com.co\/v3\/2018\/05\/el-proceso-contra-santrich-una-cuenca-mas-del-mismo-latigo\/","title":{"rendered":"El proceso contra Santrich, una cuenca m\u00e1s del mismo l\u00e1tigo"},"content":{"rendered":"<p style=\"text-align: justify;\"><a href=\"https:\/\/arcoiris.com.co\/v3\/wp-content\/uploads\/2018\/05\/Venganza-Justicia-484604271-00.jpg\"><img loading=\"lazy\" decoding=\"async\" class=\"aligncenter size-full wp-image-22991\" src=\"https:\/\/arcoiris.com.co\/v3\/wp-content\/uploads\/2018\/05\/Venganza-Justicia-484604271-00.jpg\" alt=\"\" width=\"472\" height=\"293\" srcset=\"https:\/\/arcoiris.com.co\/v3\/wp-content\/uploads\/2018\/05\/Venganza-Justicia-484604271-00.jpg 472w, https:\/\/arcoiris.com.co\/v3\/wp-content\/uploads\/2018\/05\/Venganza-Justicia-484604271-00-300x186.jpg 300w\" sizes=\"(max-width: 472px) 100vw, 472px\" \/><\/a><br \/>\nJes\u00fas Santrich tiene m\u00e1s claro que todos, incluidos sus abogados, lo que est\u00e1 pasando, lo tuvo claro desde el momento en que la fiscal\u00eda y la DEA lo detuvieron y se lo llevaron preso, violando de paso sus derechos y el debido proceso.<\/p>\n<p style=\"text-align: justify;\">Sabe que no es otra cosa que el ataque venenoso de los enemigos del proceso de paz, conspirados a trav\u00e9s de las polic\u00edas pol\u00edticas de Colombia, Fiscal\u00eda General de la Naci\u00f3n y agencias de intervencion policial de car\u00e1cter transnacional como lo es la DEA. El argumento o los motivos de su detenci\u00f3n son lo de menos, siempre el motivo es susceptible del entrampamiento mediante la fabricaci\u00f3n de guiones\/ l\u00e9ase montajes hollywoodenses por parte de la Agencia Federal Antinarc\u00f3ticos de los EE.UU; mucho m\u00e1s simple si el complot gira en torno al nuevo santo Grial, \u201cel narcotr\u00e1fico\u201d[1].<\/p>\n<p style=\"text-align: justify;\">Lo realmente importante es el entrampamiento al opositor pol\u00edtico, al enemigo del r\u00e9gimen que no pudo vencer militarmente, ni pol\u00edticamente; porque para el estado Norteamericano las FARC siguen siendo un enemigo estrat\u00e9gico, se acaba de conocer que el departamento de estado de los EE.UU continua ofreciendo millonarias recompensas por los principales comandantes de esta organizaci\u00f3n, aun cuando hace m\u00e1s de 18 meses dejaron las armas y hoy conforman un partido pol\u00edtico legal.<br \/>\nEs decir, en la agenda de lucha contra las amenazas globales a la seguridad nacional de los EE.UU nada ha cambiado, por lo que dirigen todas sus agencias de inteligencia al cumplimiento de ese objetivo (La guerra contra el narco, dice James Cockcroft[2] , sirve para \u201cjustificar a Estados Unidos enviar a su personal y participar en las operaciones de inteligencia para as\u00ed incrementar el control de la poblaci\u00f3n (\u2026) mediante organismos como, la Agencia Federal Antinarc\u00f3ticos (DEA), la Oficina Federal de Investigaci\u00f3n (FBI) y la Oficina de Alcohol, Tabaco, Armas de Fuego y Explosivos (ATF), que responden al Departamento de Justicia\u201d.<\/p>\n<p style=\"text-align: justify;\">Lamentablemente en la historia del conflicto en Colombia el r\u00e9gimen pol\u00edtico, en ocasiones ali\u00e1ndose con potencias extranjeras, se ha servido de distintas t\u00e1cticas para incumplir o traicionar al opositor rebelde con el que ha firmado la paz; recordemos el asesinato pol\u00edtico de los opositores, despu\u00e9s de atraerlos a la legalidad con promesas de paz como el magnicidio de Rafael Uribe Uribe, despu\u00e9s de finalizada la guerra de los mil d\u00edas en el siglo XIX, o los asesinatos de Guadalupe Salcedo, Dumar Aljure, jefes guerrilleros liberales, despu\u00e9s de ser amnistiados por el gobierno de Rojas Pinilla en los a\u00f1os cincuenta, a los que se suman los cr\u00edmenes contra \u00d3scar William Calvo, Carlos Pizarro, Enrique Buend\u00eda, en los procesos de paz y reincorporaci\u00f3n a la vida civil de las insurgencias del M19, EPL Y Corriente de Renovaci\u00f3n Socialista \u2013CRS-, en la d\u00e9cada de los noventa.<\/p>\n<p style=\"text-align: justify;\">Por eso no sorprende que el enga\u00f1o e incumplimiento a lo convenido en los textos del Acuerdo firmado por el Estado Colombiano, en el acuerdo de La Habana, haga parte del men\u00fa para colapsar los esfuerzos por lograr la implementaci\u00f3n de la paz pactada con la guerrilla de las FARC; esta vez se valieron de estratagemas jur\u00eddicas o leguleyadas fabricadas al \u201calim\u00f3n\u201d entre la DEA y la Fiscal\u00eda General de la Naci\u00f3n; para poder llevar a la c\u00e1rcel a los principales l\u00edderes de las FARC; acus\u00e1ndolos del m\u00e1s grave crimen que se pueda cometer en los tiempos modernos, ante los ojos del imperio, es decir <em>conspirar o traficar coca\u00edna hacia los Estados Unidos<\/em> [3] .<\/p>\n<p style=\"text-align: justify;\">Es la otra manera de derrotar a los rebeldes, acabando con su dignidad, asesinando el esp\u00edritu mientras el cuerpo vive como paria, ya sea estigmatizado por sus conciudadanos o vegetando en una oscura celda en los Estados Unidos hasta que el ciclo vital se extinga, como le est\u00e1 pasando a Sim\u00f3n Trinidad quien completa 14 a\u00f1os preso en los EE.UU o lo que le sucedi\u00f3 a Nelson Mandela por espacio de 27 largos a\u00f1os en la prisi\u00f3n de Roben Island, en Sud\u00e1frica.<\/p>\n<p style=\"text-align: justify;\">Por ello Santrich con total seguridad y convicci\u00f3n, tom\u00f3 la decisi\u00f3n de rebelarse ante semejante afrenta, con la \u00fanica arma de la que no se puede hacer dejaci\u00f3n alguna, la \u00e9tica revolucionaria y el libre albedrio para decidir si morir dignamente o rendirse ante sus opresores. Santrich eligi\u00f3 la huelga de hambre radical para enfrentar a sus verdugos, inspirado en la decisi\u00f3n que tomo Bobby Sands, prisionero pol\u00edtico del IRA y posterior m\u00e1rtir de ese conflicto, en las mazmorras de Irlanda del Norte en el a\u00f1o de 1981, cuando entendi\u00f3 junto con sus compa\u00f1eros[4] (\u2026) que no hab\u00eda otra salida para enfrentar al imperio brit\u00e1nico, gobernado en ese entonces por la aut\u00f3crata l\u00edder de la derecha Inglesa Margaret Thatcher, quien no solo desconoci\u00f3 la existencia del conflicto interno en Irlanda del Norte, sino que adem\u00e1s implement\u00f3 el plan de negar el estatus y la existencia de los prisioneros pol\u00edticos irlandeses agrupados en el IRA, de paso neg\u00e1ndoles todos los derechos humanos consagrados en la carta universal de los derechos humanos y dem\u00e1s tratados internacionales.<\/p>\n<p style=\"text-align: justify;\">En ese momento en Irlanda, la decisi\u00f3n de los huelguistas liderados por Bobby Sands, como en la actualidad en Colombia, con respecto a la protesta emprendida por Jes\u00fas Santrich, no fue tomada en consenso, en el pa\u00eds Europeo Gerry Adams vocero del IRA no estuvo de acuerdo con esta forma radical de lucha, aqu\u00ed en Colombia Timochenco, l\u00edder de las FARC, tampoco la comparte pero la fuerza hist\u00f3rica de los hechos demostr\u00f3 en Irlanda y demostrar\u00e1 aqu\u00ed en Colombia que la pasi\u00f3n y el coraje que se le imprima a una idea hace la diferencia entre la humillaci\u00f3n y la victoria. Nunca a un imperio se le puede dar pelea si no se tiene la convicci\u00f3n de luchar hasta la muerte, los imperios no negocian con los d\u00e9biles, simplemente los ignoran y los someten, esa verdad hist\u00f3rica la tiene clara Jes\u00fas Santrich, ese es el gran valor de su causa.<\/p>\n<p style=\"text-align: justify;\"><span style=\"text-decoration: underline;\"><strong>La extradici\u00f3n como l\u00e1tigo de dominio imperial<\/strong><\/span><\/p>\n<p style=\"text-align: justify;\">La lucha contra la extradici\u00f3n no es nueva en Colombia, desde que se introdujo en nuestra normatividad en el a\u00f1o de 1980, gener\u00f3 rechazo de amplios sectores de la poblaci\u00f3n y la academia, por la asimetr\u00eda de la relaci\u00f3n entre dos estados soberanos, y por el uso que el gobierno norteamericano le da a esa figura, adapt\u00e1ndola a los intereses pol\u00edticos de los gobiernos de turno. No por casualidad todos los sectores progresistas y de izquierda incluidas las insurgencias, rechazaron esta medida y lucharon contra ella, de ah\u00ed que la consigna enarbolada por el cartel de Medell\u00edn en su momento: \u201cpreferimos una tumba en Colombia que una c\u00e1rcel en Estados Unidos\u201d, tuviese enorme apoyo en amplios sectores de la ciudadan\u00eda colombiana en ese entonces; lamentablemente despu\u00e9s esa proclama desemboc\u00f3 en la ola de violencia y terror sin control propiciado por Pablo Escobar y dem\u00e1s miembros del cartel de Medell\u00edn contra el estado Colombiano en la d\u00e9cada de plomo de finales de los a\u00f1os ochenta, que dej\u00f3 muchas muertes, dolor y profundas heridas en nuestra sociedad.<\/p>\n<p style=\"text-align: justify;\">Pero pasada la p\u00e1gina de la violencia ciega de los a\u00f1os 80, el debate sobre la extradici\u00f3n sigue vigente, los interrogantes persisten \u00bfcu\u00e1l es el saldo de esta medida en la lucha contra las drogas despu\u00e9s de 38 a\u00f1os de su promulgaci\u00f3n? \u00bfcu\u00e1nta independencia ha perdido la justicia en Colombia como resultado de este tratado? Pues infortunadamente las cortes colombianas se ci\u00f1en a la revisi\u00f3n de forma de la solicitud de extradici\u00f3n, o en palabras del ex magistrado Jaime Araujo Renteria \u201c(\u2026) los jueces que intervienen por una u otra raz\u00f3n en el proceso de extradici\u00f3n, no examinan en profundidad las pruebas que se presentan contra los colombianos pedidos en extradici\u00f3n\u201d.<\/p>\n<p style=\"text-align: justify;\">\u00bfCuantas arbitrariedades se han cometido en contra de ciudadanos colombianos inocentes extraditados sin pruebas a las c\u00e1rceles y cortes norteamericanas? Como los casos en los que se han enviado a las c\u00e1rceles y cortes del pa\u00eds del norte a colombianos inocentes[5] , como lo muestra lo sucedido a William Gil extraditado en el a\u00f1o 2008 y repatriado a Colombia en el 2009, Gabriel Consuegra extraditado en el 2007 y repatriado tiempo despu\u00e9s junto con su hijo por errores en el proceso y Nelson Vargas Rueda, extraditado en el a\u00f1o 2003 acusado de ser el \u201cmarrano\u201d guerrillero de las FARC y deportado nuevamente a Colombia 30 meses despu\u00e9s, cuando se demostr\u00f3 su inocencia.<\/p>\n<p style=\"text-align: justify;\">En conclusi\u00f3n el tratado de extradici\u00f3n con los EE.UU pas\u00f3 de ser una herramienta para combatir de manera global el delito del narcotr\u00e1fico a convertirse en un mecanismo estrat\u00e9gico para perseguir rebeldes y opositores a los intereses norteamericanos en pa\u00edses dependientes como Colombia y M\u00e9xico.<\/p>\n<p style=\"text-align: justify;\"><em>Julio Cesar Arenas<br \/>\n<\/em><em>Investigador del conflicto Corporaci\u00f3n Nuevo Arco Iris<\/em><\/p>\n<h6 style=\"text-align: justify;\">[1]\u00a0\u201cPero mientras internamente se pavimenta el camino hacia la despenalizaci\u00f3n, Estados Unidos contin\u00faa exigiendo que afuera de sus fronteras se apliquen con rigor todas las estrategias prohibicionistas y se persiga a las mafias criminales, sin importar el saldo rojo de la escalada criminal. . La farsa es cada vez m\u00e1s evidente. El narcotr\u00e1fico no se ha detenido, crece el consumo interno y al final del d\u00eda el resultado no se traduce en disminuci\u00f3n de la presencia de los c\u00e1rteles o de su control territorial, sino en mero reacomodo en los corredores de la droga, reconfiguraciones internas, escisiones y nuevas alianzas. (la doble moral de estados unidos en la guerra contra el narcotr\u00e1fico, CEPRID, septiembre 2014,www.nodo50.org)<\/h6>\n<h6 style=\"text-align: justify;\">[2]\u00a0 James D. Cockcroft, activista e investigador sobre M\u00e9xico, Am\u00e9rica Latina y el imperialismo<\/h6>\n<h6 style=\"text-align: justify;\">[3]\u00a0De las solicitudes de extradici\u00f3n elevadas durante los dos per\u00edodos de Juan Manuel Santos, fueron aprobadas y llevadas a cabo el 98,77 % de los casos solicitados. Y durante los gobiernos de \u00c1lvaro Uribe V\u00e9lez solamente se rechazaron el 3,28% de las solicitudes presentadas, siendo aprobados el 96,71%. De todas estas extradiciones efectuadas, el 90,4% corresponden a peticiones de EE. UU.(Miguel Ramirez, extradici\u00f3n en Colombia y el mundo, 2015)<\/h6>\n<h6 style=\"text-align: justify;\">[4]\u00a0La huelga de hambre en Irlanda \u2026<\/h6>\n<h6 style=\"text-align: justify;\">[5] M\u00e1s all\u00e1 del caso Santrich, Jaime Araujo Renter\u00eda, revista Corrientes, abril 19 \/2018<\/h6>\n","protected":false},"excerpt":{"rendered":"<p>Jes\u00fas Santrich tiene m\u00e1s claro que todos, incluidos sus abogados, lo que est\u00e1 pasando, lo tuvo claro desde el momento en que la fiscal\u00eda y la DEA lo detuvieron y se lo llevaron preso, violando de paso sus derechos y el debido proceso. Sabe que no es otra cosa que el ataque venenoso de los [&hellip;]<\/p>\n","protected":false},"author":106,"featured_media":22991,"comment_status":"closed","ping_status":"closed","sticky":false,"template":"","format":"standard","meta":{"_et_pb_use_builder":"","_et_pb_old_content":"","_et_gb_content_width":"","footnotes":""},"categories":[638,633,18],"tags":[],"class_list":["post-22990","post","type-post","status-publish","format-standard","has-post-thumbnail","hentry","category-conflictos","category-opinion","category-victimas"],"_links":{"self":[{"href":"https:\/\/arcoiris.com.co\/v3\/wp-json\/wp\/v2\/posts\/22990","targetHints":{"allow":["GET"]}}],"collection":[{"href":"https:\/\/arcoiris.com.co\/v3\/wp-json\/wp\/v2\/posts"}],"about":[{"href":"https:\/\/arcoiris.com.co\/v3\/wp-json\/wp\/v2\/types\/post"}],"author":[{"embeddable":true,"href":"https:\/\/arcoiris.com.co\/v3\/wp-json\/wp\/v2\/users\/106"}],"replies":[{"embeddable":true,"href":"https:\/\/arcoiris.com.co\/v3\/wp-json\/wp\/v2\/comments?post=22990"}],"version-history":[{"count":0,"href":"https:\/\/arcoiris.com.co\/v3\/wp-json\/wp\/v2\/posts\/22990\/revisions"}],"wp:featuredmedia":[{"embeddable":true,"href":"https:\/\/arcoiris.com.co\/v3\/wp-json\/wp\/v2\/media\/22991"}],"wp:attachment":[{"href":"https:\/\/arcoiris.com.co\/v3\/wp-json\/wp\/v2\/media?parent=22990"}],"wp:term":[{"taxonomy":"category","embeddable":true,"href":"https:\/\/arcoiris.com.co\/v3\/wp-json\/wp\/v2\/categories?post=22990"},{"taxonomy":"post_tag","embeddable":true,"href":"https:\/\/arcoiris.com.co\/v3\/wp-json\/wp\/v2\/tags?post=22990"}],"curies":[{"name":"wp","href":"https:\/\/api.w.org\/{rel}","templated":true}]}}