{"id":23314,"date":"2019-07-31T09:38:11","date_gmt":"2019-07-31T14:38:11","guid":{"rendered":"https:\/\/arcoiris.com.co\/v3\/?p=23314"},"modified":"2019-08-26T15:05:43","modified_gmt":"2019-08-26T20:05:43","slug":"la-renuncia-del-fiscal-y-la-estrategia-de-impunidad","status":"publish","type":"post","link":"https:\/\/arcoiris.com.co\/v3\/2019\/07\/la-renuncia-del-fiscal-y-la-estrategia-de-impunidad\/","title":{"rendered":"La \u201crenuncia\u201d del fiscal y la estrategia de impunidad"},"content":{"rendered":"\n<p class=\"has-small-font-size\"><\/p>\n\n\n\n<p>Mientras en Per\u00fa el esc\u00e1ndalo\nde corrupci\u00f3n de <strong>Odebrech<\/strong> trajo como\nconsecuencias la condena de empresarios y altos funcionarios de los gobierno e\ninvestiga a cuatro expresidentes, en Colombia el caso se disfraza e\ninvisibiliza por los medios de comunicaci\u00f3n, muchos de ellos pertenecientes a\nlos mismos grupos econ\u00f3micos comprometidos en uno de los mayores fen\u00f3menos de\nla crisis institucional que compromete al gobierno nacional y a muchos\nintegrantes de su partido y de los partidos de la coalici\u00f3n de gobierno. Por lo\ntanto, la crisis institucional es una crisis provocada, por la misma naturaleza\ny composici\u00f3n del gobierno y por sus t\u00e1cticas de cooptaci\u00f3n de las dem\u00e1s ramas\ndel poder p\u00fablico.<\/p>\n\n\n\n<p>&nbsp;\u00c9se es el caso del Fiscal General de la\nNaci\u00f3n, acusado por una presunta participaci\u00f3n en los negocios del Estado\ncolombiano con Odebrech tanto como ministro consejero de la presidencia, como por\nsu condici\u00f3n de abogado de la firma Corficolombiana del conglomerado empresarial\nde Luis Carlos Sarmiento Angulo. Tambi\u00e9n ha sido cuestionado por los negocios\ncon Carlos Mattos y su asesor\u00eda para ayudarle a evadir la justicia colombiana (la\nmal llamada \u201cprima de \u00e9xito\u201d por incidir en fallos judiciales), la extra\u00f1a\nmuerte con ingesta de cianuro de integrantes de la familia Pizano y otros\npresuntos delitos que \u201cda\u00f1an\u201d su \u201cbuen nombre\u201d. De esta conducta ya se ten\u00eda\nconocimiento antes de haber sido elegido como fiscal, pues algunos columnistas\nindependientes hab\u00edan llamado la atenci\u00f3n del pa\u00eds sobre los antecedentes que\ntra\u00eda la persona que iba a ocupar una de las dignidades m\u00e1s altas del Estado\nColombiano, parad\u00f3jicamente, encargada de apoyar la administraci\u00f3n de justicia.\nNo Obstante N\u00e9stor Humberto Mart\u00ednez Neira se posesiona en el cargo de fiscal\ngeneral de la naci\u00f3n con el prop\u00f3sito de garantizar la impunidad de sus propios\ndelitos como los de los pol\u00edticos y empresarios que le han ayudado en su\ncarrera pol\u00edtica y su pr\u00f3spera labor de abogado al servicio de grandes emporios\necon\u00f3micos con alto poder de incidencia en la pol\u00edtica colombiana. Basta\nmencionar las m\u00faltiples columnas de Daniel Coronell, Mar\u00eda Jimena Duz\u00e1n y Cecilia\nOrosco Tasc\u00f3n entre otras, para darnos cuenta del personaje. <\/p>\n\n\n\n<p>Desde que N\u00e9stor Humberto\nMart\u00ednez lleg\u00f3 a la fiscal\u00eda, se propuso, por todos los medios, dilatar,\nenredar y engavetar el proceso que lo compromete en una trama de corrupci\u00f3n y\ncrimen que m\u00e1s ha ofendido la inteligencia y la dignidad de los colombianos en\nlos \u00faltimos a\u00f1os, y que involucra al Centro Democr\u00e1tico en el gobierno y en su\nbancada en el congreso, a excandidatos y funcionarios de los \u00faltimos gobiernos,\ncomo a integrantes de los otros partidos de la coalici\u00f3n que los llev\u00f3 a ganar\nlas elecciones en el 2018, por las cuales tienen ahora el gobierno y una cada\nvez m\u00e1s escasa y esquiva mayor\u00eda en el congreso. NHMN ten\u00eda, al parecer, la\ncerteza de que el respaldo del uribismo en el congreso de la rep\u00fablica y en el\ngobierno nacional ser\u00eda suficiente para subordinar o vulnerar la autonom\u00eda y la\nindependencia de las cortes que investigan su actuaci\u00f3n en el caso Odebrecht entre\notros, raz\u00f3n por la cual ser\u00eda llamado a indagatoria y retirado de todas la\nl\u00edneas de investigaci\u00f3n que sobre el tema deber\u00eda estar adelantando la entidad\na su cargo, es decir la que se hab\u00eda convertido por sus antecedentes en juez y\nparte.<\/p>\n\n\n\n<p>No fue su conciencia noble y\nhonesta, ni su indignaci\u00f3n ante la injusticia lo que motivaron su renuncia, ni\nfue la decisi\u00f3n de la JEP en el caso Santrich lo que lo oblig\u00f3 a abandonar el cargo,\nsino el agotamiento o reducci\u00f3n del espacio de juego para moverse en su propia\ndefensa desde el cargo de fiscal general ante las evidencias que le pegaban en\nlas narices lo que lo obligaron a apartarse de tan alto y atractivo cargo para\ncorruptos y criminales (parad\u00f3jicamente), y buscar una \u201csalida\u201d ama\u00f1ada como\ntodas sus actuaciones, tratando de convertir un rev\u00e9s en victoria frente a la\noposici\u00f3n y a las cortes como si fuera un ciudadano decente, digno de respeto y\nadmiraci\u00f3n por sus servicios al pa\u00eds. \u00a1Faltaba m\u00e1s!!<\/p>\n\n\n\n<p>Finalmente, aunque ocup\u00f3 todos\nsus esfuerzos en atacar el proceso de paz con la estigmatizaci\u00f3n y\nhostigamiento a la JEP, y mostro un profundo desprecio y negligencia ante los\nataques y asesinatos de defensores(as) de los Derechos Humanos y l\u00edderes\nsociales asesinados, semana tras semana, por estructuras paramilitares que\nsiguen operando en completa impunidad, el fiscal sale cargando un inmenso nivel\nde rechazo y desprestigio por sus actuaciones y sus maneras de querer ocultar\nsus propias pelambres.<\/p>\n\n\n\n<p>Antes de renunciar a la\nfiscal\u00eda, como un \u00faltimo favor a sus defensores, ordena la recaptura de Jes\u00fas\nSantrich que agrava a\u00fan m\u00e1s la crisis del gobierno y de los partidos de\ngobierno que, de torpeza en torpeza, muestran su arrogancia y desprecio por los\nprincipios y valores b\u00e1sicos de la democracia y la independencia de los dem\u00e1s\npoderes p\u00fablicos del Estado que dice ser de Derecho, pero que es de derecha, al\ntratar de socavar la \u00e9tica de los jueces e incidir en sus fallos, acabar con el\nproceso de paz y de paso tumbar la JEP como uno de sus m\u00e1s valiosos\ninstrumentos para la No repetici\u00f3n.<\/p>\n\n\n\n<p>Renuncia el fiscal, orondo y\nsin temor de ser investigado por el fiscal entrante; se va por la puerta grande\nbuscando el financiamiento y apoyo de sus patrones para ser candidato y\npresidente de los mismos con las mismas. El gobierno lo acoger\u00e1 bajo su manto\nde impunidad por los favores recibidos. Ahora el corrupto, se dedicar\u00e1, como su\ncolega el ex procurador Alejandro Ordo\u00f1ez a una posible campa\u00f1a presidencial para\ntratar blindarse de acci\u00f3n de la justicia como un cuadro pol\u00edtico intocable,\npropio de las pr\u00e1cticas de la ultraderecha<a href=\"#_ftn1\">[1]<\/a>de todos los tiempos.<\/p>\n\n\n\n<p>No tenemos muchas esperanzas\nen el nuevo fiscal. Probablemente seguir\u00e1 al servicio de la pol\u00edtica de guerra\nUribista. \u00c9ste nuevo fiscal no tendr\u00e1 v\u00edsceras, ni dilemas \u00e9ticos, que lo\nlleven a pensar en la lucha contra la impunidad para que todo el pa\u00eds conozca\nla verdad sobre los hechos y cr\u00edmenes que se cometieron en el marco de este\nconflicto, va a continuar con la estrategia de obstruir la justicia para\nfavorecer a los poderosos de este pa\u00eds, terminar con los anhelos de paz de los\ncolombianos y poner en cuidados intensivos el Estado Social de Derecho.<\/p>\n\n\n\n<p>Nos queda respaldar la autonom\u00eda\ny la independencia de todas las ramas del poder judicial y de los tribunales\ninternacionales para que un d\u00eda, m\u00e1s temprano que tarde, podamos ver brillar el\nsol de la justicia en todas nuestras instituciones y a los responsables de\ntantas infamias en el lugar donde deben estar, no en el ejercicio de poder para\nsu propio beneficio e impunidad.<br \/><\/p>\n\n\n\n<hr class=\"wp-block-separator\"\/>\n\n\n\n<p><a href=\"#_ftnref1\">[1]<\/a>\nVideo del canal YouTube del espectador: 19 de mayo<\/p>\n","protected":false},"excerpt":{"rendered":"<p>Foto: Jennifer Rueda<\/p>\n","protected":false},"author":106,"featured_media":23315,"comment_status":"closed","ping_status":"closed","sticky":false,"template":"","format":"standard","meta":{"_et_pb_use_builder":"","_et_pb_old_content":"","_et_gb_content_width":"","footnotes":""},"categories":[638,632,18],"tags":[],"class_list":["post-23314","post","type-post","status-publish","format-standard","has-post-thumbnail","hentry","category-conflictos","category-editorial","category-victimas"],"_links":{"self":[{"href":"https:\/\/arcoiris.com.co\/v3\/wp-json\/wp\/v2\/posts\/23314","targetHints":{"allow":["GET"]}}],"collection":[{"href":"https:\/\/arcoiris.com.co\/v3\/wp-json\/wp\/v2\/posts"}],"about":[{"href":"https:\/\/arcoiris.com.co\/v3\/wp-json\/wp\/v2\/types\/post"}],"author":[{"embeddable":true,"href":"https:\/\/arcoiris.com.co\/v3\/wp-json\/wp\/v2\/users\/106"}],"replies":[{"embeddable":true,"href":"https:\/\/arcoiris.com.co\/v3\/wp-json\/wp\/v2\/comments?post=23314"}],"version-history":[{"count":0,"href":"https:\/\/arcoiris.com.co\/v3\/wp-json\/wp\/v2\/posts\/23314\/revisions"}],"wp:featuredmedia":[{"embeddable":true,"href":"https:\/\/arcoiris.com.co\/v3\/wp-json\/wp\/v2\/media\/23315"}],"wp:attachment":[{"href":"https:\/\/arcoiris.com.co\/v3\/wp-json\/wp\/v2\/media?parent=23314"}],"wp:term":[{"taxonomy":"category","embeddable":true,"href":"https:\/\/arcoiris.com.co\/v3\/wp-json\/wp\/v2\/categories?post=23314"},{"taxonomy":"post_tag","embeddable":true,"href":"https:\/\/arcoiris.com.co\/v3\/wp-json\/wp\/v2\/tags?post=23314"}],"curies":[{"name":"wp","href":"https:\/\/api.w.org\/{rel}","templated":true}]}}