{"id":23356,"date":"2019-08-11T18:15:39","date_gmt":"2019-08-11T23:15:39","guid":{"rendered":"https:\/\/arcoiris.com.co\/v3\/?p=23356"},"modified":"2019-08-26T15:05:42","modified_gmt":"2019-08-26T20:05:42","slug":"dinamicas-de-los-conflictos-territoriales-en-montes-de-maria-y-sur-de-sucre","status":"publish","type":"post","link":"https:\/\/arcoiris.com.co\/v3\/2019\/08\/dinamicas-de-los-conflictos-territoriales-en-montes-de-maria-y-sur-de-sucre\/","title":{"rendered":"Din\u00e1micas de los conflictos territoriales en Montes de Mar\u00eda y Sur de Sucre"},"content":{"rendered":"\n<p><strong>Por Jos\u00e9 Macareno Acosta <\/strong>\/ <strong>Foto Alucin\u00f3geno Colectivo<\/strong><\/p>\n\n\n\n<p>Ante las aterrorizantes cifras entregadas por la Fiscal\u00eda,\nque indican que 80 personas han sido asesinadas el departamento de Sucre en lo corrido\ndel presente a\u00f1o, crecen los rumores sobre recrudecimiento de la violencia de\ntoda \u00edndole en los departamento de Sucre, C\u00f3rdoba, Bol\u00edvar y Norte de Antioquia.\nAumentan con la difusi\u00f3n de panfletos amenazantes y el asesinato de varios\nl\u00edderes sociales: Juli\u00e1n Qui\u00f1ones U\u00f1ate l\u00edder Comunal en Cove\u00f1as,\nDumer Fernando Barco Palomino,\nl\u00edder pol\u00edtico de San Marcos Sucre.<\/p>\n\n\n\n<p>A lo anterior ser le suma el asesinato de 16 personas\nen el municipio de San Onofre Sucre, as\u00ed como otras situaciones de\nincertidumbre, temor y desesperanza, que se acrecentaron con las amenazas\ntelef\u00f3nicas y verbales de las que son objeto l\u00edderes y lideresas sociales,\npol\u00edticos, comunales y comunitarios. Y de acuerdo con denuncias de la Mesa\nDepartamental de Garant\u00eda para defensores de Derechos Humanos de Sucre, la\nsituaci\u00f3n se agudiz\u00f3 especialmente despu\u00e9s de haberse desarrollado un consejo\nde seguridad con el Ministro de Defensa, Guillermo Botero Nieto, en el\nmunicipio de Cove\u00f1as Sucre, antes del cual integrantes de la Mesa de Garant\u00edas\nhab\u00edan realizado delicadas denuncias por violaciones a los Derechos Humanos. <\/p>\n\n\n\n<p><strong>Los escenarios del conflicto hoy<\/strong><\/p>\n\n\n\n<p>Al indagar sobre este tema y sus consecuencias para la\nregi\u00f3n, encontramos que la violencia se ha vuelto c\u00edclica, en especial en tiempos\nde campa\u00f1as electorales. Nuestras averiguaciones nos acercaron a la sesi\u00f3n\nitinerante de un Espacio &nbsp;para la Construcci\u00f3n\nde Paz en Montes de Mar\u00eda, realizado el pasado 6 de julio, en el municipio de\nLos Palmitos Departamento de Sucre, al que acudieron l\u00edderes y lideresas\npol\u00edticos, comunitarios, sociales, comunales, victimas, j\u00f3venes, campesinos, &nbsp;poblaciones \u00e9tnicas, y &nbsp;de la &nbsp;producci\u00f3n de 16 municipios, acompa\u00f1ados por\ninstituciones del Estado, (comisi\u00f3n de la verdad, Justicia Especial para la Paz\nJEP, Defensor\u00eda del Pueblo,&nbsp; entes de Cooperaci\u00f3n\n(PNUD, FAO), ONGs, &nbsp;la academia y\nautoridades locales del municipio.<\/p>\n\n\n\n<p>Como punto central de la agenda de este evento, se\ndestac\u00f3 el an\u00e1lisis del contexto, (situaci\u00f3n integral del territorio, regi\u00f3n y\nnaci\u00f3n), que se desarroll\u00f3 en medio de un di\u00e1logo sobre la caracterizaci\u00f3n actual\ndel escenario territorial, en materia de seguridad, prevenci\u00f3n, protecci\u00f3n de\nlas organizaciones y sus liderazgos, destac\u00e1ndose en el diagn\u00f3stico, entre\notros riesgos, la presencia de grupos armados ilegales (GAI), como las\nAutodefensas Gaitanistas de Colombia AGC, Caparrapos y \u00c1guilas Negras,\nespecialmente en los municipio de San Onofre, Carmen de Bol\u00edvar, San Juan, San\nJacinto, Mar\u00eda la Baja, y la regi\u00f3n Mojana. Igualmente se destacan las disputas\npor intereses sobre la tierra y sus distintas aristas, como es el tema del uso,\nla formalizaci\u00f3n, la tenencia, el despojo y concentraci\u00f3n cada vez en pocas\nmanos, los conflictos a los que se ven &nbsp;abocados\npor la presencia de multinacionales con inmensas extensiones de tierras\nconcesionadas para la miner\u00eda de caliza, de hidrocarburos, maderables de\nespecies no nativas, ganader\u00eda intensiva, y la cada vez m\u00e1s cercana\nformalizaci\u00f3n de la propiedad de la &nbsp;tierra despojadas, en favor de los\ndespojadores, de aprobarse el proyecto de Ley que deroga la Ley 160 del 1994,impulsado\npor Centro Democr\u00e1tico.<\/p>\n\n\n\n<p>&nbsp;Todo lo\nanterior, seg\u00fan los participantes y corroborado por la Defensor\u00eda del Pueblo,\nen un anticipo de que ser\u00e1 la pr\u00f3xima alerta temprana para Montes de Mar\u00eda. Como\nsi fuera poco, el inter\u00e9s sobre los recursos naturales contin\u00faa con la\nprivatizaci\u00f3n de acueductos que prestan el &nbsp;servicio de agua para el consumo humano en\nvarios municipios de la regi\u00f3n, y en el caso de Mar\u00eda la Baja, por el distrito\nde riego construido por el Estado para el acceso al agua para consumo humano y\nagricultura para familias campesinas y afrodescendientes, el cual ha sido\nprivatizado, por lo que hoy se genera una lucha en la que ya intervienen actores\narmados no identificados. Todo esto matizado por la marcada indiferencia de la institucionalidad\npara resolver los problemas latentes en el territorio.<\/p>\n\n\n\n<p>Un aspecto relevante del diagn\u00f3stico es la alta\nvulnerabilidad de lideresas y l\u00edderes sociales, ante las diversas formas de\namenazas y amedrentamiento contra la poblaci\u00f3n, aumentando el temor a\ndenunciar, desestimulando y\nlimitando la autonom\u00eda y el empoderamiento ciudadano, particularmente en&nbsp;\nlos l\u00edderes y las lideresas de procesos sociales importantes en la\nregi\u00f3n, como han sido el caso de\nYorelys&nbsp; Velazco, Mayerlis Angarita,\nJorge Montes, entre otros, generando\nel miedo e incremento de la percepci\u00f3n de inseguridad, logrando con ello el objetivo de los actores armados\nde hacer mella en la confianza de la comunidad, en su capacidad de gesti\u00f3n,\nveedur\u00eda y denuncia, y desproveyendo de la protecci\u00f3n comunitaria a sus\ndirigentes.<\/p>\n\n\n\n<p>El an\u00e1lisis realizado por las comunidades coincide en\nsu totalidad con el informe de avance del Sistema de Alertas Tempranas SAT de\nla Defensor\u00eda del Pueblo, as\u00ed como el de la sociedad civil -integrantes de la\nMesa de garant\u00edas para defensores y defensoras de Derechos Humanos de Sucre-. &nbsp;Se destacan las nuevas formas de control del\nterritorio y de la vida social y econ\u00f3mica de las comunidades rurales por parte\nde los actores armados ilegales,&nbsp; tal es\nel caso de la diversificaci\u00f3n de las actividades que les proveen rentas\nil\u00edcitas,&nbsp; como el comercio de armas y\ndrogas, hacia las inversiones en comercio, agricultura y ganader\u00eda,&nbsp; celebraci\u00f3n de grandes fiestas con todos los\ngastos pagos donde involucran a las comunidades, la cooptaci\u00f3n &nbsp;de nuevos liderazgos&nbsp; que son usados para desestabilizar&nbsp; los procesos sociales y sus&nbsp; luchas, a trav\u00e9s de oferta de recursos\necon\u00f3micos, as\u00ed mismo la oferta y pago de salarios mensuales a j\u00f3venes para\nenrolarlos en sus filas.<\/p>\n","protected":false},"excerpt":{"rendered":"<p>Por Jos\u00e9 Macareno Acosta \/ Foto Alucin\u00f3geno Colectivo Ante las aterrorizantes cifras entregadas por la Fiscal\u00eda, que indican que 80 personas han sido asesinadas el departamento de Sucre en lo corrido del presente a\u00f1o, crecen los rumores sobre recrudecimiento de la violencia de toda \u00edndole en los departamento de Sucre, C\u00f3rdoba, Bol\u00edvar y Norte de [&hellip;]<\/p>\n","protected":false},"author":102,"featured_media":23357,"comment_status":"closed","ping_status":"closed","sticky":false,"template":"","format":"standard","meta":{"_et_pb_use_builder":"","_et_pb_old_content":"","_et_gb_content_width":"","footnotes":""},"categories":[638,633,18],"tags":[],"class_list":["post-23356","post","type-post","status-publish","format-standard","has-post-thumbnail","hentry","category-conflictos","category-opinion","category-victimas"],"_links":{"self":[{"href":"https:\/\/arcoiris.com.co\/v3\/wp-json\/wp\/v2\/posts\/23356","targetHints":{"allow":["GET"]}}],"collection":[{"href":"https:\/\/arcoiris.com.co\/v3\/wp-json\/wp\/v2\/posts"}],"about":[{"href":"https:\/\/arcoiris.com.co\/v3\/wp-json\/wp\/v2\/types\/post"}],"author":[{"embeddable":true,"href":"https:\/\/arcoiris.com.co\/v3\/wp-json\/wp\/v2\/users\/102"}],"replies":[{"embeddable":true,"href":"https:\/\/arcoiris.com.co\/v3\/wp-json\/wp\/v2\/comments?post=23356"}],"version-history":[{"count":0,"href":"https:\/\/arcoiris.com.co\/v3\/wp-json\/wp\/v2\/posts\/23356\/revisions"}],"wp:featuredmedia":[{"embeddable":true,"href":"https:\/\/arcoiris.com.co\/v3\/wp-json\/wp\/v2\/media\/23357"}],"wp:attachment":[{"href":"https:\/\/arcoiris.com.co\/v3\/wp-json\/wp\/v2\/media?parent=23356"}],"wp:term":[{"taxonomy":"category","embeddable":true,"href":"https:\/\/arcoiris.com.co\/v3\/wp-json\/wp\/v2\/categories?post=23356"},{"taxonomy":"post_tag","embeddable":true,"href":"https:\/\/arcoiris.com.co\/v3\/wp-json\/wp\/v2\/tags?post=23356"}],"curies":[{"name":"wp","href":"https:\/\/api.w.org\/{rel}","templated":true}]}}