{"id":23386,"date":"2019-09-03T08:42:19","date_gmt":"2019-09-03T13:42:19","guid":{"rendered":"https:\/\/arcoiris.com.co\/v3\/?p=23386"},"modified":"2019-09-03T08:42:22","modified_gmt":"2019-09-03T13:42:22","slug":"cuenten-con-nosotros-para-la-paz-nunca-para-la-guerra","status":"publish","type":"post","link":"https:\/\/arcoiris.com.co\/v3\/2019\/09\/cuenten-con-nosotros-para-la-paz-nunca-para-la-guerra\/","title":{"rendered":"\u00a1CUENTEN CON NOSOTROS PARA LA PAZ, NUNCA PARA LA GUERRA!"},"content":{"rendered":"\n<p>Comunicado de la OIA<\/p>\n\n\n\n<p>Comunidades ind\u00edgenas\nde Antioquia est\u00e1n en medio del fuego cruzado<\/p>\n\n\n\n<p>&#8211; Murind\u00f3, Frontino,\nUrrao y Dabeiba los municipios m\u00e1s afectados por el recrudecimiento de la\nguerra y la presencia de actores armados.<\/p>\n\n\n\n<p>&#8211; M\u00e1s de 1.000 familias\nind\u00edgenas Embera Ey\u00e1bida sufren confinamiento en sus territorios ancestrales.<\/p>\n\n\n\n<p>&#8211; Por lo menos 500\nestudiantes ind\u00edgenas menores de edad no pueden asistir a clases por presencia\nde grupos armados en los resguardos ind\u00edgenas de los municipios en menci\u00f3n.<\/p>\n\n\n\n<p>La Organizaci\u00f3n\nInd\u00edgena de Antioquia, denuncia ante las opini\u00f3n p\u00fablica Nacional e\nInternacional y ante los organismos defensores de Derechos Humanos, la grave\nsituaci\u00f3n humanitaria que se registra en los municipios de Dabeiba, Frontino,\nUrrao y Murind\u00f3 del departamento de Antioquia, donde las comunidades ind\u00edgenas\nson sometidas a la violaci\u00f3n constante de los derechos fundamentales, por parte\nde los grupos armados al margen de la ley, que poco a poco hacen ocupaci\u00f3n\nterritorial de los territorios ancestrales.<\/p>\n\n\n\n<p>El Occidente y Atrato\nMedio antioque\u00f1o se han convertido en corredores estrat\u00e9gicos utilizados por\ngrupos armados al margen de la ley, situaci\u00f3n que ha aumentado y aumenta el\nriesgo de las comunidades ind\u00edgenas, al ser afectadas por la siembra\nincriminada de minas antipersonas, confrontaciones armadas, ataques\nindiscriminados,&nbsp; acceso limitado a\nservicios b\u00e1sicos, riesgo por posible reclutamiento forzado, confinamiento en\nsus viviendas, limitaci\u00f3n a las pr\u00e1cticas organizativas y de autonom\u00eda\nind\u00edgena, as\u00ed como la estigmatizaci\u00f3n- principalmente de l\u00edderes ind\u00edgenas-,\ntodos estos hechos abiertamente contrarios a los Derechos Humanos, el Derecho\nInternacional Humanitario y los acuerdos de Ottawa.<\/p>\n\n\n\n<p>Hay que se\u00f1alar que\ndesde el pasado lunes 26 de agosto se agudiz\u00f3 la situaci\u00f3n de orden p\u00fablico en\ndichos municipios luego de que se registrar\u00e1n enfrentamientos armados entre los\ngrupos armados al margen de la ley que delinquen en estas zonas del\ndepartamento as\u00ed:<\/p>\n\n\n\n<p>26 de agosto,\nenfrentamiento armado en Resguardo Ind\u00edgena Genaturad\u00f3, comunidad Genaturad\u00f3,\nmunicipio de Dabeiba.<\/p>\n\n\n\n<p>28 agosto,\nenfrentamiento armado en Resguardo Chagerad\u00f3, comunidad Turriquitad\u00f3 Llano,\nmunicipio Murind\u00f3.<\/p>\n\n\n\n<p>31 de agosto,\nenfrentamiento armado en Resguardo Ampartrad\u00f3 Alto y Medio, comunidad Amparrad\u00f3\nAlto, municipio de Frontino.<\/p>\n\n\n\n<p>Dicha situaci\u00f3n ha\ngenerado que las familias ind\u00edgenas confinadas no puedan desarrollar su vida de\nmanera normal, poniendo en riesgo su m\u00ednimo vital, hoy por la siembra\nindiscriminada de minas antipersonas, no pueden buscar alimentos de pan coger o\ndesarrollar actividades propias para su subsistencia como la caza y la pesca.\nCondenamos que por este tipo de hechos, los enfermos ind\u00edgenas no puedan\nasistir a los centros asistenciales y que los estudiantes ind\u00edgenas no puedan\ndesarrollar plenamente sus actividades acad\u00e9micas, entre otras cosas, porque\nlos suministros alimenticios de los restaurantes escolares no pueden ser\ningresados a las comunidades. <\/p>\n\n\n\n<p>Por \u00e9sta raz\u00f3n lLa\nOrganizaci\u00f3n Ind\u00edgena de Antioquia hace un llamado a la Defensor\u00eda del Pueblo,\na la Procuradur\u00eda General de la Naci\u00f3n y a la Gobernaci\u00f3n de Antioquia, para\nque adelanten acciones conjuntas y se puedan mitigar inmediatamente los riesgos\na los que est\u00e1n expuestas las comunidades. De igual manera la OIA invita la\nAgencia de la ONU para los refugiados ACNUR a brindar acompa\u00f1amiento inmediato\na la poblaci\u00f3n ind\u00edgena, as\u00ed como a los organismos internacionales&nbsp; de protecci\u00f3n de los derechos humanos.<\/p>\n\n\n\n<p>Somos un movimiento\nind\u00edgena, que reivindica el reconocimiento de una historia, una cultura y unos\nderechos muy particulares pero que no se abstrae de las luchas pol\u00edticas por\nuna sociedad en paz y m\u00e1s justa. Nosotros que reivindicamos la pluralidad,\nqueremos continuar construyendo lazos de solidaridad con aquellos que crean en\nnuestras reivindicaciones y busquen la convivencia mediante el di\u00e1logo por una\nsoluci\u00f3n negociada del conflicto armado del pa\u00eds.<\/p>\n\n\n\n<p>Los pueblos ind\u00edgenas\nestamos cansados de la guerra y exigimos el respeto por la vida, la autonom\u00eda y\nlos recursos naturales, no m\u00e1s minas antipersonas en nuestros resguardos, no\nm\u00e1s confinamiento, no m\u00e1s trabajos forzosos, no m\u00e1s amenazas e intimidaciones,\nsomos pueblos de paz que convivimos en armon\u00eda con nuestros hermanos y nuestros\nterritorios. Sin embargo, en este estado de guerra en que se encuentra el pa\u00eds,\ntememos que la situaci\u00f3n de zozobra y terror a la que estamos sometidas las\ncomunidades ind\u00edgenas, se perpet\u00fae, generando los negativos efectos que hasta\nahora hemos soportado.<\/p>\n\n\n\n<p>&nbsp;CONSEJO DE GOBIERNO MAYOR<\/p>\n\n\n\n<p>ORGANIZACI\u00d3N IND\u00cdGENA\nDE ANTIOQUIA<\/p>\n","protected":false},"excerpt":{"rendered":"<p>Comunicado de la OIA Comunidades ind\u00edgenas de Antioquia est\u00e1n en medio del fuego cruzado &#8211; Murind\u00f3, Frontino, Urrao y Dabeiba los municipios m\u00e1s afectados por el recrudecimiento de la guerra y la presencia de actores armados. &#8211; M\u00e1s de 1.000 familias ind\u00edgenas Embera Ey\u00e1bida sufren confinamiento en sus territorios ancestrales. &#8211; Por lo menos 500 [&hellip;]<\/p>\n","protected":false},"author":5,"featured_media":23325,"comment_status":"closed","ping_status":"closed","sticky":false,"template":"","format":"standard","meta":{"_et_pb_use_builder":"","_et_pb_old_content":"","_et_gb_content_width":"","footnotes":""},"categories":[638,18],"tags":[],"class_list":["post-23386","post","type-post","status-publish","format-standard","has-post-thumbnail","hentry","category-conflictos","category-victimas"],"_links":{"self":[{"href":"https:\/\/arcoiris.com.co\/v3\/wp-json\/wp\/v2\/posts\/23386","targetHints":{"allow":["GET"]}}],"collection":[{"href":"https:\/\/arcoiris.com.co\/v3\/wp-json\/wp\/v2\/posts"}],"about":[{"href":"https:\/\/arcoiris.com.co\/v3\/wp-json\/wp\/v2\/types\/post"}],"author":[{"embeddable":true,"href":"https:\/\/arcoiris.com.co\/v3\/wp-json\/wp\/v2\/users\/5"}],"replies":[{"embeddable":true,"href":"https:\/\/arcoiris.com.co\/v3\/wp-json\/wp\/v2\/comments?post=23386"}],"version-history":[{"count":0,"href":"https:\/\/arcoiris.com.co\/v3\/wp-json\/wp\/v2\/posts\/23386\/revisions"}],"wp:featuredmedia":[{"embeddable":true,"href":"https:\/\/arcoiris.com.co\/v3\/wp-json\/wp\/v2\/media\/23325"}],"wp:attachment":[{"href":"https:\/\/arcoiris.com.co\/v3\/wp-json\/wp\/v2\/media?parent=23386"}],"wp:term":[{"taxonomy":"category","embeddable":true,"href":"https:\/\/arcoiris.com.co\/v3\/wp-json\/wp\/v2\/categories?post=23386"},{"taxonomy":"post_tag","embeddable":true,"href":"https:\/\/arcoiris.com.co\/v3\/wp-json\/wp\/v2\/tags?post=23386"}],"curies":[{"name":"wp","href":"https:\/\/api.w.org\/{rel}","templated":true}]}}