{"id":23396,"date":"2019-09-24T14:42:48","date_gmt":"2019-09-24T19:42:48","guid":{"rendered":"https:\/\/arcoiris.com.co\/v3\/?p=23396"},"modified":"2019-10-07T23:39:38","modified_gmt":"2019-10-08T04:39:38","slug":"21-de-septiembre-dia-internacional-de-la-paz","status":"publish","type":"post","link":"https:\/\/arcoiris.com.co\/v3\/2019\/09\/21-de-septiembre-dia-internacional-de-la-paz\/","title":{"rendered":"21 de septiembre, d\u00eda Internacional de la paz"},"content":{"rendered":"\n<p>Por Carlos Orlas \/ Fotos: Jennifer Rueda<\/p>\n\n\n\n<p>En el ETCR Jacobo Arango de Dabeiba,  vereda Llano Grande &#8211; Chimiad\u00f3, se celebr\u00f3  el d\u00eda de la paz en torno al juego m\u00e1s popular del mundo: el f\u00fatbol. Tambi\u00e9n se compartieron talleres de fotograf\u00eda, teatro y pintura, por iniciativa de un grupo de barristas del nacional llamado Pueblo Verdolaga.<\/p>\n\n\n\n<div class=\"wp-block-image\"><figure class=\"aligncenter size-large\"><img loading=\"lazy\" decoding=\"async\" width=\"640\" height=\"427\" src=\"https:\/\/arcoiris.com.co\/v3\/wp-content\/uploads\/2019\/09\/1X7A0s515-640x427.jpg\" alt=\"\" class=\"wp-image-23403\" srcset=\"https:\/\/arcoiris.com.co\/v3\/wp-content\/uploads\/2019\/09\/1X7A0s515-640x427.jpg 640w, https:\/\/arcoiris.com.co\/v3\/wp-content\/uploads\/2019\/09\/1X7A0s515-300x200.jpg 300w, https:\/\/arcoiris.com.co\/v3\/wp-content\/uploads\/2019\/09\/1X7A0s515-768x513.jpg 768w, https:\/\/arcoiris.com.co\/v3\/wp-content\/uploads\/2019\/09\/1X7A0s515.jpg 800w\" sizes=\"(max-width: 640px) 100vw, 640px\" \/><\/figure><\/div>\n\n\n\n<p>En esta zona se concentraron los frentes quinto y la unidad m\u00f3vil Iv\u00e1n R\u00edos. En el centro del espacio, como si fuera el centro de la tierra en el cuento de Julio Verne, misteriosamente, una cancha con sus justas proporciones, concedida por Do\u00f1a Carmen, la heredera del terreno, para que la memoria de su hijo futbolero no se pierda. Ella permiti\u00f3 la construcci\u00f3n del ETCR en sus predios con la condici\u00f3n de que se conservara la cancha y el cementerio.<\/p>\n\n\n\n<div class=\"wp-block-image\"><figure class=\"aligncenter size-large\"><img loading=\"lazy\" decoding=\"async\" width=\"640\" height=\"427\" src=\"https:\/\/arcoiris.com.co\/v3\/wp-content\/uploads\/2019\/09\/1X7A956c5-640x427.jpg\" alt=\"\" class=\"wp-image-23397\" srcset=\"https:\/\/arcoiris.com.co\/v3\/wp-content\/uploads\/2019\/09\/1X7A956c5-640x427.jpg 640w, https:\/\/arcoiris.com.co\/v3\/wp-content\/uploads\/2019\/09\/1X7A956c5-300x200.jpg 300w, https:\/\/arcoiris.com.co\/v3\/wp-content\/uploads\/2019\/09\/1X7A956c5-768x512.jpg 768w, https:\/\/arcoiris.com.co\/v3\/wp-content\/uploads\/2019\/09\/1X7A956c5.jpg 1250w\" sizes=\"(max-width: 640px) 100vw, 640px\" \/><\/figure><\/div>\n\n\n\n<p><strong>Una historia de perd\u00f3n<\/strong><\/p>\n\n\n\n<p>Do\u00f1a Carmen perdi\u00f3 a su esposo en medio del conflicto armado, se niega a decir que fue en manos de las Farc, y de manera prudente insin\u00faa que son cosas de la guerra, da\u00f1os colaterales. <\/p>\n\n\n\n<p>Tambi\u00e9n perdi\u00f3 a su hijo de 16 a\u00f1os en un accidente de motocicleta, y en &nbsp;homenaje a \u00e9l la cancha que es monumental lleva su nombre: Juan David Cardona. Do\u00f1a Carmen tiene un principio de vida desde que se qued\u00f3 a vivir en Llano grande, y es servir, a la comunidad, a los reincorporados, a su prop\u00f3sito de perdonar con acciones. <\/p>\n\n\n\n<div class=\"wp-block-image\"><figure class=\"aligncenter size-large\"><img loading=\"lazy\" decoding=\"async\" width=\"640\" height=\"427\" src=\"https:\/\/arcoiris.com.co\/v3\/wp-content\/uploads\/2019\/09\/1X7A0423-640x427.jpg\" alt=\"\" class=\"wp-image-23398\" srcset=\"https:\/\/arcoiris.com.co\/v3\/wp-content\/uploads\/2019\/09\/1X7A0423-640x427.jpg 640w, https:\/\/arcoiris.com.co\/v3\/wp-content\/uploads\/2019\/09\/1X7A0423-300x200.jpg 300w, https:\/\/arcoiris.com.co\/v3\/wp-content\/uploads\/2019\/09\/1X7A0423-768x512.jpg 768w, https:\/\/arcoiris.com.co\/v3\/wp-content\/uploads\/2019\/09\/1X7A0423.jpg 1250w\" sizes=\"(max-width: 640px) 100vw, 640px\" \/><\/figure><\/div>\n\n\n\n<p><strong>D\u00eda internacional de la paz<\/strong><\/p>\n\n\n\n<p>Con Pueblo Verdolaga y su acci\u00f3n de acompa\u00f1amiento al ETCR y a los reincorporados, se celebr\u00f3 el pasado domingo 21 de septiembre el d\u00eda internacional de la paz. Con talleres de teatro, pintura y fotograf\u00eda, m\u00e1s un torneo rel\u00e1mpago, se vivi\u00f3 una jornada de dos d\u00edas en la que pudimos escuchar las historias de exguerrilleros relacionadas con el f\u00fatbol en medio de la guerra, que es un contexto en el que parad\u00f3jicamente hay muchos momentos de paz. <\/p>\n\n\n\n<p>Es como cuando en medio de la selva se abren claros o tajos de terreno despejado, as\u00ed mismo en medio de la guerra se abr\u00edan muy a menudo espacios para el juego de f\u00fatbol y sobre todo de voleibol por las condiciones de la confrontaci\u00f3n y de la misma selva.<\/p>\n\n\n\n<figure class=\"wp-block-image size-large\"><img loading=\"lazy\" decoding=\"async\" width=\"640\" height=\"369\" src=\"https:\/\/arcoiris.com.co\/v3\/wp-content\/uploads\/2019\/09\/1X7A0262-640x369.jpg\" alt=\"\" class=\"wp-image-23399\" srcset=\"https:\/\/arcoiris.com.co\/v3\/wp-content\/uploads\/2019\/09\/1X7A0262-640x369.jpg 640w, https:\/\/arcoiris.com.co\/v3\/wp-content\/uploads\/2019\/09\/1X7A0262-300x173.jpg 300w, https:\/\/arcoiris.com.co\/v3\/wp-content\/uploads\/2019\/09\/1X7A0262-768x443.jpg 768w, https:\/\/arcoiris.com.co\/v3\/wp-content\/uploads\/2019\/09\/1X7A0262.jpg 800w\" sizes=\"(max-width: 640px) 100vw, 640px\" \/><\/figure>\n\n\n\n<p>De manera que celebrar la paz es celebrar la memoria de lo que significa dejar las armas, vivir sin ellas, dejar las trochas y ponerse a sembrar, a aprender pol\u00edtica desde la legalidad, a tramitar el laberinto kafkiano de la vida civil frente a la lentitud bur\u00f3crata. Y entre tanto, jugar f\u00fatbol en una cancha bien trazada, con guayos ahora s\u00ed en vez de botas de caucho, con tranquilidad, con amor, porque el f\u00fatbol es met\u00e1fora de la vida misma. Lo juegan hombres y mujeres, como en el monte, en condiciones de igualdad.<\/p>\n\n\n\n<div class=\"wp-block-image\"><figure class=\"aligncenter size-large\"><img loading=\"lazy\" decoding=\"async\" width=\"412\" height=\"640\" src=\"https:\/\/arcoiris.com.co\/v3\/wp-content\/uploads\/2019\/09\/1X7A0245-412x640.jpg\" alt=\"\" class=\"wp-image-23400\" srcset=\"https:\/\/arcoiris.com.co\/v3\/wp-content\/uploads\/2019\/09\/1X7A0245-412x640.jpg 412w, https:\/\/arcoiris.com.co\/v3\/wp-content\/uploads\/2019\/09\/1X7A0245-193x300.jpg 193w, https:\/\/arcoiris.com.co\/v3\/wp-content\/uploads\/2019\/09\/1X7A0245-768x1194.jpg 768w, https:\/\/arcoiris.com.co\/v3\/wp-content\/uploads\/2019\/09\/1X7A0245.jpg 547w\" sizes=\"(max-width: 412px) 100vw, 412px\" \/><\/figure><\/div>\n\n\n\n<p><strong>Una historia de f\u00fatbol y de amor<\/strong><\/p>\n\n\n\n<p>Norbey \u201cmanchas\u201d, es una cr\u00f3nica viva de lo que fue el f\u00fatbol en la guerra. Aqu\u00ed su historia.<\/p>\n\n\n\n<p><em>Como comandante de un grupo de guerrilleros, me las ingeni\u00e9 con un aud\u00edfono escondido para en medio de una operaci\u00f3n militar, escuchar el partido de Colombia contra Argentina que qued\u00f3 cinco a cero. No pod\u00eda gritar los goles pero no se imaginan la emoci\u00f3n contenida. Con mi compa\u00f1era que nos separamos durante 21 a\u00f1os hicimos el trato de que cuando escuchara un gol de Nacional en la voz del narrador &nbsp;Jorge Eli\u00e9cer Campuzano supiera que yo estaba alegre y que la estaba escuchando. <\/em><\/p>\n\n\n\n<p><em>Tambi\u00e9n hubo un partido muy importante de nacional contra junior, una remontada de cuatro goles en la final, y nosotros con la tropa nos caminamos 22 Km. Para poderlo ver, improvisando antenas con tapas de ollas en la copa de los \u00e1rboles. Fue un partido muy bonito.<\/em><\/p>\n\n\n\n<div class=\"wp-block-image\"><figure class=\"aligncenter size-large\"><img loading=\"lazy\" decoding=\"async\" width=\"426\" height=\"640\" src=\"https:\/\/arcoiris.com.co\/v3\/wp-content\/uploads\/2019\/09\/1X7A0486-426x640.jpg\" alt=\"\" class=\"wp-image-23401\" srcset=\"https:\/\/arcoiris.com.co\/v3\/wp-content\/uploads\/2019\/09\/1X7A0486-426x640.jpg 426w, https:\/\/arcoiris.com.co\/v3\/wp-content\/uploads\/2019\/09\/1X7A0486-200x300.jpg 200w, https:\/\/arcoiris.com.co\/v3\/wp-content\/uploads\/2019\/09\/1X7A0486-768x1153.jpg 768w, https:\/\/arcoiris.com.co\/v3\/wp-content\/uploads\/2019\/09\/1X7A0486.jpg 566w\" sizes=\"(max-width: 426px) 100vw, 426px\" \/><\/figure><\/div>\n\n\n\n<p>La mayor\u00eda de los exguerrilleros no conocen el estadio y sue\u00f1an con \u00e9l, han pasado por su lado y se emocionan con ese gigantismo en su arquitectura. Saben que el f\u00fatbol es una guerra por otros medios, es pol\u00edtico, es ritual, es belleza en movimiento, danza de los cuerpos en un espacio verde, en medio de tantos verdes que pintan nuestras selvas y monta\u00f1as. Ojal\u00e1 puedan venir al estadio y disfrutar de esa locura colectiva, de lo m\u00e1gico que ha de ser ir a la cancha por primera vez.<\/p>\n\n\n\n<div class=\"wp-block-image\"><figure class=\"aligncenter size-large\"><img loading=\"lazy\" decoding=\"async\" width=\"640\" height=\"313\" src=\"https:\/\/arcoiris.com.co\/v3\/wp-content\/uploads\/2019\/09\/1X7A0055-640x313.jpg\" alt=\"\" class=\"wp-image-23402\" srcset=\"https:\/\/arcoiris.com.co\/v3\/wp-content\/uploads\/2019\/09\/1X7A0055-640x313.jpg 640w, https:\/\/arcoiris.com.co\/v3\/wp-content\/uploads\/2019\/09\/1X7A0055-300x147.jpg 300w, https:\/\/arcoiris.com.co\/v3\/wp-content\/uploads\/2019\/09\/1X7A0055-768x376.jpg 768w, https:\/\/arcoiris.com.co\/v3\/wp-content\/uploads\/2019\/09\/1X7A0055.jpg 1250w\" sizes=\"(max-width: 640px) 100vw, 640px\" \/><\/figure><\/div>\n","protected":false},"excerpt":{"rendered":"<p>Por Carlos Orlas \/ Fotos: Jennifer Rueda En el ETCR Jacobo Arango de Dabeiba, vereda Llano Grande &#8211; Chimiad\u00f3, se celebr\u00f3 el d\u00eda de la paz en torno al juego m\u00e1s popular del mundo: el f\u00fatbol. Tambi\u00e9n se compartieron talleres de fotograf\u00eda, teatro y pintura, por iniciativa de un grupo de barristas del nacional llamado [&hellip;]<\/p>\n","protected":false},"author":5,"featured_media":23404,"comment_status":"closed","ping_status":"closed","sticky":true,"template":"","format":"standard","meta":{"_et_pb_use_builder":"","_et_pb_old_content":"","_et_gb_content_width":"","footnotes":""},"categories":[634,633],"tags":[],"class_list":["post-23396","post","type-post","status-publish","format-standard","has-post-thumbnail","hentry","category-construccion-de-paz","category-opinion"],"_links":{"self":[{"href":"https:\/\/arcoiris.com.co\/v3\/wp-json\/wp\/v2\/posts\/23396","targetHints":{"allow":["GET"]}}],"collection":[{"href":"https:\/\/arcoiris.com.co\/v3\/wp-json\/wp\/v2\/posts"}],"about":[{"href":"https:\/\/arcoiris.com.co\/v3\/wp-json\/wp\/v2\/types\/post"}],"author":[{"embeddable":true,"href":"https:\/\/arcoiris.com.co\/v3\/wp-json\/wp\/v2\/users\/5"}],"replies":[{"embeddable":true,"href":"https:\/\/arcoiris.com.co\/v3\/wp-json\/wp\/v2\/comments?post=23396"}],"version-history":[{"count":0,"href":"https:\/\/arcoiris.com.co\/v3\/wp-json\/wp\/v2\/posts\/23396\/revisions"}],"wp:featuredmedia":[{"embeddable":true,"href":"https:\/\/arcoiris.com.co\/v3\/wp-json\/wp\/v2\/media\/23404"}],"wp:attachment":[{"href":"https:\/\/arcoiris.com.co\/v3\/wp-json\/wp\/v2\/media?parent=23396"}],"wp:term":[{"taxonomy":"category","embeddable":true,"href":"https:\/\/arcoiris.com.co\/v3\/wp-json\/wp\/v2\/categories?post=23396"},{"taxonomy":"post_tag","embeddable":true,"href":"https:\/\/arcoiris.com.co\/v3\/wp-json\/wp\/v2\/tags?post=23396"}],"curies":[{"name":"wp","href":"https:\/\/api.w.org\/{rel}","templated":true}]}}