{"id":23421,"date":"2019-10-16T23:00:24","date_gmt":"2019-10-17T04:00:24","guid":{"rendered":"https:\/\/arcoiris.com.co\/v3\/?p=23421"},"modified":"2022-03-31T09:50:17","modified_gmt":"2022-03-31T14:50:17","slug":"las-jugaditas-de-federico-gutierrez-al-borde-de-la-legalidad","status":"publish","type":"post","link":"https:\/\/arcoiris.com.co\/v3\/2019\/10\/las-jugaditas-de-federico-gutierrez-al-borde-de-la-legalidad\/","title":{"rendered":"Las jugaditas de Federico Guti\u00e9rrez: al borde de la legalidad"},"content":{"rendered":"\n<p>Por \u00c1lvaro C\u00f3rdoba Obando \/ Foto: Jennifer Rueda<\/p>\n\n\n\n<p>Una vez\nm\u00e1s, el alcalde de Medell\u00edn decide moverse por los delgados l\u00edmites de la\nlegalidad, y sin empacho se atreve a lanzar comentarios como cualquier\npersonaje en campa\u00f1a por el cargo que est\u00e1 por entregar, y que ha ocupado sin\npena ni gloria. <\/p>\n\n\n\n<p>Parece que hubiera olvidado que hace cuatro a\u00f1os fue elegido alcalde y que desde hace cuatro a\u00f1os deb\u00eda estar gobernando para la ciudad y los ciudadanos y no para s\u00ed mismo, para su ego, su alter ego y sus <em>superamigos<\/em>. <\/p>\n\n\n\n<p>Los informes de las organizaciones que hacen control social al plan de &nbsp;desarrollo afirman que, a pocos meses de terminar la gesti\u00f3n, el alcalde \u00abfico\u00bb no ha cumplido siquiera con el 50% de las metas de su programa de gobierno y su confuso plan de desarrollo.  Sin embargo, goza de tanta favorabilidad en las encuestas que se proyecta como presidenciable por el uribismo en el 2022.  <\/p>\n\n\n\n<p>Usa la palabra \u201clegalidad\u201d de manera reiterada y sospechosa en sus discursos para hablar de su modelo fallido de seguridad<a href=\"#_ftn1\">[1]<\/a> que no cuida la vida de los ciudadanos, pero lo muestra como un <em>superagente<\/em> al peor estilo de las pel\u00edculas gringas.  Los hechos: compr\u00f3 con recursos de los contribuyentes un helic\u00f3ptero con c\u00e1maras para pasear en las noches por la ciudad. Tiene una bodega de administradores de redes sociales (community managers) que le ayudan a difundir la espectacularidad de sus acciones en \u201ccontra del crimen\u201d al mejor estilo de los reality show, sin siquiera afectar el \u00edndice de homicidios, ni la criminalidad en la ciudad. Deja a la ciudad con altos \u00edndices de inseguridad y extorsi\u00f3n a todo tipo de negocios, pero \u00e9l se pavonea por las comunas rodeado de polic\u00edas como un super agente del orden.<\/p>\n\n\n\n<p> Su prop\u00f3sito es forjar una imagen hero\u00edca en el imaginario de la gente. Habla de seguridad y legalidad, mientras camina por el delgado filo que parece ponerlo al otro lado, el de la criminalidad y la delincuencia. Sin embargo, parece estar  subordinado a estas fuerzas ilegales y se muestra incapaz para neutralizarlas. Recordemos la historia de su secretario de seguridad, Gustavo Villegas, hoy condenado por sus v\u00ednculos con bandas criminales como \u201cLa Oficina\u201d.<\/p>\n\n\n\n<p>Otro aspecto que da cuenta de sus pr\u00e1cticas ilegales es el hecho de  comprometer recursos y contratistas del municipio de Medell\u00edn en la campa\u00f1a pol\u00edtica de Duque en las elecciones del 2018, que contribuyeron al mill\u00f3n ochocientos cuarenta y cuatro mil votos del Centro Democr\u00e1tico (CD) en Antioquia. Tampoco disimul\u00f3 su animadversi\u00f3n por el candidato que compet\u00eda con el CD en la contienda electoral por la presidencia, prohibi\u00e9ndole ilegalmente realizar su proselitismo en la ciudad, como si esta fuera su finca y \u00e9l su gamonal.<\/p>\n\n\n\n<p> Sorprende que por estos hechos no tenga investigaci\u00f3n en curso ni en Contralor\u00eda, ni en la Procuradur\u00eda. &nbsp;Ahora se involucra en la contienda para elegir su sucesor opinando contra las leg\u00edtimas aspiraciones pol\u00edticas de sectores contrarios a la corriente ideol\u00f3gica que ha gobernado la ciudad y el pa\u00eds durante d\u00e9cadas<a href=\"#_ftn2\">[2]<\/a>, sin siquiera disimular su militancia, ni procurar un m\u00ednimo de imparcialidad ante el debate electoral, conforme lo ordena la ley. <\/p>\n\n\n\n<p>El alcalde se despacha en redes sociales y medios de comunicaci\u00f3n como cualquier candidato en campa\u00f1a para descalificar programas y candidatos m\u00e1s cercanos a los intereses y necesidades de la poblaci\u00f3n pobre y marginada de la segunda ciudad m\u00e1s importante de Colombia. Usa los recursos p\u00fablicos para amplificar la estridencia de su participaci\u00f3n activa y deliberante en el proceso electoral que se avecina en unas semanas, como si se le hubiera olvidado su condici\u00f3n de servidor p\u00fablico y hubiera asumido la de precandidato presidencial.<\/p>\n\n\n\n<p> Por algo menos grave que la participaci\u00f3n indebida de Fico en pol\u00edtica, en el 2012 fue sancionado e inhabilitado por 12 a\u00f1os el alcalde de entonces, Alonso Salazar<a href=\"#_ftn3\">[3]<\/a>, quien trataba de advertir a la ciudadan\u00eda sobre los v\u00ednculos de un candidato con la delincuencia. Dos a\u00f1os despu\u00e9s, un fallo del Consejo de Estado le da la raz\u00f3n a Salazar y pone en evidencia el comportamiento parcializado del entonces Procurador General de la Naci\u00f3n (Alejandro&nbsp;Ord\u00f3\u00f1ez) como agente de persecuci\u00f3n a quienes no comparten su ideolog\u00eda y su moralismo conservadurista y retr\u00f3grado<a href=\"#_ftn4\">[4]<\/a>. <\/p>\n\n\n\n<p><strong>Un gigante con pies de barro<\/strong><\/p>\n\n\n\n<p>A Fico  no le bast\u00f3 que su secretario de seguridad estuviera aliado con delincuentes de alta peligrosidad y reconocida trayectoria criminal, tampoco poner recursos y contratistas de la Alcald\u00eda de Medell\u00edn al servicio de la campa\u00f1a de Uribe-Duque<a href=\"#_ftn5\">[5]<\/a> para perseguir cr\u00edticos y opositores de su gobierno a trav\u00e9s de cuentas falsas en redes sociales; pareciera que el alcalde tiene licencia para hacer lo que le da la gana sin apego a la ley que le proh\u00edbe participar en pol\u00edtica  y favorecer candidatos. Las quejas de ello la han puesto algunos candidatos<a href=\"#_ftn6\">[6]<\/a> que se ven afectados por la publicidad y la actuaci\u00f3n de Federico en plena campa\u00f1a electoral, en la misma forma que lo hacen sus mentores y jefes pol\u00edticos y como ellos mismos dicen \u201cdu\u00e9lale a qui\u00e9n le duela\u201d, al mejor estilo rampl\u00f3n. <\/p>\n\n\n\n<p>Parece\nque el libreto que le construyeron al Alcalde es el de la avestruz, de manera\nque la gente no recuerde los v\u00ednculos de su secretario de seguridad Gustavo\nVillegas con \u201cLa Oficina de Envigado\u201d<a href=\"#_ftn7\">[7]<\/a> para negociar con ella la\ntranquilidad y la seguridad de los habitantes de Medell\u00edn y por lo que fue\njuzgado y condenado en segunda instancia. <\/p>\n\n\n\n<p>\u00bfHan iniciado los entes de control la investigaci\u00f3n sobre la participaci\u00f3n de los contratistas del instituto de deportes de Medell\u00edn (Inder) Juan Carlos De la Cuesta Galvis y  Eduardo Silva Meluk  en la campa\u00f1a del se\u00f1or Santiago G\u00f3mez?  Los contratos otorgados a estas dos personas suman $189.843.784. <\/p>\n\n\n\n<p>A esto se le suman las quejas de contratistas del Inder a quienes otros contratistas les exigen con listas en mano buscar electores y hacer capa\u00f1a por Santiago G\u00f3mez. Hay que esperar que los organismos de control dejen de ver para cualquier parte y ejerzan sus responsabilidades de manera oportuna, efectiva y contundente. Los desmanes de gobernantes que usan el cargo para beneficio personal y satisfacci\u00f3n de los intereses pol\u00edticos de su grupo o partido dan cuenta de un r\u00e9gimen pol\u00edtico-electoral viciado, y de unos candidatos inflados con el presupuesto p\u00fablico, de ah\u00ed su ilegalidad, sus pies de barro.<br \/><\/p>\n\n\n\n<hr class=\"wp-block-separator has-css-opacity\"\/>\n\n\n\n<p><a href=\"#_ftnref1\">[1]<\/a> <a href=\"http:\/\/www.ipc.org.co\/agenciadeprensa\/index.php\/2019\/05\/02\/fico-y-su-lucha-infructuosa-contra-un-poder-sin-rostro\/\" target=\"_blank\" rel=\"noopener\">http:\/\/www.ipc.org.co\/agenciadeprensa\/index.php\/2019\/05\/02\/fico-y-su-lucha-infructuosa-contra-un-poder-sin-rostro\/<\/a><\/p>\n\n\n\n<p><a href=\"#_ftnref2\">[2]<\/a> <a href=\"https:\/\/www.msn.com\/es-co\/noticias\/colombia\/los-dardos-del-alcalde-de-medell%C3%ADn-a-la-izquierda-bogotana\/ar-AAFf5Fb\" target=\"_blank\" rel=\"noopener\">https:\/\/www.msn.com\/es-co\/noticias\/colombia\/los-dardos-del-alcalde-de-medell%C3%ADn-a-la-izquierda-bogotana\/ar-AAFf5Fb<\/a>.<\/p>\n\n\n\n<p><a href=\"#_ftnref3\">[3]<\/a> <a href=\"https:\/\/www.elespectador.com\/noticias\/judicial\/alonso-salazar-inhabilitado-12-anos-ejercer-cargos-publ-articulo-329547\" target=\"_blank\" rel=\"noopener\">https:\/\/www.elespectador.com\/noticias\/judicial\/alonso-salazar-inhabilitado-12-anos-ejercer-cargos-publ-articulo-329547<\/a><\/p>\n\n\n\n<p><a href=\"#_ftnref4\">[4]<\/a> <a href=\"https:\/\/www.semana.com\/enfoque\/articulo\/fallo-del-consejo-de-estado-le-dio-la-razon-alonso-salazar\/381951-3\" target=\"_blank\" rel=\"noopener\">https:\/\/www.semana.com\/enfoque\/articulo\/fallo-del-consejo-de-estado-le-dio-la-razon-alonso-salazar\/381951-3<\/a><\/p>\n\n\n\n<p><a href=\"#_ftnref5\">[5]<\/a> <a href=\"https:\/\/lasillavacia.com\/silla-paisa\/la-bodega-de-fico-65695\" target=\"_blank\" rel=\"noopener\">https:\/\/lasillavacia.com\/silla-paisa\/la-bodega-de-fico-65695<\/a><\/p>\n\n\n\n<p><a href=\"#_ftnref6\">[6]<\/a> <a href=\"https:\/\/caracol.com.co\/emisora\/2019\/07\/30\/medellin\/1564445266_373085.html\" target=\"_blank\" rel=\"noopener\">https:\/\/caracol.com.co\/emisora\/2019\/07\/30\/medellin\/1564445266_373085.html<\/a><\/p>\n\n\n\n<p><a href=\"#_ftnref7\">[7]<\/a> <a href=\"https:\/\/www.elcolombiano.com\/antioquia\/gustavo-villegas-en-firme-condena-contra-exsecretario-de-seguridad-de-medellin-AC8675013\" target=\"_blank\" rel=\"noopener\">https:\/\/www.elcolombiano.com\/antioquia\/gustavo-villegas-en-firme-condena-contra-exsecretario-de-seguridad-de-medellin-AC8675013<\/a><\/p>\n","protected":false},"excerpt":{"rendered":"<p>Por \u00c1lvaro C\u00f3rdoba Obando \/ Foto: Jennifer Rueda Una vez m\u00e1s, el alcalde de Medell\u00edn decide moverse por los delgados l\u00edmites de la legalidad, y sin empacho se atreve a lanzar comentarios como cualquier personaje en campa\u00f1a por el cargo que est\u00e1 por entregar, y que ha ocupado sin pena ni gloria. Parece que hubiera [&hellip;]<\/p>\n","protected":false},"author":5,"featured_media":23422,"comment_status":"closed","ping_status":"closed","sticky":false,"template":"","format":"standard","meta":{"_et_pb_use_builder":"","_et_pb_old_content":"","_et_gb_content_width":"","footnotes":""},"categories":[637,633],"tags":[],"class_list":["post-23421","post","type-post","status-publish","format-standard","has-post-thumbnail","hentry","category-democracia","category-opinion"],"_links":{"self":[{"href":"https:\/\/arcoiris.com.co\/v3\/wp-json\/wp\/v2\/posts\/23421","targetHints":{"allow":["GET"]}}],"collection":[{"href":"https:\/\/arcoiris.com.co\/v3\/wp-json\/wp\/v2\/posts"}],"about":[{"href":"https:\/\/arcoiris.com.co\/v3\/wp-json\/wp\/v2\/types\/post"}],"author":[{"embeddable":true,"href":"https:\/\/arcoiris.com.co\/v3\/wp-json\/wp\/v2\/users\/5"}],"replies":[{"embeddable":true,"href":"https:\/\/arcoiris.com.co\/v3\/wp-json\/wp\/v2\/comments?post=23421"}],"version-history":[{"count":0,"href":"https:\/\/arcoiris.com.co\/v3\/wp-json\/wp\/v2\/posts\/23421\/revisions"}],"wp:featuredmedia":[{"embeddable":true,"href":"https:\/\/arcoiris.com.co\/v3\/wp-json\/wp\/v2\/media\/23422"}],"wp:attachment":[{"href":"https:\/\/arcoiris.com.co\/v3\/wp-json\/wp\/v2\/media?parent=23421"}],"wp:term":[{"taxonomy":"category","embeddable":true,"href":"https:\/\/arcoiris.com.co\/v3\/wp-json\/wp\/v2\/categories?post=23421"},{"taxonomy":"post_tag","embeddable":true,"href":"https:\/\/arcoiris.com.co\/v3\/wp-json\/wp\/v2\/tags?post=23421"}],"curies":[{"name":"wp","href":"https:\/\/api.w.org\/{rel}","templated":true}]}}