{"id":23436,"date":"2019-10-29T18:48:22","date_gmt":"2019-10-29T23:48:22","guid":{"rendered":"https:\/\/arcoiris.com.co\/v3\/?p=23436"},"modified":"2020-10-08T23:22:15","modified_gmt":"2020-10-09T04:22:15","slug":"una-aclaracion-necesaria","status":"publish","type":"post","link":"https:\/\/arcoiris.com.co\/v3\/2019\/10\/una-aclaracion-necesaria\/","title":{"rendered":"Una aclaraci\u00f3n necesaria"},"content":{"rendered":"\n<p class=\"has-vivid-green-cyan-color has-text-color\"><img loading=\"lazy\" decoding=\"async\" width=\"1200\" height=\"600\" class=\"wp-image-23982\" style=\"width: 1200px;\" src=\"https:\/\/arcoiris.com.co\/v3\/wp-content\/uploads\/2019\/10\/siembra.jpg\" alt=\"\" srcset=\"https:\/\/arcoiris.com.co\/v3\/wp-content\/uploads\/2019\/10\/siembra.jpg 1200w, https:\/\/arcoiris.com.co\/v3\/wp-content\/uploads\/2019\/10\/siembra-300x150.jpg 300w, https:\/\/arcoiris.com.co\/v3\/wp-content\/uploads\/2019\/10\/siembra-640x320.jpg 640w, https:\/\/arcoiris.com.co\/v3\/wp-content\/uploads\/2019\/10\/siembra-768x384.jpg 768w\" sizes=\"(max-width: 1200px) 100vw, 1200px\" \/>Por: Junta Directiva CNAI \/ Foto de Jennifer Rueda<\/p>\n\n\n\n<p>A prop\u00f3sito de una columna en el diario El Espectador titulada\nperversamente: \u201cLas empresas del arco iris\u201d, se hace necesario la siguiente\naclaraci\u00f3n:<\/p>\n\n\n\n<p>La CNAI en su actividad, como centro de pensamiento, reivindica la\nprofundizaci\u00f3n de la democracia, el ejercicio pol\u00edtico de los ciudadanos, la\ncondena&nbsp; a la corrupci\u00f3n y la lucha por\njusticia social, raz\u00f3n por la cual nos identificamos con cualquier propuesta pol\u00edtica\nque apunte a estas nobles causas y prop\u00f3sitos. <\/p>\n\n\n\n<p>En tal virtud rechazamos las afirmaciones&nbsp; del autor de dicho texto, en tanto su\npretensi\u00f3n perversa es opacar los colores de nuestro arco iris aplicando la\nl\u00f3gica de la pos verdad.<\/p>\n\n\n\n<p>En la actualidad estamos realizando una investigaci\u00f3n en varias regiones\nde Colombia y en especial en el distrito capital sobre <strong>las din\u00e1micas y transformaciones&nbsp;\nde las redes y elites pol\u00edticas en los territorios<\/strong>, de tal suerte, que\nnuestro criterio se fundamenta en la independencia partidista. <\/p>\n\n\n\n<p>Aplicamos los m\u00e9todos de las ciencias sociales para hacer seguimiento\nconstante a la&nbsp; evoluci\u00f3n estrat\u00e9gica de\nlas candidaturas a la alcald\u00eda de Carlos Fernando Gal\u00e1n, Claudia L\u00f3pez, Miguel\nUribe Turbay y Hollman Morris, en procura de &nbsp;conquistar el electorado de la ciudad de Bogot\u00e1.\nAs\u00ed mismo, realizamos mediciones a los cambios comportamentales de las\nfranjas&nbsp; de opini\u00f3n, segmentadas en las\ncorrientes ideol\u00f3gicas de&nbsp; izquierda,\ncentro izquierda, centro derecha y derecha, para explicar la racionalidad de la\ntoma de decisiones de la ciudadan\u00eda, sobre el modelo de ciudad que van a\npreferir para Bogot\u00e1 en los pr\u00f3ximos 4 a\u00f1os.<\/p>\n\n\n\n<p>En segundo lugar, &nbsp;falta tambi\u00e9n &nbsp;a la verdad, el columnista, cuando descalifica\na las ONG\u2019s y organizaciones de la sociedad civil y sugiere que le estamos\ndisputando recursos a las universidades p\u00fablicas en momentos de sus\ndificultades financieras, soslayando de paso, que la crisis de la educaci\u00f3n\nsuperior en Colombia, obedece a la desfinanciacion estructural del modelo\neducativo, cuya responsabilidad le compete en su totalidad al estado y a los\nsucesivos gobiernos que han aplicado el modelo neoliberal de mercado para\nprivatizar el derecho de millones de j\u00f3venes de acceder a la universidad.&nbsp; Crisis que por dem\u00e1s ha desnudado en todas\nsus facetas,&nbsp; la formidable movilizaci\u00f3n\nestudiantil y profesoral que hemos presenciado durante los \u00faltimos meses. <\/p>\n\n\n\n<p>En la tradici\u00f3n pol\u00edtica colombiana es comprensible que en medio de la\ncampa\u00f1a electoral, los contradictores se ataquen con denuncias p\u00fablicas,\nafirmaciones falaces y de mala fe, incluso que utilicen la \u00e9tica como arma\narrojadiza de la cual cada uno se declara due\u00f1o y ejemplo. En gracia de\ndiscusi\u00f3n, esto es posible pero no tolerable; el frenes\u00ed y nerviosismo de los actores\npol\u00edticos en la pasada contienda pol\u00edtica, no le da licencia al autor del\nescrito para desatar inventivas desde un medio escrito como El Espectador en\ncontra de los hombres y mujeres que investigamos los fen\u00f3menos sociales y\npol\u00edticos de la sociedad colombiana y que a trav\u00e9s de nuestro ejercicio\nformamos a la ciudadan\u00eda en \u00e9tica, democracia, cultura de paz y de los Derechos\nHumanos.<\/p>\n\n\n\n<p>La Corporaci\u00f3n Nuevo Arco Iris naci\u00f3 en 1996 como producto del Acuerdo\nde Paz&nbsp; entre el Gobierno del Presidente\nGaviria y la Corriente de Renovaci\u00f3n Socialista, grupo guerrillero escindido\ndel ELN en 1992. <\/p>\n\n\n\n<p>En el Acuerdo de Paz (Flor del Monte, 9 de Abril de 1994) negociamos\napoyos, tambi\u00e9n para la inversi\u00f3n en las comunidades donde ten\u00eda incidencia el\ngrupo armado, recursos que administr\u00f3 tambi\u00e9n la CNAI. Igualmente, como\norganizaci\u00f3n legal, gestionamos recursos con instituciones del Estado y con la\ncooperaci\u00f3n internacional. Nunca hemos sido procesados por corrupci\u00f3n o mal\nmanejo de recursos p\u00fablicos.<\/p>\n\n\n\n<p>Nuestro compromiso indeclinable con la paz y la democracia durante este\ncuarto de siglo nos ha causado persecuciones, amenazas, asesinatos,\ndesapariciones, exilios, m\u00faltiples asaltos a nuestras oficinas para el robo de\ninformaci\u00f3n. Pero tambi\u00e9n hemos recibido el acoso permanente de los amigos de\nla guerra y de quienes siempre han detentado el control de los presupuestos y\nde los cargos p\u00fablicos como patrimonio de los tradicionales grupos de poder.<\/p>\n\n\n\n<p>Junta directiva nacional <\/p>\n\n\n\n<p>Bogot\u00e1 29 de octubre de 2019.<\/p>\n","protected":false},"excerpt":{"rendered":"<p>Por: Junta Directiva CNAI \/ Foto de Jennifer Rueda A prop\u00f3sito de una columna en el diario El Espectador titulada perversamente: \u201cLas empresas del arco iris\u201d, se hace necesario la siguiente aclaraci\u00f3n: La CNAI en su actividad, como centro de pensamiento, reivindica la profundizaci\u00f3n de la democracia, el ejercicio pol\u00edtico de los ciudadanos, la condena&nbsp; [&hellip;]<\/p>\n","protected":false},"author":5,"featured_media":23982,"comment_status":"closed","ping_status":"closed","sticky":true,"template":"","format":"standard","meta":{"_et_pb_use_builder":"","_et_pb_old_content":"","_et_gb_content_width":"","footnotes":""},"categories":[632,15],"tags":[],"class_list":["post-23436","post","type-post","status-publish","format-standard","has-post-thumbnail","hentry","category-editorial","category-politica"],"_links":{"self":[{"href":"https:\/\/arcoiris.com.co\/v3\/wp-json\/wp\/v2\/posts\/23436","targetHints":{"allow":["GET"]}}],"collection":[{"href":"https:\/\/arcoiris.com.co\/v3\/wp-json\/wp\/v2\/posts"}],"about":[{"href":"https:\/\/arcoiris.com.co\/v3\/wp-json\/wp\/v2\/types\/post"}],"author":[{"embeddable":true,"href":"https:\/\/arcoiris.com.co\/v3\/wp-json\/wp\/v2\/users\/5"}],"replies":[{"embeddable":true,"href":"https:\/\/arcoiris.com.co\/v3\/wp-json\/wp\/v2\/comments?post=23436"}],"version-history":[{"count":0,"href":"https:\/\/arcoiris.com.co\/v3\/wp-json\/wp\/v2\/posts\/23436\/revisions"}],"wp:featuredmedia":[{"embeddable":true,"href":"https:\/\/arcoiris.com.co\/v3\/wp-json\/wp\/v2\/media\/23982"}],"wp:attachment":[{"href":"https:\/\/arcoiris.com.co\/v3\/wp-json\/wp\/v2\/media?parent=23436"}],"wp:term":[{"taxonomy":"category","embeddable":true,"href":"https:\/\/arcoiris.com.co\/v3\/wp-json\/wp\/v2\/categories?post=23436"},{"taxonomy":"post_tag","embeddable":true,"href":"https:\/\/arcoiris.com.co\/v3\/wp-json\/wp\/v2\/tags?post=23436"}],"curies":[{"name":"wp","href":"https:\/\/api.w.org\/{rel}","templated":true}]}}