{"id":23465,"date":"2019-11-08T02:08:28","date_gmt":"2019-11-08T07:08:28","guid":{"rendered":"https:\/\/arcoiris.com.co\/v3\/?p=23465"},"modified":"2019-11-08T09:23:06","modified_gmt":"2019-11-08T14:23:06","slug":"comunicado","status":"publish","type":"post","link":"https:\/\/arcoiris.com.co\/v3\/2019\/11\/comunicado\/","title":{"rendered":"Comunicado"},"content":{"rendered":"\n<p>Nos retiramos ante la persistencia del gobierno Nacional en\nun enfoque de defensa y seguridad basado exclusivamente en la militarizaci\u00f3n\nde los territorios, su incapacidad para poner en pr\u00e1ctica los mecanismos\nacordados en el Acuerdo de paz, sus mensajes negativos en torno al respeto y\ngarant\u00edas a la protesta social, la falta de voluntad para frenar la violencia\nen contra de l\u00edderes sociales, defensoras de derechos humanos, especialmente\nind\u00edgenas y personas en proceso de reincorporaci\u00f3n.<\/p>\n\n\n\n<p>Desde el mes de mayo de este a\u00f1o la Coordinaci\u00f3n Colombia\nEuropa Estados Unidos, la Alianza de Organizaciones Sociales y Afines, la\nPlataforma Colombiana de Derechos Humanos, Democracia y Desarrollo, y la Cumbre\nAgraria, Campesina, \u00c9tnica y Popular, reunidas en la Confluencia, hemos\natendido la convocatoria del actual gobierno para formular de manera concertada\ny con el acompa\u00f1amiento de la comunidad internacional, una Pol\u00edtica P\u00fablica\nIntegral de Respeto y Garant\u00eda para la Labor de Defensa de Derechos Humanos.\nEsta decisi\u00f3n la asumimos, adem\u00e1s, con la esperanza de que el Gobierno\nNacional adoptara medidas eficaces y suficientes para frenar la violencia en\ncontra del liderazgo social y de las personas defensoras de DDHH.<\/p>\n\n\n\n<p>De igual manera, convinimos con el Gobierno Nacional, en\ncabeza del Ministerio del Interior, en avanzar simult\u00e1neamente en la\nimplementaci\u00f3n de los mecanismos ya existentes, entre estos los establecidos\nen el Acuerdo General de Paz: los puntos 2.1. (derechos y garant\u00edas para el\nejercicio de la oposici\u00f3n y de los nuevos movimientos) y 3.4. (garant\u00edas de\nseguridad y lucha contra las organizaciones criminales, incluido el desmonte\ndel paramilitarismo), el cumplimiento de los acuerdos firmados con las\ncomunidades en el marco de los PNIS y los PDETs creados para frenar la\nviolencia sistem\u00e1tica que arrecia en varias regiones.<\/p>\n\n\n\n<p>Sin embargo, hasta el momento no hemos constatado una\nvoluntad pol\u00edtica real por parte del Gobierno Nacional para avanzar en esta\ndirecci\u00f3n, lo cual se evidencia en el agravamiento de la crisis humanitaria,\nla reactivaci\u00f3n del conflicto armado y de din\u00e1micas de violencia\nsociopol\u00edtica, y la expansi\u00f3n del paramilitarismo y de la criminalidad ligada\nal narcotr\u00e1fico. Nos preocupa la cada vez m\u00e1s evidente connivencia de\nsectores de la fuerza p\u00fablica con dichos grupos.<\/p>\n\n\n\n<p>Es inaceptable la reiterada estigmatizaci\u00f3n contra\norganizaciones sociales, las guardias ind\u00edgenas, campesinas y cimarronas por\nparte de altos funcionarios de gobierno, as\u00ed como la creciente judicializaci\u00f3n\nde l\u00edderes y lideresas sociales que defienden la vida, el agua y el\nterritorio.<\/p>\n\n\n\n<p>Un ejemplo de este contexto es el departamento del Cauca, en\ndonde se ha puesto a prueba la real voluntad del Gobierno Nacional para\nconcertar con las comunidades las medidas que garanticen su seguridad,\nrespetando los mecanismos propios de autoprotecci\u00f3n en el marco de la\nautonom\u00eda de los pueblos ind\u00edgenas, afrodescendientes, y comunidades\ncampesinas. Por el contrario, ante el agravamiento de la situaci\u00f3n, el Gobierno\ndecide enviar 2500 efectivos militares m\u00e1s, desconociendo la voz de la\ngobernadora ind\u00edgena Cristina Bautista, recientemente asesinada, cuando dijo,\n\u201clos armados no son bienvenidos a nuestra casa\u201d.<\/p>\n\n\n\n<p>La participaci\u00f3n directa de miembros de la fuerza p\u00fablica\nen los ataques contra l\u00edderes sociales y pol\u00edticos, queda en evidencia con el\nasesinato de la candidata a la alcald\u00eda de Su\u00e1rez, Karina Garc\u00eda, la\nejecuci\u00f3n extrajudicial del ind\u00edgena Flower Trompeta Pavi en Corinto, o la\nintervenci\u00f3n de mandos del Ej\u00e9rcito en planes para el asesinato de personas\nen proceso de reincorporaci\u00f3n (como Dimar Torres en el Catatumbo), lo que\nconfigura el regreso de la pr\u00e1ctica de los \u201cfalsos positivos\u201d, motivadas en\ndirectivas reservadas expedidas desde la misma Comandancia del Ej\u00e9rcito. A\nesto se suman las \u00f3rdenes de altos mandos para realizar alianzas con grupos\narmados ilegales con el prop\u00f3sito de atacar a otros actores armados (como el\nELN), como lo se\u00f1alan diversas fuentes period\u00edsticas.<\/p>\n\n\n\n<p>Ante la incapacidad o falta manifiesta de voluntad para\ntomar las medidas de protecci\u00f3n y de garant\u00edas de seguridad para detener la\nviolencia sistem\u00e1tica en contra de los liderazgos sociales, las personas\ndefensoras de los derechos humanos y quienes se encuentran en proceso de\nreincorporaci\u00f3n, y el exterminio de los pueblos ind\u00edgenas, consideramos\nque&nbsp; junto con el Ministro de Defensa, la\nministra del Interior, el Comandante General del Ej\u00e9rcito deben dimitir de sus\ncargos.<\/p>\n\n\n\n<p>A este contexto se agrega el tratamiento de orden p\u00fablico\ndado a la movilizaci\u00f3n y a la protesta social, particularmente de los\nestudiantes universitarios, el uso desproporcionado de la fuerza que deja\nsaldos de cientos de heridos, detenidos y mutilados; y el irrespeto a los\ncampus universitarios, donde la fuerza p\u00fablica ingresa violentamente\npisoteando el principio de la autonom\u00eda universitaria.<\/p>\n\n\n\n<p>En estas condiciones suspendemos la participaci\u00f3n en el\nproceso de formulaci\u00f3n de un instrumento de pol\u00edtica p\u00fablica de respeto y\ngarant\u00edas para la labor de defensa de los derechos humanos hasta tanto no\nveamos en nuestro interlocutor la voluntad genuina de respetar y garantizar la\nvida, los derechos fundamentales y las libertades de todos sus ciudadanos.<\/p>\n\n\n\n<p>Por tanto, supeditamos la continuidad de nuestra\nparticipaci\u00f3n en este proceso, a la evidencia de dicha voluntad y avance en\nlas siguientes medidas m\u00ednimas:<\/p>\n\n\n\n<p>1. Concertar y detener militarizaci\u00f3n. Bajo el concepto\nuniversal de Seguridad Humana Integral, concertar las garant\u00edas de seguridad y\nmedidas de autoprotecci\u00f3n exigidas por las comunidades ind\u00edgenas, campesinas\nafrodescendientes y organizaciones sociales en los territorios. Esto incluye\ndetener el proceso de militarizaci\u00f3n y env\u00edo de nuevos destacamentos\nmilitares al Departamento del Cauca y dem\u00e1s territorios.<\/p>\n\n\n\n<p>2. Cambio de funcionarios. La remoci\u00f3n del Ministro de\nDefensa Guillermo Botero, la Ministra del Interior Nancy Patricia Guti\u00e9rrez,\nel Comandante del Ej\u00e9rcito Nacional Nicacio Mart\u00ednez<\/p>\n\n\n\n<p>&nbsp;Espinel , sobre este\n\u00faltimo hay 40 mil firmas que han solicitado su separaci\u00f3n del cargo, y el\nreemplazo por funcionarios con reconocida tradici\u00f3n civilista y compromiso con\nlos derechos humanos.<\/p>\n\n\n\n<p>3. Convocatoria extraordinaria de escenarios de Garant\u00edas.\u00e7<\/p>\n\n\n\n<p>3.1. Convocatoria de dos Mesas Nacionales de Garant\u00edas\nAmpliadas. La primera, de rendici\u00f3n de cuentas sobre las medidas adoptadas por\nel gobierno para parar los asesinatos de los l\u00edderes, lideresas, personas\ndefensoras de los DDHH, ind\u00edgenas, campesinos y afrocolombianos. La segunda,\nsobre la doctrina militar y el papel de la Fuerza P\u00fablica en materia de\ngarant\u00edas para la defensa de los derechos humanos. Con la participaci\u00f3n de\nlos sectores afectados. Solicitamos que estas Mesas sean presididas por el\npresidente de la Rep\u00fablica y que participen funcionarios de alto nivel de las\ndiversas instituciones de gobierno y de Estado concernidas.<\/p>\n\n\n\n<p>3.2. Convocatoria inmediata de la Comisi\u00f3n Nacional de\nGarant\u00edas de Seguridad, presidida por el Presidente de la Rep\u00fablica para la\nformulaci\u00f3n y puesta en pr\u00e1ctica del Plan para el desmantelamiento de las\nestructuras paramilitares y crimen organizado.<\/p>\n\n\n\n<p>3.3. Realizaci\u00f3n de reuni\u00f3n de la Sub Comisi\u00f3n de\ngarant\u00edas y derechos humanos de la Mesa \u00fanica Nacional.<\/p>\n\n\n\n<p>4. Activaci\u00f3n inmediata de una ruta de atenci\u00f3n,\nprevenci\u00f3n y protecci\u00f3n en los territorios donde la situaci\u00f3n es m\u00e1s\ncr\u00edtica (por lo menos en los departamentos del Cauca, Catatumbo, Nari\u00f1o,\nChoc\u00f3, sur de C\u00f3rdoba) con tiempos, recursos e indicadores de resultados, lo\nque incluye la puesta en vigencia del decreto 660 de 2018 (Plan Integral de\nSeguridad y Protecci\u00f3n para Organizaciones y Comunidades en los Territorios).<\/p>\n\n\n\n<p>5. Implementaci\u00f3n de la Resoluci\u00f3n 1190 de 2018 de\ngarant\u00edas para la movilizaci\u00f3n y la protesta social e instalaci\u00f3n de la Mesa\nNacional y las Mesas Departamentales de Verificaci\u00f3n y Seguimiento al respeto\ny garant\u00eda del ejercicio de la protesta social, contempladas en dicha norma.<\/p>\n\n\n\n<p>Sea esta la oportunidad para agradecer a la Comunidad\nInternacional el acompa\u00f1amiento que ha venido brindando a este proceso. Les\nsolicitamos que contin\u00faen haci\u00e9ndolo en el marco de estas exigencias\nm\u00ednimas, con las cuales abrigamos la esperanza de poder frenar la violencia\ncontra el liderazgo social, contra los pueblos \u00e9tnicos, comunidades campesinas\ny otros sectores que reivindican sus derechos y libertades, como lo consagran la\ndeclaraci\u00f3n universal de los derechos humanos y la Constituci\u00f3n Pol\u00edtica\nColombiana.<\/p>\n\n\n\n<p>Reiteramos nuestro compromiso con la construcci\u00f3n de una\npaz completa, la formulaci\u00f3n concertada de una pol\u00edtica p\u00fablica de respeto y\ngarant\u00edas a la labor de defensa de los derechos humanos, la adopci\u00f3n de\nmedidas inmediatas de prevenci\u00f3n, protecci\u00f3n e investigaci\u00f3n para las\npersonas defensoras de derechos humanos en los territorios m\u00e1s afectados por\nla violencia y comprometidos con la implementaci\u00f3n integral del Acuerdo de Paz<\/p>\n\n\n\n<p>Confluencia:<\/p>\n\n\n\n<p>Alianza de Organizaciones Sociales y Afines Coordinaci\u00f3n\nColombia \u2013 Europa \u2013 Estados Unidos, Plataforma Colombia de Derechos Humanos,\nDemocracia y Desarrollo, Cumbre Agraria, Campesina, \u00c9tnica y Popular.<\/p>\n\n\n\n<p>Bogot\u00e1, 6 de noviembre de 2019<\/p>\n\n\n\n<p>M\u00e1s informaci\u00f3n para periodistas y gesti\u00f3n de\nentrevistas: Ang\u00e9lica Chaparro | Celular: 3213819733<\/p>\n\n\n\n<p>Cristian Delgado |Celular:312 8512616<\/p>\n\n\n\n<p>Paola S\u00e1nchez |Celular: 3187170001<\/p>\n\n\n\n<p>Sonia Cifuentes Celular: 3123422066 Yiya G\u00f3mez |Celular:\n3174414455<\/p>\n\n\n\n<p>Correos electr\u00f3nicos prensa@cajar.org + jefedeprensa@coljuristas.org + scifuentes@asociacionminga.co + coordddhhmapa@gmail.com + comunicacion@ viva.org.co<\/p>\n","protected":false},"excerpt":{"rendered":"<p>Nos retiramos ante la persistencia del gobierno Nacional en un enfoque de defensa y seguridad basado exclusivamente en la militarizaci\u00f3n de los territorios, su incapacidad para poner en pr\u00e1ctica los mecanismos acordados en el Acuerdo de paz, sus mensajes negativos en torno al respeto y garant\u00edas a la protesta social, la falta de voluntad para [&hellip;]<\/p>\n","protected":false},"author":5,"featured_media":23466,"comment_status":"closed","ping_status":"closed","sticky":true,"template":"","format":"standard","meta":{"_et_pb_use_builder":"","_et_pb_old_content":"","_et_gb_content_width":"","footnotes":""},"categories":[638,634],"tags":[],"class_list":["post-23465","post","type-post","status-publish","format-standard","has-post-thumbnail","hentry","category-conflictos","category-construccion-de-paz"],"_links":{"self":[{"href":"https:\/\/arcoiris.com.co\/v3\/wp-json\/wp\/v2\/posts\/23465","targetHints":{"allow":["GET"]}}],"collection":[{"href":"https:\/\/arcoiris.com.co\/v3\/wp-json\/wp\/v2\/posts"}],"about":[{"href":"https:\/\/arcoiris.com.co\/v3\/wp-json\/wp\/v2\/types\/post"}],"author":[{"embeddable":true,"href":"https:\/\/arcoiris.com.co\/v3\/wp-json\/wp\/v2\/users\/5"}],"replies":[{"embeddable":true,"href":"https:\/\/arcoiris.com.co\/v3\/wp-json\/wp\/v2\/comments?post=23465"}],"version-history":[{"count":0,"href":"https:\/\/arcoiris.com.co\/v3\/wp-json\/wp\/v2\/posts\/23465\/revisions"}],"wp:featuredmedia":[{"embeddable":true,"href":"https:\/\/arcoiris.com.co\/v3\/wp-json\/wp\/v2\/media\/23466"}],"wp:attachment":[{"href":"https:\/\/arcoiris.com.co\/v3\/wp-json\/wp\/v2\/media?parent=23465"}],"wp:term":[{"taxonomy":"category","embeddable":true,"href":"https:\/\/arcoiris.com.co\/v3\/wp-json\/wp\/v2\/categories?post=23465"},{"taxonomy":"post_tag","embeddable":true,"href":"https:\/\/arcoiris.com.co\/v3\/wp-json\/wp\/v2\/tags?post=23465"}],"curies":[{"name":"wp","href":"https:\/\/api.w.org\/{rel}","templated":true}]}}