{"id":23470,"date":"2019-11-12T13:33:15","date_gmt":"2019-11-12T18:33:15","guid":{"rendered":"https:\/\/arcoiris.com.co\/v3\/?p=23470"},"modified":"2019-11-12T13:34:14","modified_gmt":"2019-11-12T18:34:14","slug":"hicimos-el-paro-y-seguimos-palante","status":"publish","type":"post","link":"https:\/\/arcoiris.com.co\/v3\/2019\/11\/hicimos-el-paro-y-seguimos-palante\/","title":{"rendered":"!Hicimos el paro y seguimos pa&#8217;lante\u00a1"},"content":{"rendered":"\n<p>Por Jeprado \/ Foto: Jeniffer Rueda<\/p>\n\n\n\n<p>En la memoria de muchos\nhabitantes de Medellin a\u00fan permanecen vivos los recuerdos de las masivas\njornadas de movilizaci\u00f3n y protesta durante los primeros a\u00f1os de 1980. Era la\n\u00e9poca del Estatuto de seguridad de Turbay Ayala, en&nbsp; la cual pese a la persecuci\u00f3n pol\u00edtica, no\nhab\u00eda logrado detenerse el crecimiento del movimiento popular en las\nprincipales ciudades del pa\u00eds.<\/p>\n\n\n\n<p>Es el caso de la por entonces llamada comuna 2 de Medellin: Castilla, Pedregal, La Esperanza, Santander, Doce de Octubre, San Martin de Porres y Kennedy. En estos barrios, las organizaciones sindicales, estudiantiles y de izquierda adelantaron un fuerte trabajo organizativo desde 1970. Fueron los a\u00f1os de las carpas obreras, los comit\u00e9s barriales, art\u00edsticos&nbsp; y estudiantiles que disputaban el escenario pol\u00edtico al bipartidismo del Frente Nacional. En el imaginario colectivo hab\u00edan logrado abrirse campo -por medio de peri\u00f3dicos como El Inconforme, Voz Proletaria y Sin Permiso- las ideas de Camilo Torres, Ernesto Guevara y Sim\u00f3n Bol\u00edvar. La agitaci\u00f3n popular estaba en alza. <\/p>\n\n\n\n<figure class=\"wp-block-image size-large\"><img loading=\"lazy\" decoding=\"async\" width=\"489\" height=\"634\" src=\"https:\/\/arcoiris.com.co\/v3\/wp-content\/uploads\/2019\/11\/Captura-de-pantalla-2019-11-12-a-las-12.57.21-p.m..png\" alt=\"\" class=\"wp-image-23476\" srcset=\"https:\/\/arcoiris.com.co\/v3\/wp-content\/uploads\/2019\/11\/Captura-de-pantalla-2019-11-12-a-las-12.57.21-p.m..png 489w, https:\/\/arcoiris.com.co\/v3\/wp-content\/uploads\/2019\/11\/Captura-de-pantalla-2019-11-12-a-las-12.57.21-p.m.-231x300.png 231w\" sizes=\"(max-width: 489px) 100vw, 489px\" \/><\/figure>\n\n\n\n<p>En octubre de 1981,&nbsp;&nbsp; la Confederaci\u00f3n Sindical de Trabajadores de Colombia (CSTC) defini\u00f3 el d\u00eda 21 como fecha para la realizaci\u00f3n del segundo paro c\u00edvico nacional, cuyo antecedente hist\u00f3rico hab\u00edan&nbsp; sido las jornadas de movilizaci\u00f3n y lucha callejera que sacudieron&nbsp; el pa\u00eds en septiembre de 1977.&nbsp; En la comuna &nbsp;esta convocatoria fue una invitaci\u00f3n a la acci\u00f3n pol\u00edtica conciente y organizada, motivada por la tentativa de suspender el subsidio a los buses urbanos con la implementaci\u00f3n del Transporte Sin Subsidio (TSS) y el alza de los servicios p\u00fablicos. <\/p>\n\n\n\n<p>La jornada inici\u00f3 a las 4:00 am cuando los primeros grupos regaron tachuelas en Francisco Antonio Zea para impedir la entrada y salida de buses a la comuna, al tiempo que desde la Universidad de Antioquia llegaban los enfermeros que atender\u00edan los heridos y emergencias durante el d\u00eda. A medida que avanzaba la ma\u00f1ana se ve\u00eda en&nbsp; los diferentes barrios como se esparc\u00eda el humo de llantas quemadas, al tiempo que hac\u00edan su aparici\u00f3n&nbsp; la polic\u00eda y el ej\u00e9rcito. Su presencia fue el detonante para que el enfrentamiento estallara.&nbsp; Amas de casa armadas de ollas y cacerolas&nbsp; compart\u00edan la calle con j\u00f3venes y adultos con piedras, papas bombas y molotovs. No hubo barrio en el que no se presentaran enfrentamientos e incluso el CAI del 12 de octubre fue abandonado por los polic\u00edas que huyeron hacia la Estaci\u00f3n Carlos Holgu\u00edn. <\/p>\n\n\n\n<figure class=\"wp-block-image size-large\"><img loading=\"lazy\" decoding=\"async\" width=\"294\" height=\"396\" src=\"https:\/\/arcoiris.com.co\/v3\/wp-content\/uploads\/2019\/11\/paro.jpeg\" alt=\"\" class=\"wp-image-23474\" srcset=\"https:\/\/arcoiris.com.co\/v3\/wp-content\/uploads\/2019\/11\/paro.jpeg 294w, https:\/\/arcoiris.com.co\/v3\/wp-content\/uploads\/2019\/11\/paro-223x300.jpeg 223w\" sizes=\"(max-width: 294px) 100vw, 294px\" \/><\/figure>\n\n\n\n<p>Desde Campo Valdez, Aranjuez, Bello e Itag\u00fc\u00ed y&nbsp; colegios como el Pascual Bravo, Marco Fidel Su\u00e1rez y Liceo Antioque\u00f1o llegaron noticias de bloqueos, enfrentamientos y detenidos. En la memoria de quienes participaron en el paro c\u00edvico qued\u00f3 un recuerdo imborrable: el temor de los gobernantes ante la protesta y rebeld\u00eda popular. <\/p>\n","protected":false},"excerpt":{"rendered":"<p>Por Jeprado \/ Foto: Jeniffer Rueda En la memoria de muchos habitantes de Medellin a\u00fan permanecen vivos los recuerdos de las masivas jornadas de movilizaci\u00f3n y protesta durante los primeros a\u00f1os de 1980. Era la \u00e9poca del Estatuto de seguridad de Turbay Ayala, en&nbsp; la cual pese a la persecuci\u00f3n pol\u00edtica, no hab\u00eda logrado detenerse [&hellip;]<\/p>\n","protected":false},"author":5,"featured_media":23477,"comment_status":"closed","ping_status":"closed","sticky":true,"template":"","format":"standard","meta":{"_et_pb_use_builder":"","_et_pb_old_content":"","_et_gb_content_width":"","footnotes":""},"categories":[638,633],"tags":[],"class_list":["post-23470","post","type-post","status-publish","format-standard","has-post-thumbnail","hentry","category-conflictos","category-opinion"],"_links":{"self":[{"href":"https:\/\/arcoiris.com.co\/v3\/wp-json\/wp\/v2\/posts\/23470","targetHints":{"allow":["GET"]}}],"collection":[{"href":"https:\/\/arcoiris.com.co\/v3\/wp-json\/wp\/v2\/posts"}],"about":[{"href":"https:\/\/arcoiris.com.co\/v3\/wp-json\/wp\/v2\/types\/post"}],"author":[{"embeddable":true,"href":"https:\/\/arcoiris.com.co\/v3\/wp-json\/wp\/v2\/users\/5"}],"replies":[{"embeddable":true,"href":"https:\/\/arcoiris.com.co\/v3\/wp-json\/wp\/v2\/comments?post=23470"}],"version-history":[{"count":0,"href":"https:\/\/arcoiris.com.co\/v3\/wp-json\/wp\/v2\/posts\/23470\/revisions"}],"wp:featuredmedia":[{"embeddable":true,"href":"https:\/\/arcoiris.com.co\/v3\/wp-json\/wp\/v2\/media\/23477"}],"wp:attachment":[{"href":"https:\/\/arcoiris.com.co\/v3\/wp-json\/wp\/v2\/media?parent=23470"}],"wp:term":[{"taxonomy":"category","embeddable":true,"href":"https:\/\/arcoiris.com.co\/v3\/wp-json\/wp\/v2\/categories?post=23470"},{"taxonomy":"post_tag","embeddable":true,"href":"https:\/\/arcoiris.com.co\/v3\/wp-json\/wp\/v2\/tags?post=23470"}],"curies":[{"name":"wp","href":"https:\/\/api.w.org\/{rel}","templated":true}]}}