{"id":23491,"date":"2019-11-18T14:58:12","date_gmt":"2019-11-18T19:58:12","guid":{"rendered":"https:\/\/arcoiris.com.co\/v3\/?p=23491"},"modified":"2019-11-19T12:56:46","modified_gmt":"2019-11-19T17:56:46","slug":"paro-nacional-del-21n","status":"publish","type":"post","link":"https:\/\/arcoiris.com.co\/v3\/2019\/11\/paro-nacional-del-21n\/","title":{"rendered":"Paro Nacional del 21N"},"content":{"rendered":"\n<p>La Corporaci\u00f3n Nuevo Arco Iris se suma al paro nacional del\n21 de noviembre. A continuaci\u00f3n algunas de las razones por las cuales cada d\u00eda\nsomos m\u00e1s los que saldremos a marchar.<\/p>\n\n\n\n<p>\u2022 Contra la reforma laboral: gremios afines al gobierno han\npropuesto reducci\u00f3n del salario para los j\u00f3venes, han dicho que estos s\u00f3lo\ndeber\u00edan recibir el 75% del m\u00ednimo. Tambi\u00e9n proponen salario diferencial por\nregiones, contrataci\u00f3n por horas y eliminaci\u00f3n del salario m\u00ednimo.<\/p>\n\n\n\n<p>\u2022 Contra la Reforma pensional: Antela posible eliminaci\u00f3n de\nla pensi\u00f3n como derecho de los trabajadores.<\/p>\n\n\n\n<p>\u2022 Contra el Holding Financiero: La creaci\u00f3n de esta entidad\neliminar\u00eda el control directo del Estado sobre los dineros de las empresas\nfinancieras estatales, se prevee una masacre laboral en estas entidades.<\/p>\n\n\n\n<p>\u2022 Contra las privatizaciones: El gobierno podr\u00eda estar\npensando privatizar Ecopetrol, ISA, CENIT, electrificadoras regionales y todas\nlas empresas donde la participaci\u00f3n del Estado sea inferior al 50%.<\/p>\n\n\n\n<p>\u2022 Contra la Corrupci\u00f3n: Al a\u00f1o en el pa\u00eds se roban 50\nbillones de pesos. Algunos ejemplos de la corrupci\u00f3n en el pa\u00eds son: Odebretch\ncon la Ruta del Sol, Navelena, carrusel de la toga, Reficar, Fedegan y la\nUniversidad Distrital.<\/p>\n\n\n\n<p>\u2022 Contra el tarifazo nacional: Las tarifas de energ\u00eda se\nincrementar\u00e1n hasta en un 35% para los estratos 4,5 y 6 en el pa\u00eds con el fin\nde beneficiar a Electricaribe.<\/p>\n\n\n\n<p>\u2022 Contra la reforma tributaria: Esta pretende rebajar los\nimpuestos a las grandes empresas y multinacionales e imponer m\u00e1s tributos a la\nclase media y a los trabajadores.<\/p>\n\n\n\n<p>\u2022 Por un salario m\u00ednimo: La exigencia ser\u00e1 un salari\u00f3 m\u00ednimo\nque permita tener una vida digna y que cubra la canasta familiar.<\/p>\n\n\n\n<p>\u2022 Por el cumplimiento de los acuerdos: Se exige que el\ngobierno nacional cumpla los acuerdos que firm\u00f3 con Fecode, los trabajadores\nestatales y los estudiantes. De la misma manera se pide que cumpla los\ncompromisos con el agro y con los ind\u00edgenas.<\/p>\n\n\n\n<p>\u2022 Por la defensa de la protesta social:El gobierno busca\nrestringir al m\u00e1ximo la protesta social la cual es un derecho que hay que\ndefender. Tambi\u00e9n buscan criminalizar y estigmatizar a los que protestan.<\/p>\n","protected":false},"excerpt":{"rendered":"<p>La Corporaci\u00f3n Nuevo Arco Iris se suma al paro nacional del 21 de noviembre. A continuaci\u00f3n algunas de las razones por las cuales cada d\u00eda somos m\u00e1s los que saldremos a marchar. \u2022 Contra la reforma laboral: gremios afines al gobierno han propuesto reducci\u00f3n del salario para los j\u00f3venes, han dicho que estos s\u00f3lo deber\u00edan [&hellip;]<\/p>\n","protected":false},"author":5,"featured_media":23502,"comment_status":"closed","ping_status":"closed","sticky":true,"template":"","format":"standard","meta":{"_et_pb_use_builder":"","_et_pb_old_content":"","_et_gb_content_width":"","footnotes":""},"categories":[638,18],"tags":[],"class_list":["post-23491","post","type-post","status-publish","format-standard","has-post-thumbnail","hentry","category-conflictos","category-victimas"],"_links":{"self":[{"href":"https:\/\/arcoiris.com.co\/v3\/wp-json\/wp\/v2\/posts\/23491","targetHints":{"allow":["GET"]}}],"collection":[{"href":"https:\/\/arcoiris.com.co\/v3\/wp-json\/wp\/v2\/posts"}],"about":[{"href":"https:\/\/arcoiris.com.co\/v3\/wp-json\/wp\/v2\/types\/post"}],"author":[{"embeddable":true,"href":"https:\/\/arcoiris.com.co\/v3\/wp-json\/wp\/v2\/users\/5"}],"replies":[{"embeddable":true,"href":"https:\/\/arcoiris.com.co\/v3\/wp-json\/wp\/v2\/comments?post=23491"}],"version-history":[{"count":0,"href":"https:\/\/arcoiris.com.co\/v3\/wp-json\/wp\/v2\/posts\/23491\/revisions"}],"wp:featuredmedia":[{"embeddable":true,"href":"https:\/\/arcoiris.com.co\/v3\/wp-json\/wp\/v2\/media\/23502"}],"wp:attachment":[{"href":"https:\/\/arcoiris.com.co\/v3\/wp-json\/wp\/v2\/media?parent=23491"}],"wp:term":[{"taxonomy":"category","embeddable":true,"href":"https:\/\/arcoiris.com.co\/v3\/wp-json\/wp\/v2\/categories?post=23491"},{"taxonomy":"post_tag","embeddable":true,"href":"https:\/\/arcoiris.com.co\/v3\/wp-json\/wp\/v2\/tags?post=23491"}],"curies":[{"name":"wp","href":"https:\/\/api.w.org\/{rel}","templated":true}]}}