{"id":23513,"date":"2019-11-19T21:15:09","date_gmt":"2019-11-20T02:15:09","guid":{"rendered":"https:\/\/arcoiris.com.co\/v3\/?p=23513"},"modified":"2019-11-19T21:50:24","modified_gmt":"2019-11-20T02:50:24","slug":"la-luminosidad-de-lo-plebeyo-en-el-tiempo-de-la-crisis-del-liderazgo-politico-revolucionario","status":"publish","type":"post","link":"https:\/\/arcoiris.com.co\/v3\/2019\/11\/la-luminosidad-de-lo-plebeyo-en-el-tiempo-de-la-crisis-del-liderazgo-politico-revolucionario\/","title":{"rendered":"La luminosidad de lo plebeyo en tiempos de crisis de liderazgos pol\u00edticos en Am\u00e9rica Latina"},"content":{"rendered":"\n<p>Por Juli\u00e1n Granda Munera<\/p>\n\n\n\n<p>Este ensayo desarrolla una\nbreve narraci\u00f3n y con ella una explicaci\u00f3n, con distintos significados, sobre el\nmomento pol\u00edtico y el conflicto de las econom\u00edas con mayor peso relativo en\nAm\u00e9rica Latina actualmente, esto es: Brasil, Argentina, Colombia, Venezuela,\nChile, Ecuador. En el an\u00e1lisis tambi\u00e9n podr\u00e1n vincularse Paraguay y Puerto\nRico.<\/p>\n\n\n\n<p>La narraci\u00f3n breve es un riesgo\nque asume quien escribe este ensayo, a sabiendas que tambi\u00e9n pretende afirmarse\nen un debate y as\u00ed mismo elaborar propuestas de interpretaci\u00f3n con la historia\npresente. En este sentido, &nbsp;arranca una experiencia\ny la condensaci\u00f3n de la misma. La experiencia arranca en 1994 en Colombia,\nsigue en 1999 en Venezuela, 2001 en Argentina, 2002 en Brasil, 2004 en Bolivia,\n2001 y 2004 en Ecuador, 2010 en Paraguay, 2006 y 2008 en Chile<a href=\"#_ftn1\">[1]<\/a>.<\/p>\n\n\n\n<p>Nombro estas fechas y pa\u00edses\nporque pretendo demostrar la idea que han esbozado muchos analistas de Am\u00e9rica\nLatina y es que en la primera d\u00e9cada del dos mil, el poder constituyente de las\nclases plebeyas, trabajadores, campesinas, estudiantes, ind\u00edgenas, mujeres,\nsociedades en movimiento, emergieron con alta intensidad. Las calles de las\nprincipales ciudades de esos pa\u00edses se llenaron de entusiasmo y de una alegr\u00eda\ninusitada hasta ese momento. Massimo Modonessi, Ra\u00fal Zibechi, Constanza Moreira\ny Boaventura de Sousa<a href=\"#_ftn2\">[2]<\/a> en\nparticular han demostrado esto. <\/p>\n\n\n\n<p>Pero este ciclo de resistencia\nsocial y confrontaci\u00f3n popular en las calles se condens\u00f3 en uno de dos\nprocesos. En la reacci\u00f3n y contra insurgencia m\u00e1s virulenta, como fue el caso\nde Colombia o M\u00e9xico durante el periodo 1994-2017, y en procesos constituyentes\ndemocratizadores o cuanto menos reformistas y neoliberales<a href=\"#_ftn3\">[3]<\/a>.<\/p>\n\n\n\n<p>Es decir, de la ola popular\ncomo tambi\u00e9n podr\u00eda llamarse este per\u00edodo se vino la construcci\u00f3n estatal de\ncar\u00e1cter refundacional en los pa\u00edses donde cuaj\u00f3, o el repliegue como se\nindic\u00f3. Por ejemplo, la Alianza Pa\u00eds y el Movimiento Quinta Rep\u00fablica, de\nEcuador y Venezuela respectivamente, se hicieron con el poder de un modo\nsorprendente. Se\u00f1alo estas dos experiencias porque a mi juicio son las que\nlograron volcar una situaci\u00f3n de debilidad a una situaci\u00f3n de control y\nlibertad pol\u00edtica. Correa y a Ch\u00e1vez pasaron de tener menos de 10% de apoyo a\ncontar con mayor\u00edas, es decir, lograron tener un proceso de construcci\u00f3n de\nestabilidad desde lo plebeyo y popular, adoptando posiciones democratizadoras\nradicales.<\/p>\n\n\n\n<p>Ahora, y ac\u00e1 coincido con\nMassimo Modonessi, el proceso de construcci\u00f3n de hegemon\u00eda, sin embargo, gener\u00f3\nun efecto desmoralizador y captador de la movilizaci\u00f3n por lo que esa\nluminosidad se opac\u00f3. El ejemplo tal vez m\u00e1s claro fue el de Argentina. En el\n2008 la presidente sufri\u00f3 una enorme resistencia por parte de la burgues\u00eda\nterrateniente de C\u00f3rdoba y Santa Fe como consecuencia del aumento de la tasa de\nimpuestos a las exportaciones de la soja. En ese entonces no hubo movimiento\npara atajar y apoyar la medida por lo que al gobierno le toc\u00f3 retroceder<a href=\"#_ftn4\">[4]<\/a>.<\/p>\n\n\n\n<p>Pero casos as\u00ed son muchos. Brasil\n2014 y la participaci\u00f3n importante en el ejecutivo del movimiento democr\u00e1tico\nbrasile\u00f1o; Brasil 2015 y <em>el impeachment<\/em>. Bolivia 2014 y el Tipnis.\nEcuador 2014 y Yasuni. Incluso, el poder luminoso plebeyo se torn\u00f3 en oposici\u00f3n\na las medidas econ\u00f3micas de los gobiernos por los que hab\u00edan apostado vidas de\nsus propias familias<a href=\"#_ftn5\">[5]<\/a>.<\/p>\n\n\n\n<p>Explicaciones distintas. Pero\ntal vez una de ellas sea la captaci\u00f3n burocr\u00e1tica de los mejores cuadros del\nmovimiento plebeyo. Recordemos que Evo nombr\u00f3 como ministra del trabajo a la\nsecretaria general del Sindicato de trabajadoras dom\u00e9sticas de Bolivia,\nCasemira Rodriguez. Otra explicaci\u00f3n es la acci\u00f3n dubitativa contra el\nImperialismo, mucho discurso y poca pr\u00e1ctica<a href=\"#_ftn6\">[6]<\/a>. <\/p>\n\n\n\n<p>Pero, en la lucha por el poder\ny la propia contingencia de las t\u00e1cticas de confrontaci\u00f3n, el 2018-2019 nos ha demostrado\nla existencia de esa luminosidad de lo popular. Venezuela, Nicaragua, M\u00e9xico,\nArgentina, Chile, Brasil, Bolivia, Colombia, Ecuador, Paraguay, Puerto Rico,\nHonduras han vivenciando sendas movilizaciones que han puesto contra las\ncuerdas a los gobernantes progresistas o derechistas en cada una de esas\nnaciones. De hecho, los ejecutivos han salido a agitar como consigna de sofoco\nal enemigo m\u00e1s palpable que encuentran a las primeras, Estados Unidos<a href=\"#_ftn7\">[7]<\/a> o\nVenezuela. O ahora, en el m\u00e1s rid\u00edculo sentido, el foro de Sao Paulo, queriendo\ncon ello desconocer las demandas justas de esos movimientos, de democracia,\nseguridad humana y bienestar. <\/p>\n\n\n\n<p>Sin duda hay que asumir\ndefensa, pero tambi\u00e9n an\u00e1lisis en Venezuela, en Nicaragua, en Bolivia, porque\nsi bien all\u00ed es el fascismo pol\u00edtico latinoamericano quien aglutina, hay m\u00e1s\npueblo plebeyo en esa movilizaci\u00f3n. Pero esto es sintom\u00e1tico. En el regreso de\nlo plebeyo son las derechas de los movimientos quienes se han ganado la batalla\no llevan el balance del poder a su favor. <\/p>\n\n\n\n<p>Son distintas explicaciones\npara dar cuenta de este surgimiento y de este clivaje derechista. Las promesas\npospuestas o traicionadas son \u00fatiles para Ecuador, Bolivia, Colombia, Argentina\ny Chile. Pero tambi\u00e9n la aberrante sumisi\u00f3n al poder del mercado internacional:\nArgentina, Chile, Ecuador. O la renovaci\u00f3n del descontento y la desconfianza\nhacia las instituciones por su incapacidad estructural, rasgo principal de las\nrep\u00fablicas dependientes latinoamericanas. Todas estas son afirmaciones\nexplicativas \u00fatiles. <\/p>\n\n\n\n<p>Atilio Boron tambi\u00e9n les da un\npapel importante a los medios de comunicaci\u00f3n imperiales y sus suced\u00e1neos\nlocales y Jairo Estrada destaca tambi\u00e9n el aspecto religioso de las iglesias\nevang\u00e9licas. En todo caso, son factores muy complejos que han emergido para\nexplicar la instrumentalizaci\u00f3n de este movimiento plebeyo hacia la derecha y\nel fascismo. <\/p>\n\n\n\n<p>Me atrever\u00eda a destacar\nadicionalmente las respuestas abandonadas de la historia y creo que es bueno\nplantearlo as\u00ed. De los rasgos de este movimiento m\u00e1s t\u00edpicos, excepto el de\nChile que comienza a decantarse por una propuesta democratizadora, son la falta\nde programa para el momento, la crisis del liderazgo y la incapacidad de\nhegemonizar horizontes alternativos al modelo pol\u00edtico y econ\u00f3mico capitalista\nm\u00e1s all\u00e1 de las naciones. <\/p>\n\n\n\n<p>Por ejemplo, en M\u00e9xico el\nmovimiento que llev\u00f3 a Amlo al poder ha entrado en reflujo. Las reformas\nestructurales y progresivas han quedado pendientes y se han maquillado con\nmedidas efectistas de la reducci\u00f3n del gasto estatal ocioso pero la capacidad\nmovilizadora ha perdido inciativa y esta est\u00e1 en el ejecutivo; por su parte, el\nreclamo argentino de la deuda es con el pueblo mas no con el banco, no se\ntraduce en actitudes pol\u00edticas de Alberto Fern\u00e1ndez, quien se muestra\ndubitativo ante tama\u00f1o problema del pr\u00e9stamo del FMI; la renuncia de Evo est\u00e1\nsiendo capitalizada por el fascismo. La libertad de Lula a\u00fan no muestra rasgos\nreales que permitan pensar en la destituci\u00f3n de Bolsonaro; el descontento\ncallejero violento en Asunci\u00f3n contra Abdo y su l\u00ednea dictatorial proveniente\nde su historia con el dictador Strossner no lleva m\u00e1s que descontento rebelde.\nY el llamado de atenci\u00f3n contra el t\u00edtere de Iv\u00e1n Duque no se transforma en la\nobligatoriedad de su despedida, por incapaz e inepto. En ecuador, a pesar de la\nconciliaci\u00f3n que logr\u00f3 Lenin Moreno con la Conaie, se pudo sofocar y reprimir\nlos participantes del Gran asalto en Quito y cuyo programa se decant\u00f3 por lo\naccesorio, la derogaci\u00f3n del decreto 883. <\/p>\n\n\n\n<p>En todos estos relatos es el\nmismo problema. El programa, el liderazgo y el marco estrat\u00e9gico de la acci\u00f3n.\nNo quiere decir que con programa se resuelvan las cosas. Pero siempre uno de\nestos tiene la capacidad de responder al momento, decantar su proyecto m\u00ednimo\npara la coyuntura y tenerlo en consideraci\u00f3n con las apuestas m\u00e1ximas<a href=\"#_ftn8\">[8]<\/a>.<\/p>\n\n\n\n<p>Adem\u00e1s, la capacidad pol\u00edtica\nde los Partidos con el movimiento y su participaci\u00f3n sin cr\u00edticas contundentes\nen los gobiernos, los neutraliza para articularse con las masas espont\u00e1neas<a href=\"#_ftn9\">[9]<\/a> y ponen\na favor el balance hac\u00eda las derechas. <\/p>\n\n\n\n<p>Por \u00faltimo, no menos grave, la\np\u00e9rdida del objetivo a corto plazo y el anti imperialismo con una forma\norganizativa latinoamericana tambi\u00e9n se convierten en explicaciones del\nestancamiento y el perfil de la balanza hac\u00eda las derechas, quienes a pie\njuntillas toman acciones internacionales comandadas por los Estados Unidos.<\/p>\n\n\n\n<p>De este modo, aunque la acci\u00f3n\npol\u00edtica es din\u00e1mica, no se saben los resultados a\u00fan en Chile y Bolivia. S\u00ed es\nnecesaria una nueva articulaci\u00f3n hacia dentro, una recomposici\u00f3n de programas y\nalianzas, liderazgos y marco de la acci\u00f3n, para que las derechas fascistas no\nencuentren todo pavimentado hacia el autoritarismo m\u00e1s despiadado y cruel que\ntraen consigo en su haber. <br \/><\/p>\n\n\n\n<hr class=\"wp-block-separator\"\/>\n\n\n\n<p><a href=\"#_ftnref1\">[1]<\/a> El movimiento por la paz y las\njuventudes en Colombia surgidas en este a\u00f1o; el control del ejecutivo tras las\nelecciones en Venezuela por parte de Hugo Ch\u00e1vez, pero la convocatoria de la\nAsamblea Constituyente con sus resultados positivos, el movimiento de\nPiqueteros, la crisis de la deuda y la alta inflaci\u00f3n nacional en Argentina, el\nascenso al poder de Luis Inacio Lula da Silva, la crisis inflacionaria y del\nsucre, as\u00ed como los movimientos anti neoliberales en Ecuador que dieron con la\nca\u00edda de Lucio Guti\u00e9rrez; la guerra del agua, del cobre en Bolivia; el ascenso\nal poder de Fernando Lugo; las grandes movilizaciones de los ping\u00fcinos en Chile\ny los Estudiantes Universitarios, son los fen\u00f3menos que expresan estos datos\nconsignados. <\/p>\n\n\n\n<p><a href=\"#_ftnref2\">[2]<\/a>\nEste libro de Franck Gaudichaud,\nJeffery Webber, Massimo Modonesi, Los gobiernos progresistas latinoamericanos\ndel siglo XXI. Ensayos de interpretaci\u00f3n hist\u00f3rica, Facultad de Ciencias\nPol\u00edticas y Sociales, Universidad Nacional Aut\u00f3noma de M\u00e9xico, 2019, ISBN:\n978-607-30-1770-1; de Santos, Boaventura \u201cLa refundaci\u00f3n del Estado en Am\u00e9rica\nLatina\u201d. Moreira, Constanza (2019) Tiempos de democracia plebeya<\/p>\n\n\n\n<p>Presente y\nfuturo del progresismo en Uruguay y Am\u00e9rica Latina; Zibechi, Ra\u00fal (2019) El\nmundo de abajo crece en silencio en <a href=\"https:\/\/www.nodal.am\/2019\/08\/el-mundo-de-abajo-crece-en-silencio-por-raul-zibechi-y-juan-wahren\/\" target=\"_blank\" rel=\"noopener\">https:\/\/www.nodal.am\/2019\/08\/el-mundo-de-abajo-crece-en-silencio-por-raul-zibechi-y-juan-wahren\/<\/a> <\/p>\n\n\n\n<p><a href=\"#_ftnref3\">[3]<\/a> Claudio Katz ha hecho una elaboraci\u00f3n\nmuy cercana a estos gobiernos. Al respecto ver su p\u00e1gina <a href=\"https:\/\/katz.lahaine.org\/que-es-el-neo-desarrollismo-i-una-vision-critica-economia\/\" target=\"_blank\" rel=\"noopener\">https:\/\/katz.lahaine.org\/que-es-el-neo-desarrollismo-i-una-vision-critica-economia\/<\/a>\n<\/p>\n\n\n\n<p><a href=\"#_ftnref4\">[4]<\/a>\nClaudio vuelve a poner \u00e9nfasis en\neste hecho en el link que se adjunta: <a href=\"https:\/\/katz.lahaine.org\/deuda-fmi-y-auditoria-en-un\/\" target=\"_blank\" rel=\"noopener\">https:\/\/katz.lahaine.org\/deuda-fmi-y-auditoria-en-un\/<\/a> <\/p>\n\n\n\n<p><a href=\"#_ftnref5\">[5]<\/a> El relato de Zibechi sobre Bolivia es\nuna muestra actual y fehaciente de este hecho. <a href=\"https:\/\/desinformemonos.org\/bolivia-un-levantamiento-popular-aprovechado-por-la-ultraderecha\/\" target=\"_blank\" rel=\"noopener\">https:\/\/desinformemonos.org\/bolivia-un-levantamiento-popular-aprovechado-por-la-ultraderecha\/<\/a> <\/p>\n\n\n\n<p><a href=\"#_ftnref6\">[6]<\/a> El Banco del sur fue bloqueado durante\nla presidencial de Lula. <\/p>\n\n\n\n<p><a href=\"#_ftnref7\">[7]<\/a> Venezuela y Cuba son una muestra\nexcepcional de esto. All\u00ed el imperialismo Estadounidense, ha tenido bloqueada a\nla administraci\u00f3n por consecuencia del bloqueo econ\u00f3mico y la guerra comercial.\nY los movimientos populares contra el presidente leg\u00edtimo est\u00e1n desorientados.\nEn el momento el principal enemigo son los gringos.&nbsp; <\/p>\n\n\n\n<p><a href=\"#_ftnref8\">[8]<\/a> Las tesis de abril de Vladimir Lenin son\nuna muestra palpable de adaptaci\u00f3n a la circunstancia y con esto articulaci\u00f3n\ncon el descontento. <\/p>\n\n\n\n<p><a href=\"#_ftnref9\">[9]<\/a>\nEstoy de acuerdo con Atilio Bor\u00f3n\nen su libro Di\u00e1logos sobre el poder del 2006 en el que afirma, la pol\u00edtica de\nalianzas de los partidos revolucionarios con los movimientos pol\u00edticos\nliberales o progresistas tiene que ser clara para no perder el objetivo y\naceptar la crisis civilizatoria que traen consigo.&nbsp; <\/p>\n","protected":false},"excerpt":{"rendered":"<p>Por Juli\u00e1n Granda Munera Este ensayo desarrolla una breve narraci\u00f3n y con ella una explicaci\u00f3n, con distintos significados, sobre el momento pol\u00edtico y el conflicto de las econom\u00edas con mayor peso relativo en Am\u00e9rica Latina actualmente, esto es: Brasil, Argentina, Colombia, Venezuela, Chile, Ecuador. En el an\u00e1lisis tambi\u00e9n podr\u00e1n vincularse Paraguay y Puerto Rico. La [&hellip;]<\/p>\n","protected":false},"author":5,"featured_media":23514,"comment_status":"closed","ping_status":"closed","sticky":true,"template":"","format":"standard","meta":{"_et_pb_use_builder":"","_et_pb_old_content":"","_et_gb_content_width":"","footnotes":""},"categories":[638,633],"tags":[],"class_list":["post-23513","post","type-post","status-publish","format-standard","has-post-thumbnail","hentry","category-conflictos","category-opinion"],"_links":{"self":[{"href":"https:\/\/arcoiris.com.co\/v3\/wp-json\/wp\/v2\/posts\/23513","targetHints":{"allow":["GET"]}}],"collection":[{"href":"https:\/\/arcoiris.com.co\/v3\/wp-json\/wp\/v2\/posts"}],"about":[{"href":"https:\/\/arcoiris.com.co\/v3\/wp-json\/wp\/v2\/types\/post"}],"author":[{"embeddable":true,"href":"https:\/\/arcoiris.com.co\/v3\/wp-json\/wp\/v2\/users\/5"}],"replies":[{"embeddable":true,"href":"https:\/\/arcoiris.com.co\/v3\/wp-json\/wp\/v2\/comments?post=23513"}],"version-history":[{"count":0,"href":"https:\/\/arcoiris.com.co\/v3\/wp-json\/wp\/v2\/posts\/23513\/revisions"}],"wp:featuredmedia":[{"embeddable":true,"href":"https:\/\/arcoiris.com.co\/v3\/wp-json\/wp\/v2\/media\/23514"}],"wp:attachment":[{"href":"https:\/\/arcoiris.com.co\/v3\/wp-json\/wp\/v2\/media?parent=23513"}],"wp:term":[{"taxonomy":"category","embeddable":true,"href":"https:\/\/arcoiris.com.co\/v3\/wp-json\/wp\/v2\/categories?post=23513"},{"taxonomy":"post_tag","embeddable":true,"href":"https:\/\/arcoiris.com.co\/v3\/wp-json\/wp\/v2\/tags?post=23513"}],"curies":[{"name":"wp","href":"https:\/\/api.w.org\/{rel}","templated":true}]}}