{"id":23522,"date":"2019-11-24T22:10:02","date_gmt":"2019-11-25T03:10:02","guid":{"rendered":"https:\/\/arcoiris.com.co\/v3\/?p=23522"},"modified":"2019-12-12T12:49:19","modified_gmt":"2019-12-12T17:49:19","slug":"la-jornada-de-paro-del-21n","status":"publish","type":"post","link":"https:\/\/arcoiris.com.co\/v3\/2019\/11\/la-jornada-de-paro-del-21n\/","title":{"rendered":"La jornada de paro del #21N"},"content":{"rendered":"\n<p>Fotos: AMA<\/p>\n\n\n\n<p>La jornada de\nparo que se llev\u00f3 a cabo el 21N del presente mes fue masiva en toda Colombia y\ndesat\u00f3 protestas en los d\u00edas sucesivos. Desbord\u00f3 toda expectativa y pron\u00f3stico\nfrente a la participaci\u00f3n ciudadana: un r\u00edo de gente marchando por toda la\nciudad, diversidad en la participaci\u00f3n y un papel de los j\u00f3venes en estas\njornadas de paro nacional. <\/p>\n\n\n\n<p>Esta fecha ha marcado un hito hist\u00f3rico en el despertar y descontento social del pueblo colombiano. Los protagonistas no fueron los partidos y movimientos pol\u00edticos de izquierda, sino el movimiento ciudadano con la esperanza de construir un pa\u00eds para todos y todas. Los j\u00f3venes mandan un mensaje contundente al &nbsp;gobierno de Duque para que se siente a dialogar con el movimiento social y estudiantil sobre las causas que han desencadenado esta gran movilizaci\u00f3n nacional. <\/p>\n\n\n\n<figure class=\"wp-block-image size-large\"><img loading=\"lazy\" decoding=\"async\" width=\"640\" height=\"426\" src=\"https:\/\/arcoiris.com.co\/v3\/wp-content\/uploads\/2019\/11\/3-640x426.jpg\" alt=\"\" class=\"wp-image-23523\" srcset=\"https:\/\/arcoiris.com.co\/v3\/wp-content\/uploads\/2019\/11\/3-640x426.jpg 640w, https:\/\/arcoiris.com.co\/v3\/wp-content\/uploads\/2019\/11\/3-300x200.jpg 300w, https:\/\/arcoiris.com.co\/v3\/wp-content\/uploads\/2019\/11\/3-768x511.jpg 768w, https:\/\/arcoiris.com.co\/v3\/wp-content\/uploads\/2019\/11\/3.jpg 960w\" sizes=\"(max-width: 640px) 100vw, 640px\" \/><\/figure>\n\n\n\n<p>A\u00fan se mantiene\nlas movilizaciones pac\u00edficas en varias ciudades del pa\u00eds, lo que demuestra una\ngran indignaci\u00f3n nacional por el paquetazo anunciado por el gobierno y la deuda\nsocial hist\u00f3rica del Estado colombiano con los m\u00e1s pobres, es decir, la inmensa\nmayor\u00eda. <\/p>\n\n\n\n<p>Por su parte el\ngobierno de Duque ha querido mostrar el paro como una revancha pol\u00edtica de la\nizquierda contra el presidente Duque, o como una marcha de unos cuantos donde\nno falta el v\u00e1ndalo. Esta vez no funcion\u00f3 el discurso &nbsp;ilusionista de Duque. La realidad desborda la\nsensaci\u00f3n de estabilidad pol\u00edtica y social. El hambre, el desempleo, la miseria\ngeneralizada, la violencia estatal y las huellas sociales del modelo neoliberal,\nson las causas reales que llevaron a los cientos de miles de ciudadanos(as) a\nlanzarse a las calles para exigir un cambio radical en el modelo econ\u00f3mico y\nsocial del pa\u00eds. <\/p>\n\n\n\n<p>Hay silencio de\nla Organizaci\u00f3n de Estados Americanos frente a la grave situaci\u00f3n de\ngobernabilidad y violaci\u00f3n de Derechos Humanos en Colombia. \u00bfPor qu\u00e9 Almagro no\ncondena la represi\u00f3n estatal contra los manifestantes, como lo hizo con\nVenezuela? \u00bfPor qu\u00e9 no insta de forma inmediata al gobierno de Iv\u00e1n Duque a\nsentarse a negociar con la oposici\u00f3n para buscar de forma conjunta soluciones\nestrat\u00e9gicas que ponga fin a esta ca\u00f3tica situaci\u00f3n? <\/p>\n\n\n\n<p>Este gobierno,\ncomo se sabe, ha decidido volver trizas los Acuerdos con las Farc y continuar\nen la l\u00ednea de la violencia estatal para tratar de acallar el descontento\nsocial. Evidencia de esto \u00faltimo es el p\u00e1nico que d\u00edas antes del paro nacional\ndesat\u00f3 el gobierno a trav\u00e9s de los grandes medios para infringir terror e\nincidir negativamente en la convocatoria nacional. <\/p>\n\n\n\n<p>Como eso no tuvo efecto desat\u00f3 al final de las manifestaciones la brutal violencia policial contra una movilizaci\u00f3n que en general se desarroll\u00f3 de manera pac\u00edfica en todo el pa\u00eds. La infiltraci\u00f3n de polic\u00edas entre los manifestantes fue denunciada y evidenciada en las redes sociales. Y los excesos del ESMAD son la evidencia de la pol\u00edtica de terror con que el gobierno quiere apalear esta crisis.<\/p>\n\n\n\n<figure class=\"wp-block-image size-large\"><img loading=\"lazy\" decoding=\"async\" width=\"640\" height=\"360\" src=\"https:\/\/arcoiris.com.co\/v3\/wp-content\/uploads\/2019\/11\/2-640x360.jpg\" alt=\"\" class=\"wp-image-23524\" srcset=\"https:\/\/arcoiris.com.co\/v3\/wp-content\/uploads\/2019\/11\/2-640x360.jpg 640w, https:\/\/arcoiris.com.co\/v3\/wp-content\/uploads\/2019\/11\/2-300x169.jpg 300w, https:\/\/arcoiris.com.co\/v3\/wp-content\/uploads\/2019\/11\/2-768x432.jpg 768w, https:\/\/arcoiris.com.co\/v3\/wp-content\/uploads\/2019\/11\/2.jpg 959w\" sizes=\"(max-width: 640px) 100vw, 640px\" \/><\/figure>\n\n\n\n<p>Por \u00faltimo, queda\nclaro que no hay miedo, aunque el gobierno recurra a grupos criminales para que\ngeneren el caos social que justifique la represi\u00f3n estatal y el repudio de la\nsociedad a la justa protesta social.<\/p>\n","protected":false},"excerpt":{"rendered":"<p>Fotos: AMA La jornada de paro que se llev\u00f3 a cabo el 21N del presente mes fue masiva en toda Colombia y desat\u00f3 protestas en los d\u00edas sucesivos. Desbord\u00f3 toda expectativa y pron\u00f3stico frente a la participaci\u00f3n ciudadana: un r\u00edo de gente marchando por toda la ciudad, diversidad en la participaci\u00f3n y un papel de [&hellip;]<\/p>\n","protected":false},"author":5,"featured_media":23632,"comment_status":"closed","ping_status":"closed","sticky":true,"template":"","format":"standard","meta":{"_et_pb_use_builder":"","_et_pb_old_content":"","_et_gb_content_width":"","footnotes":""},"categories":[638,637,633],"tags":[],"class_list":["post-23522","post","type-post","status-publish","format-standard","has-post-thumbnail","hentry","category-conflictos","category-democracia","category-opinion"],"_links":{"self":[{"href":"https:\/\/arcoiris.com.co\/v3\/wp-json\/wp\/v2\/posts\/23522","targetHints":{"allow":["GET"]}}],"collection":[{"href":"https:\/\/arcoiris.com.co\/v3\/wp-json\/wp\/v2\/posts"}],"about":[{"href":"https:\/\/arcoiris.com.co\/v3\/wp-json\/wp\/v2\/types\/post"}],"author":[{"embeddable":true,"href":"https:\/\/arcoiris.com.co\/v3\/wp-json\/wp\/v2\/users\/5"}],"replies":[{"embeddable":true,"href":"https:\/\/arcoiris.com.co\/v3\/wp-json\/wp\/v2\/comments?post=23522"}],"version-history":[{"count":0,"href":"https:\/\/arcoiris.com.co\/v3\/wp-json\/wp\/v2\/posts\/23522\/revisions"}],"wp:featuredmedia":[{"embeddable":true,"href":"https:\/\/arcoiris.com.co\/v3\/wp-json\/wp\/v2\/media\/23632"}],"wp:attachment":[{"href":"https:\/\/arcoiris.com.co\/v3\/wp-json\/wp\/v2\/media?parent=23522"}],"wp:term":[{"taxonomy":"category","embeddable":true,"href":"https:\/\/arcoiris.com.co\/v3\/wp-json\/wp\/v2\/categories?post=23522"},{"taxonomy":"post_tag","embeddable":true,"href":"https:\/\/arcoiris.com.co\/v3\/wp-json\/wp\/v2\/tags?post=23522"}],"curies":[{"name":"wp","href":"https:\/\/api.w.org\/{rel}","templated":true}]}}