{"id":23694,"date":"2020-04-18T14:45:17","date_gmt":"2020-04-18T19:45:17","guid":{"rendered":"https:\/\/arcoiris.com.co\/v3\/?p=23694"},"modified":"2020-04-18T14:56:05","modified_gmt":"2020-04-18T19:56:05","slug":"a-madrugar-resistiremos","status":"publish","type":"post","link":"https:\/\/arcoiris.com.co\/v3\/2020\/04\/a-madrugar-resistiremos\/","title":{"rendered":"!A madrugar! Resistiremos&#8230;"},"content":{"rendered":"\n<p>Por Harold Ruiz Moreno. Foto: AMA<\/p>\n\n\n\n<blockquote class=\"wp-block-quote is-layout-flow wp-block-quote-is-layout-flow\"><p>Resistir\u00e9<\/p><p>Cuando el mundo pierda toda magia<\/p><p>Cuando mi enemigo sea yo<\/p><p>Cuando me apu\u00f1ale la nostalgia<\/p><p>Y no reconozca ni mi voz&#8230;<\/p><p>Soy como el junco que se dobla,<\/p><p>Pero siempre sigue en pie<\/p><p>Resistir\u00e9, para seguir viviendo<\/p><p>Soportar\u00e9 los golpes y jam\u00e1s me rendir\u00e9<\/p><p>Y aunque los sue\u00f1os se me rompan en pedazos<\/p><p>Resistir\u00e9, resistir\u00e9. <\/p><cite><em>(Fragmento de la canci\u00f3n Resistir\u00e9 del D\u00fao Din\u00e1mico).<\/em> https:\/\/www.youtube.com\/watch?v=3G9UhSDXn2k<\/cite><\/blockquote>\n\n\n\n<p>Hoy que la humanidad afronta una de las pandemias m\u00e1s devastadoras de la historia, tendremos que acudir a la fortaleza de los seres humanos que madrugamos todos los d\u00edas a hacer Patria como se dice popularmente.<\/p>\n\n\n\n<p>Madruga la mujer cabeza de familia que tiene la obligaci\u00f3n de sacar a adelante a la familia con la venta ambulante de su caja de dulces que vende recorriendo la ciudad por m\u00e1s de 12 horas de trabajo al sol y el agua.<\/p>\n\n\n\n<p>Madruga el campesino quien orde\u00f1a su vaca y siembra su peque\u00f1a parcela y orgulloso contribuye a la educaci\u00f3n de sus hijos para que sean excelentes profesionales.<\/p>\n\n\n\n<p>Madruga el joven estudiante que se esfuerza para sacar adelante una carrera profesional, para servirle a la sociedad y seguramente escogiendo una disciplina de la medicina consciente que en la prestaci\u00f3n de su ejercicio profesional puede perder su vida como ocurre hoy con la misi\u00f3n m\u00e9dica, que por no tener los elementos de bioseguridad est\u00e1n expuestos a los riesgos de ser contagiados por la pandemia.<\/p>\n\n\n\n<p>Madrugar\u00e1n&nbsp; tambi\u00e9n los mototaxistas, los vendedores ambulantes, los que tiene puesto de trabajo con salario m\u00ednimo, los profesionales, los peque\u00f1os empresarios, los verdaderos servidores p\u00fablicos, todos ellos madrugar\u00e1n a sacar adelante a pueblos y ciudades con las cicatrices del dolor y el sufrimiento de los afectos y  heridas dejadas por la pandemia.<\/p>\n\n\n\n<p>En el mundo unos pocos ciudadanos madrugan tambi\u00e9n a amasar fortunas, a concentrar riquezas, a vivir de lujos, est\u00e1n en banquetes donde les sobran los platos de comida, manjares, vinos, licores finos y costos\u00edsimos, viven en mansiones y fincas lujosas, deambulan en veh\u00edculos de \u00faltimo modelo y de las mejores marcas, en sus aviones y yates almuerzan en Paris, cenan en Venecia,&nbsp; y desayunan en Nueva York, ellos y sus hijos estudian o lo hicieron en las mejores universidades del mundo y adem\u00e1s privadas, ellos gozan de la salud prepagada y de miles de privilegios.<\/p>\n\n\n\n<p>Para lograr esos privilegios estos pocos ciudadanos en el mundo han recurrido a la fuerza, a la violencia o la guerra de toda \u00edndole: aria, religiosa, racial; con invasiones, con ocupaci\u00f3n, con la guerra biol\u00f3gica, con bombas at\u00f3micas, con gobiernos t\u00edteres de las grandes potencias. Cuando en sus reglas ganaron la direcci\u00f3n de los estados personas y movimientos ajenos a sus intereses, los aniquilaron con varias formas violentas.<\/p>\n\n\n\n<p>Para el logro de sus privilegios crearon virus y pandemias, desmantelaron la salud p\u00fablica, privatizaron, acabaron con la defensa de los derechos fundamentales de las mayor\u00edas de la comunidad mundial, as\u00ed lo estamos viendo con la aparici\u00f3n del Covid19, pandemia que golpea con mayor rigor a los gobiernos y ciudadanos de estados donde la salud p\u00fablica est\u00e1 privatizada.<\/p>\n\n\n\n<p>Asistimos al dolor y sufrimiento de comunidades enteras que al no tener el equipamiento adecuado para enfrentar esta pandemia enfrenta hechos dantescos generados por el covid19, son muchas las poblaciones que en varios pa\u00edses se les salen de las manos la pandemia, como por ejemplo en el Ecuador.<\/p>\n\n\n\n<p>Pero a pesar de esta pandemia y sus efectos desastrosos, millones de seres humanos nos levantamos tambi\u00e9n a MADRUGAR, para seguir viviendo en el mundo que no ser\u00e1 igual, hoy el modelo econ\u00f3mico imperante entr\u00f3 en crisis y corresponde enfrentarlo con la mayor decisi\u00f3n y entre todos y todas luchar por un mejor vivir, conscientes de que el mundo no ser\u00e1 igual. Lo vaticin\u00f3 Fidel Castro cuando: \u201cel neoliberalismo conduce al mundo entero al genocidio, el capitalismo es un genocidio para el mundo de hoy\u201d.<\/p>\n","protected":false},"excerpt":{"rendered":"<p>Por Harold Ruiz Moreno. Foto: AMA Resistir\u00e9 Cuando el mundo pierda toda magia Cuando mi enemigo sea yo Cuando me apu\u00f1ale la nostalgia Y no reconozca ni mi voz&#8230; Soy como el junco que se dobla, Pero siempre sigue en pie Resistir\u00e9, para seguir viviendo Soportar\u00e9 los golpes y jam\u00e1s me rendir\u00e9 Y aunque los [&hellip;]<\/p>\n","protected":false},"author":5,"featured_media":23695,"comment_status":"closed","ping_status":"closed","sticky":true,"template":"","format":"standard","meta":{"_et_pb_use_builder":"","_et_pb_old_content":"","_et_gb_content_width":"","footnotes":""},"categories":[638,637,633,3],"tags":[],"class_list":["post-23694","post","type-post","status-publish","format-standard","has-post-thumbnail","hentry","category-conflictos","category-democracia","category-opinion","category-pais"],"_links":{"self":[{"href":"https:\/\/arcoiris.com.co\/v3\/wp-json\/wp\/v2\/posts\/23694","targetHints":{"allow":["GET"]}}],"collection":[{"href":"https:\/\/arcoiris.com.co\/v3\/wp-json\/wp\/v2\/posts"}],"about":[{"href":"https:\/\/arcoiris.com.co\/v3\/wp-json\/wp\/v2\/types\/post"}],"author":[{"embeddable":true,"href":"https:\/\/arcoiris.com.co\/v3\/wp-json\/wp\/v2\/users\/5"}],"replies":[{"embeddable":true,"href":"https:\/\/arcoiris.com.co\/v3\/wp-json\/wp\/v2\/comments?post=23694"}],"version-history":[{"count":0,"href":"https:\/\/arcoiris.com.co\/v3\/wp-json\/wp\/v2\/posts\/23694\/revisions"}],"wp:featuredmedia":[{"embeddable":true,"href":"https:\/\/arcoiris.com.co\/v3\/wp-json\/wp\/v2\/media\/23695"}],"wp:attachment":[{"href":"https:\/\/arcoiris.com.co\/v3\/wp-json\/wp\/v2\/media?parent=23694"}],"wp:term":[{"taxonomy":"category","embeddable":true,"href":"https:\/\/arcoiris.com.co\/v3\/wp-json\/wp\/v2\/categories?post=23694"},{"taxonomy":"post_tag","embeddable":true,"href":"https:\/\/arcoiris.com.co\/v3\/wp-json\/wp\/v2\/tags?post=23694"}],"curies":[{"name":"wp","href":"https:\/\/api.w.org\/{rel}","templated":true}]}}