{"id":23708,"date":"2020-04-28T13:36:23","date_gmt":"2020-04-28T18:36:23","guid":{"rendered":"https:\/\/arcoiris.com.co\/v3\/?p=23708"},"modified":"2020-04-28T14:06:26","modified_gmt":"2020-04-28T19:06:26","slug":"esos-interminables-dias-de-difuntos","status":"publish","type":"post","link":"https:\/\/arcoiris.com.co\/v3\/2020\/04\/esos-interminables-dias-de-difuntos\/","title":{"rendered":"Esos interminables d\u00edas de difuntos"},"content":{"rendered":"\n<p>Por: Paulo Vieira, Bel\u00e9m-Altamira, Brasil \/ Traducci\u00f3n de Jandey Marcel Solviyerte.<\/p>\n\n\n\n<p>Mientras el presidente de Brasil Jair Bolsonaro y sus seguidores rompen la cuarentena en Brasilia y en S\u00e3o Paulo, en el norte del pa\u00eds, en el estado de Par\u00e1, donde la realidad ha sido siempre la de la exclusi\u00f3n de las comunidades abor\u00edgenes y negras, la situaci\u00f3n es bastante delicada. Publicamos la versi\u00f3n en castellano de una cr\u00f3nica escrita el d\u00eda de ayer por el poeta, escritor y profesor de literatura de las comunidades ind\u00edgenas de la Amazon\u00eda brasilera, Paulo Vieira, testigo presencial de los hechos.<\/p>\n\n\n\n<p class=\"has-text-align-center\">                                                  ***<\/p>\n\n\n\n<p>Justo hoy, d\u00eda 27 de abril del a\u00f1o de la desgracia, m\u00e1s de cuarenta d\u00edas despu\u00e9s de la alerta inicial para que se iniciase la cuarentena en todo el pa\u00eds, es cuando el alcalde de Bel\u00e9m aparece en un video casero anunciando el cierre del comercio en la capital. Fingiendo estar consternado, con aire de guerrero de la l\u00ednea del frente, supuestamente preocupado por sus electores, \u00e9l pide, tarde, muy tarde: \u201cqu\u00e9dense en casa\u201d, y repite, con aire m\u00e1s grave a\u00fan: \u201cqu\u00e9dense en casa\u201d. C\u00ednico, realiza lo que hace m\u00e1s de un mes debi\u00f3 haber hecho, s\u00f3lo ahora que el sistema de salud colaps\u00f3.<\/p>\n\n\n\n<p>Y olvidamos esa historia de n\u00fameros oficiales de contaminados y de muertos, pues est\u00e1n m\u00e1s distorsionados de lo que se pueda desconfiar, basta un sondeo r\u00e1pido por los barrios para as\u00ed percibir la incompatibilidad de lo real con lo anunciado. En Ananindeua, por ejemplo, donde tengo dos familiares infectados con el virus, en la calle donde viven hay vecinos y m\u00e1s vecinos con s\u00edntomas de Covid 19, y casi nadie se dispone a buscar ayuda porque ayuda no hay. Y la mayor\u00eda ni siquiera admite que puedan tener Covid, niegan, dicen que es \u201csolo una virosis que est\u00e1 d\u00e1ndole a todo mundo aqu\u00ed en la calle, en el barrio\u201d. Niegan y niegan y es nada m\u00e1s que por devoci\u00f3n al presidente de la muerte. La mayor\u00eda niega porque no puede pagar los 350 reales para hacer el test y tener la confirmaci\u00f3n, y se desespera a\u00fan m\u00e1s pues ayuda no hay, ni habr\u00e1. Parece m\u00e1s una negaci\u00f3n apuntando a una ilusoria auto preservaci\u00f3n, asociada con altas dosis de fe en Dios, para ver si la desgracia mengua. Los n\u00fameros de mi calle, de mi barrio, por tanto, no van a entrar en la cuenta.<\/p>\n\n\n\n<p>Los infectados de esa calle, de ese barrio, est\u00e1n fuera de las estad\u00edsticas del gobierno federal, del estado y del municipio. Solo entran en la cuenta de la gente que vive all\u00ed, en aquella calle, en aquel barrio, y quedar\u00e1 apenas en la corta memoria de los sobrevivientes. Ya aqu\u00ed en las m\u00e1rgenes del r\u00edo Xingu y de la Autopista Transamaz\u00f3nica, en el oeste del estado, a m\u00e1s de 800 kil\u00f3metros distante de Bel\u00e9m, la ciudad de Altamira sigue el mismo rumbo de la capital. A pesar del abre y cierra de las puertas del comercio \u2014la alcald\u00eda manda a abrir, el Ministerio P\u00fablico manda a cerrar\u2014, en la pr\u00e1ctica nadie, casi nadie dej\u00f3 las calles, la misma vida de siempre. En cuanto al sistema de salud, no tiene c\u00f3mo colapsar, porque siempre estuvo colapsado. A no ser que sea posible el colapso del colapso. Por hablar del colapso, la Caja Econ\u00f3mica de aqu\u00ed no da abasto en atender r\u00e1pidamente al p\u00fablico que llega en busca de un auxilio de emergencia. Todos los d\u00edas la enorme, lenta y densa fila salida de la puerta del banco se desdobla por el&nbsp; barrio y da una vuelta completa en el cementerio de la ciudad, para abrazar a los muertos, como en esos interminables d\u00edas de difuntos.&nbsp;<\/p>\n","protected":false},"excerpt":{"rendered":"<p>Por: Paulo Vieira, Bel\u00e9m-Altamira, Brasil \/ Traducci\u00f3n de Jandey Marcel Solviyerte. Mientras el presidente de Brasil Jair Bolsonaro y sus seguidores rompen la cuarentena en Brasilia y en S\u00e3o Paulo, en el norte del pa\u00eds, en el estado de Par\u00e1, donde la realidad ha sido siempre la de la exclusi\u00f3n de las comunidades abor\u00edgenes y [&hellip;]<\/p>\n","protected":false},"author":5,"featured_media":23709,"comment_status":"closed","ping_status":"closed","sticky":true,"template":"","format":"standard","meta":{"_et_pb_use_builder":"","_et_pb_old_content":"","_et_gb_content_width":"","footnotes":""},"categories":[638,633,18],"tags":[],"class_list":["post-23708","post","type-post","status-publish","format-standard","has-post-thumbnail","hentry","category-conflictos","category-opinion","category-victimas"],"_links":{"self":[{"href":"https:\/\/arcoiris.com.co\/v3\/wp-json\/wp\/v2\/posts\/23708","targetHints":{"allow":["GET"]}}],"collection":[{"href":"https:\/\/arcoiris.com.co\/v3\/wp-json\/wp\/v2\/posts"}],"about":[{"href":"https:\/\/arcoiris.com.co\/v3\/wp-json\/wp\/v2\/types\/post"}],"author":[{"embeddable":true,"href":"https:\/\/arcoiris.com.co\/v3\/wp-json\/wp\/v2\/users\/5"}],"replies":[{"embeddable":true,"href":"https:\/\/arcoiris.com.co\/v3\/wp-json\/wp\/v2\/comments?post=23708"}],"version-history":[{"count":0,"href":"https:\/\/arcoiris.com.co\/v3\/wp-json\/wp\/v2\/posts\/23708\/revisions"}],"wp:featuredmedia":[{"embeddable":true,"href":"https:\/\/arcoiris.com.co\/v3\/wp-json\/wp\/v2\/media\/23709"}],"wp:attachment":[{"href":"https:\/\/arcoiris.com.co\/v3\/wp-json\/wp\/v2\/media?parent=23708"}],"wp:term":[{"taxonomy":"category","embeddable":true,"href":"https:\/\/arcoiris.com.co\/v3\/wp-json\/wp\/v2\/categories?post=23708"},{"taxonomy":"post_tag","embeddable":true,"href":"https:\/\/arcoiris.com.co\/v3\/wp-json\/wp\/v2\/tags?post=23708"}],"curies":[{"name":"wp","href":"https:\/\/api.w.org\/{rel}","templated":true}]}}