{"id":23719,"date":"2020-05-20T07:35:28","date_gmt":"2020-05-20T12:35:28","guid":{"rendered":"https:\/\/arcoiris.com.co\/v3\/?p=23719"},"modified":"2020-05-20T07:59:03","modified_gmt":"2020-05-20T12:59:03","slug":"operacion-mariscal-testimonio-de-una-sobreviviente","status":"publish","type":"post","link":"https:\/\/arcoiris.com.co\/v3\/2020\/05\/operacion-mariscal-testimonio-de-una-sobreviviente\/","title":{"rendered":"Operaci\u00f3n Mariscal: testimonio de una sobreviviente."},"content":{"rendered":"\n<p>En memoria de las v\u00edctimas de la Comuna 13<\/p>\n\n\n\n<p>Amanecer del 21 de Mayo de 2002, el estado hacia presencia en las calles,&nbsp; fuimos testigos del traqueteo de los fusiles que nos despertaron, nunca nos imaginamos qu\u00e9 significar\u00eda.<\/p>\n\n\n\n<p>Eran las 3 de la ma\u00f1ana, recuerdo que escuchamos un fuerte enfrentamiento que se desat\u00f3 desde muchas partes de la comuna, mi mama, mi abuela, mi pap\u00e1&nbsp; y mis hermanas nos hicimos debajo de una cama en la parte de atr\u00e1s de la habitaci\u00f3n, mi abuela comenz\u00f3 a rezar mientras nos qued\u00e1bamos en silencio. Recuerdo que escuch\u00e1bamos muchos gritos e insultos&nbsp; cada vez que disparaban. Ve\u00edamos&nbsp; mucha polic\u00eda, ej\u00e9rcito y gente de la fiscal\u00eda&nbsp; por los callejones, todos gritaban&nbsp; mientras corr\u00edan. Dos vecinos nos tocaron&nbsp; para que les abri\u00e9ramos la puerta, ten\u00edan un familiar enfermo que estaba reci\u00e9n hospitalizado&nbsp; y nos&nbsp; ped\u00edan ayuda, mi mam\u00e1 que sab\u00eda de primeros auxilios, les regal\u00f3 unos medicamentos que ten\u00eda.<\/p>\n\n\n\n<p>&nbsp;Como desde la casa se pod\u00eda ver para el barrio Nuevos Conquistadores, a eso de las 9 am recuerdo que a todos nos toc\u00f3 ver c\u00f3mo mataron a dos personas mientras ondeaban una sabana blanca, luego de que se cumplieran m\u00e1s de 6 horas de disparos, a todos se nos sal\u00edan las lagrimas , recuerdo que desde ese momento comenzamos a ver trapos por las ventanas de las casas, mi mam\u00e1 se com\u00eda las u\u00f1as y dec\u00eda \u00ab\u00a1ay virgen del Carmen!\u201d, a mi se pon\u00eda la piel de gallina cada vez que ella dec\u00eda eso, mi hermana sali\u00f3 corriendo a buscar una s\u00e1bana y desde la puerta de la casa&nbsp; junto con otros vecinos comenzamos a ondearla.&nbsp; Cuando menos pensamos&nbsp; pasaba una manifestaci\u00f3n por las calles&nbsp; del Salado, la gente sal\u00eda&nbsp; con trapos blancos pidiendo cesaran las balas para auxiliar&nbsp; a los heridos. La gente misma tratando de salvar sus vidas porque el estado que es el que supuestamente debe velar por la seguridad arremeti\u00f3 con toda contra nosotros, por el solo hecho de vivir en estos barrios<\/p>\n","protected":false},"excerpt":{"rendered":"<p>En memoria de las v\u00edctimas de la Comuna 13 Amanecer del 21 de Mayo de 2002, el estado hacia presencia en las calles,&nbsp; fuimos testigos del traqueteo de los fusiles que nos despertaron, nunca nos imaginamos qu\u00e9 significar\u00eda. Eran las 3 de la ma\u00f1ana, recuerdo que escuchamos un fuerte enfrentamiento que se desat\u00f3 desde muchas [&hellip;]<\/p>\n","protected":false},"author":5,"featured_media":23722,"comment_status":"closed","ping_status":"closed","sticky":true,"template":"","format":"standard","meta":{"_et_pb_use_builder":"","_et_pb_old_content":"","_et_gb_content_width":"","footnotes":""},"categories":[638,634,633,18],"tags":[],"class_list":["post-23719","post","type-post","status-publish","format-standard","has-post-thumbnail","hentry","category-conflictos","category-construccion-de-paz","category-opinion","category-victimas"],"_links":{"self":[{"href":"https:\/\/arcoiris.com.co\/v3\/wp-json\/wp\/v2\/posts\/23719","targetHints":{"allow":["GET"]}}],"collection":[{"href":"https:\/\/arcoiris.com.co\/v3\/wp-json\/wp\/v2\/posts"}],"about":[{"href":"https:\/\/arcoiris.com.co\/v3\/wp-json\/wp\/v2\/types\/post"}],"author":[{"embeddable":true,"href":"https:\/\/arcoiris.com.co\/v3\/wp-json\/wp\/v2\/users\/5"}],"replies":[{"embeddable":true,"href":"https:\/\/arcoiris.com.co\/v3\/wp-json\/wp\/v2\/comments?post=23719"}],"version-history":[{"count":0,"href":"https:\/\/arcoiris.com.co\/v3\/wp-json\/wp\/v2\/posts\/23719\/revisions"}],"wp:featuredmedia":[{"embeddable":true,"href":"https:\/\/arcoiris.com.co\/v3\/wp-json\/wp\/v2\/media\/23722"}],"wp:attachment":[{"href":"https:\/\/arcoiris.com.co\/v3\/wp-json\/wp\/v2\/media?parent=23719"}],"wp:term":[{"taxonomy":"category","embeddable":true,"href":"https:\/\/arcoiris.com.co\/v3\/wp-json\/wp\/v2\/categories?post=23719"},{"taxonomy":"post_tag","embeddable":true,"href":"https:\/\/arcoiris.com.co\/v3\/wp-json\/wp\/v2\/tags?post=23719"}],"curies":[{"name":"wp","href":"https:\/\/api.w.org\/{rel}","templated":true}]}}