{"id":23726,"date":"2020-06-01T15:57:49","date_gmt":"2020-06-01T20:57:49","guid":{"rendered":"https:\/\/arcoiris.com.co\/v3\/?p=23726"},"modified":"2020-06-01T16:01:09","modified_gmt":"2020-06-01T21:01:09","slug":"el-papel-de-las-victimas-los-victimarios-y-familiares-en-los-procesos-de-reconciliacion","status":"publish","type":"post","link":"https:\/\/arcoiris.com.co\/v3\/2020\/06\/el-papel-de-las-victimas-los-victimarios-y-familiares-en-los-procesos-de-reconciliacion\/","title":{"rendered":"El papel de las v\u00edctimas, los victimarios y familiares en los procesos de reconciliaci\u00f3n"},"content":{"rendered":"\n<p>Por Daniel Albarrac\u00edn \/ Foto: Jennifer Rueda<\/p>\n\n\n\n<p>Las confrontaciones armadas, as\u00ed como otras expresiones menos violentas de los conflictos sociales, generan la disputa entre dos o m\u00e1s bandos por ciertos objetivos, que pueden mutar con el tiempo. Y suelen generar una serie de v\u00edctimas directas e indirectas, las cuales desde hace poco son reconocidas como tales. As\u00ed pues, la centralidad de las v\u00edctimas adem\u00e1s de nueva es compleja.<\/p>\n\n\n\n<p>La misma mutaci\u00f3n de los conflictos, en especial los armados, hace mutar a los actores en diferentes posiciones, a lo cual se suman sus grupos familiares que son herederos de una u otra forma de sus predecesores como victimarios, victimas, vencedores o vencidos. En tal sentido, un proceso de reconciliaci\u00f3n transita por un terreno complejo, inestable y con una meta a veces muy dif\u00edcil de lograr.<\/p>\n\n\n\n<p>Las viejas din\u00e1micas de \u201cPerd\u00f3n y Olvido\u201d que generaban \u201csaldar las cuentas\u201d entre los dirigentes de los bandos en conflicto por un acuerdo (escrito o verbal) dejaban a las v\u00edctimas sin el debido reconocimiento, adem\u00e1s de ser un \u201cacuerdo\u201d entre vencedores y vencidos, llevando a nuevas confrontaciones en el futuro y dejando afectado el tejidos social de las partes. La superaci\u00f3n de esa postura ha sido posible por el derecho internacional.<\/p>\n\n\n\n<p>El desarrollo del derecho internacional, desde mediados del siglo pasado, ha permitido a los Estados y la ciudadan\u00eda en general tener diferentes recursos m\u00e1s all\u00e1 de la legislaci\u00f3n nacional para la protecci\u00f3n de sus derechos. La aplicaci\u00f3n del DIDH y del DIH o la constituci\u00f3n de tribunales internacionales y regionales ha permitido la tutela multinivel de los derechos.<\/p>\n\n\n\n<p>Con el Derecho Internacional, se pretenden unos m\u00ednimos al accionar de los Estados (DIDH) y a los actores no-estatales (DIH y DPI), as\u00ed pues las v\u00edctimas pueden adquirir esta condici\u00f3n como consecuencia de los actos cometidos por individuos o instituciones estatales y no-estatales. Pero tal reconocimiento requiere un ordenamiento jur\u00eddico concreto en cada pa\u00eds, sin embargo, en din\u00e1micas de conflicto la aplicaci\u00f3n del derecho ordinario se agota.<\/p>\n\n\n\n<p>Optar por una justicia transicional en la cual los principios de verdad y reparaci\u00f3n prevalezcan sobre los de justicia \u2013en t\u00e9rminos ordinarios- implica un balance ciertamente dif\u00edcil de lograr. Las experiencias internacionales y regionales nos permiten nutrir esta conversaci\u00f3n, pues hay una multiplicidad de conflictos con sus or\u00edgenes, actores y desenlaces. Estos \u00faltimos, &nbsp;implican la negociaci\u00f3n por lograr una paz negativa o apostar por una positiva.<\/p>\n\n\n\n<p>Y la reconciliaci\u00f3n como la situaci\u00f3n en la cual hay una dignificaci\u00f3n de las v\u00edctimas y una reparaci\u00f3n del tejido social, se puede considerar la etapa final del proceso de construcci\u00f3n de la paz. Lo cual implica la adecuaci\u00f3n y culminaci\u00f3n de las anteriores etapas como: el fin de las confrontaciones armadas, la construcci\u00f3n de mecanismos jur\u00eddicos y no jur\u00eddicos frente al conflicto, y el aseguramiento de condiciones de no repetici\u00f3n.<\/p>\n\n\n\n<p>En ese orden de ideas la voluntad individual y la capacidad colectiva para lograr cada una de esas fases tiene una multiplicidad de factores en juego. En la mayor\u00eda de casos las v\u00edctimas son civiles que quedan en medio del enfrentamiento armados, muchas veces incumpliendo el DIH y tanto la reparaci\u00f3n como la reconciliaci\u00f3n requiere de una voluntad de Estado a largo plazo, condici\u00f3n dif\u00edcil de lograr en escenarios postconflicto. As\u00ed pues los resultados internacionales son muy heterog\u00e9neos<a href=\"#_ftn1\">[1]<\/a> y los propios<a href=\"#_ftn2\">[2]<\/a> no son lo m\u00e1s optimista.<\/p>\n\n\n\n<p>En algunos casos la intervenci\u00f3n internaci\u00f3n ha aportado tanto a la superaci\u00f3n de la confrontaci\u00f3n armada como al inicio de la construcci\u00f3n de la paz, en otros casos la reintegraci\u00f3n pol\u00edtica de los grupos armados ha sido un \u00e9xito electoral, y en diferentes casos las v\u00edctimas no han tenido la atenci\u00f3n suficiente. As\u00ed mismo, la distinci\u00f3n entre v\u00edctimas de un grupo armado y de otro puede llegar a perpetuar la polarizaci\u00f3n, ahora en termino simb\u00f3licos. Sin embargo, omitir las diferencias y circunstancias en las cuales se da el proceso de victimizaci\u00f3n implicar\u00eda una revictimizaci\u00f3n.<\/p>\n\n\n\n<p>Por otro lado, la manera en la cual los victimarios participen en el proceso de post conflicto armado tiene un peso significativo en el proceso de construcci\u00f3n de paz y en la reconciliaci\u00f3n en s\u00ed. Desde el sometimiento a un proceso de justicia ordinaria o especial, la participaci\u00f3n pol\u00edtica, el apoyo al proceso de reintegraci\u00f3n, seg\u00fan se acuerde, implica pasos al logro de tales objetivos. Estos elementos pueden generar conflictos entre las v\u00edctimas y los victimarios, en la medida que se llegue a construir el discursos de que los \u201cvictimarios reciben mayores beneficios, luego de sus actos, que la verdad, justicia o reparaci\u00f3n hacia las v\u00edctimas\u201d.<\/p>\n\n\n\n<p>Este balance entre lo f\u00e1ctico y lo simb\u00f3lico es una constante que debe tener en cuenta los gobiernos de turno, respetando los compromisos de Estado a nivel nacional e internacional. Con lo cual cada acci\u00f3n de los actores institucionales y extra-institucionales puede sumar o restar a cada lado de la balanza, especialmente cuando la heterogeneidad de los actores pol\u00edticos hace dif\u00edcil comprender sus motivaciones (especialmente pol\u00edticas) y las v\u00edctimas en muchos casos no tiene las condiciones (incluso de vida) para participar activamente de la pol\u00edtica institucional. Balance que debe aportar a los procesos de perd\u00f3n y de reconciliaci\u00f3n.<\/p>\n\n\n\n<p>&nbsp;Siguiendo a Castrillo-Guerrero et al (2018)<a href=\"#_ftn3\">[3]<\/a>, el perd\u00f3n se puede entender como<\/p>\n\n\n\n<p>\u201cun proceso mediante el cual la v\u00edctima, de manera voluntaria, supera sentimientos, pensamientos y comportamientos negativos hacia el perpetrador reemplaz\u00e1ndolos por unos de car\u00e1cter positivo\u2026 Lo que suele implicar que se modifique la perspectiva hacia el perpetrador y se acepte o resignifique la situaci\u00f3n\u2026, generando un cambio en la comprensi\u00f3n sobre el hecho victimizante, sin que esto implique el olvido de este\u2026\u201d<\/p>\n\n\n\n<p>A lo cual se le suma el reconocimiento de la verdad del hecho victimizante y del arrepentimiento por parte del perpetrador; apuntando a la generaci\u00f3n de empat\u00eda frente al dolor de la v\u00edctima y buscando medidas de reparaci\u00f3n. Vale anotar, siguiendo a la Fundaci\u00f3n para la Reconciliaci\u00f3n, que: \u201c1) el perd\u00f3n no contradice la justicia ni la memoria, 2) todos y todas hemos sido ofendidos y hemos ofendido, 3) el perd\u00f3n no es un deber moral, 4) el perd\u00f3n no es cohonestar con la violaci\u00f3n de los derechos, es superar el lugar de v\u00edctima y 5) el perd\u00f3n no se da en abstracto, se da sobre hechos concretos.\u201d Con lo cual se pueden plantear tal proceso en una serie de etapas:<\/p>\n\n\n\n<figure class=\"wp-block-image size-large is-resized\"><img loading=\"lazy\" decoding=\"async\" src=\"https:\/\/arcoiris.com.co\/v3\/wp-content\/uploads\/2020\/06\/Sin-ti\u0301tulo1-1.png\" alt=\"\" class=\"wp-image-23729\" width=\"578\" height=\"337\" srcset=\"https:\/\/arcoiris.com.co\/v3\/wp-content\/uploads\/2020\/06\/Sin-ti\u0301tulo1-1.png 442w, https:\/\/arcoiris.com.co\/v3\/wp-content\/uploads\/2020\/06\/Sin-ti\u0301tulo1-1-300x175.png 300w\" sizes=\"(max-width: 578px) 100vw, 578px\" \/><\/figure>\n\n\n\n<p>Sin embargo, lograr la reconciliaci\u00f3n requiere poder definirla<a href=\"#_ftn4\">[4]<\/a>,&nbsp; el &nbsp;\u201cprop\u00f3sito es construir y\/o reparar los v\u00ednculos sociales que se han roto, y restablecer relaciones que conduzcan a la aceptaci\u00f3n mutua, lo cual va desde lo interpersonal hasta lo grupal y, en general, se enfoca en la construcci\u00f3n de un futuro colectivo.\u201d<\/p>\n\n\n\n<p>En este orden de ideas, el debate nos lleva a considerar y dialogar sobre el rol de las v\u00edctimas y los victimarios, incluso sus familiares, en tal proceso de reconciliaci\u00f3n. En el sentido de como la participaci\u00f3n pol\u00edtica o institucional de una de las partes, en especial de los victimarios y sus familiares, aporta a no al proceso individual y global de perd\u00f3n, justicia y reconciliaci\u00f3n. Considerando que cada casos tiene sus particularidades y repercusiones. As\u00ed pues, se puede esquematizar los diferentes actores \u2013simplificadamente- de la siguiente forma:<\/p>\n\n\n\n<figure class=\"wp-block-image size-large is-resized\"><img loading=\"lazy\" decoding=\"async\" src=\"https:\/\/arcoiris.com.co\/v3\/wp-content\/uploads\/2020\/06\/Sin-ti\u0301tulo2.png\" alt=\"\" class=\"wp-image-23728\" width=\"511\" height=\"271\" srcset=\"https:\/\/arcoiris.com.co\/v3\/wp-content\/uploads\/2020\/06\/Sin-ti\u0301tulo2.png 437w, https:\/\/arcoiris.com.co\/v3\/wp-content\/uploads\/2020\/06\/Sin-ti\u0301tulo2-300x159.png 300w\" sizes=\"(max-width: 511px) 100vw, 511px\" \/><\/figure>\n\n\n\n<p>Con este texto se busca abiri el debate, considerando los eventos por la designaci\u00f3n del Jorge Tovar hijo del exparamilitar Jorge 40 en el Grupo de Articulaci\u00f3n Interna para la Pol\u00edtica de V\u00edctimas de Conflcito Armado (GAPV) del Ministerio del Interior<a href=\"#_ftn5\">[5]<\/a>, que fue creado en 2015 (Resoluci\u00f3n 0327<a href=\"#_ftn6\">[6]<\/a>). El actual coordinador es Hugo Guerrero y tiene bajo su coordinaci\u00f3n una serie de oficinas de importante valor para las diferentes v\u00edctimas, como:<\/p>\n\n\n\n<figure class=\"wp-block-image size-large is-resized\"><img loading=\"lazy\" decoding=\"async\" src=\"https:\/\/arcoiris.com.co\/v3\/wp-content\/uploads\/2020\/06\/Sin-ti\u0301tulo3.png\" alt=\"Descripci\u00f3n: https:\/\/gapv.mininterior.gov.co\/sites\/default\/files\/documentos\/imagenes\/org.png\" class=\"wp-image-23730\" width=\"578\" height=\"324\" srcset=\"https:\/\/arcoiris.com.co\/v3\/wp-content\/uploads\/2020\/06\/Sin-ti\u0301tulo3.png 442w, https:\/\/arcoiris.com.co\/v3\/wp-content\/uploads\/2020\/06\/Sin-ti\u0301tulo3-300x168.png 300w\" sizes=\"(max-width: 578px) 100vw, 578px\" \/><\/figure>\n\n\n\n<hr class=\"wp-block-separator\"\/>\n\n\n\n<p><a href=\"#_ftnref1\">[1]<\/a> https:\/\/www.kienyke.com\/politica\/estos-paises-ya-recorrieron-el-camino-de-la-reconciliacion-con-las-victimas<\/p>\n\n\n\n<p><a href=\"#_ftnref2\">[2]<\/a> https:\/\/www.elespectador.com\/colombia2020\/justicia\/verdad\/cinco-ejemplos-de-construccion-de-memoria-historica-desde-las-victimas-articulo-856507<\/p>\n\n\n\n<p><a href=\"#_ftnref3\">[3]<\/a> https:\/\/journals.openedition.org\/revestudsoc\/1223<\/p>\n\n\n\n<p><a href=\"#_ftnref4\">[4]<\/a> Siguiendo a Castrillo-Guerrero et al (2018), al respecto apuntan que \u201cen una exhaustiva revisi\u00f3n del concepto de <em>reconciliaci\u00f3n<\/em>, Rettberg y Ugarriza (2015) encuentran que este ha sido tratado desde m\u00faltiples perspectivas, tales como a) recurso ret\u00f3rico, donde no se define un significado concreto; b) sin\u00f3nimo de t\u00e9rminos vecinos como <em>paz<\/em> o <em>armon\u00eda<\/em>; c) t\u00e9rmino multivocal, en el que los autores simplemente se abstienen de elegir una definici\u00f3n sobre todas las existentes; d) meta, donde la reconciliaci\u00f3n es descrita como el punto final de todo tipo de construcci\u00f3n de paz; o e) proceso, que no conduce necesariamente a un resultado concreto.\u201d<\/p>\n\n\n\n<p><a href=\"#_ftnref5\">[5]<\/a> <a href=\"https:\/\/gapv.mininterior.gov.co\/grupo-de-politica-de-victimas\/que-es-el-gactv\" target=\"_blank\" rel=\"noopener\">https:\/\/gapv.mininterior.gov.co\/grupo-de-politica-de-victimas\/que-es-el-gactv<\/a> \u201cy&nbsp; tiene entre sus funciones, promover y hacer seguimiento de las obligaciones constitucionales y legales de los mandatarios territoriales en materia de atenci\u00f3n y reparaci\u00f3n a la poblaci\u00f3n v\u00edctima de infracciones del Derecho Internacional Humanitario o de las violaciones graves y manifiestas a las normas internacionales de los Derechos Humanos, ocurridas con ocasi\u00f3n del conflicto armado. Entre otras funciones, est\u00e1 la de&nbsp; apoyar y asesorar a las direcciones del Ministerio del Interior en la implementaci\u00f3n de las l\u00edneas de pol\u00edtica p\u00fablica para la prevenci\u00f3n, protecci\u00f3n, asistencia, atenci\u00f3n y reparaci\u00f3n integral a las v\u00edctimas del conflicto armado.\u201d<\/p>\n\n\n\n<p><a href=\"#_ftnref6\">[6]<\/a> https:\/\/gapv.mininterior.gov.co\/sites\/default\/files\/resolucion_0327_2.pdf<\/p>\n","protected":false},"excerpt":{"rendered":"<p>Por Daniel Albarrac\u00edn \/ Foto: Jennifer Rueda Las confrontaciones armadas, as\u00ed como otras expresiones menos violentas de los conflictos sociales, generan la disputa entre dos o m\u00e1s bandos por ciertos objetivos, que pueden mutar con el tiempo. Y suelen generar una serie de v\u00edctimas directas e indirectas, las cuales desde hace poco son reconocidas como [&hellip;]<\/p>\n","protected":false},"author":5,"featured_media":23731,"comment_status":"closed","ping_status":"closed","sticky":true,"template":"","format":"standard","meta":{"_et_pb_use_builder":"","_et_pb_old_content":"","_et_gb_content_width":"","footnotes":""},"categories":[634,31,18],"tags":[],"class_list":["post-23726","post","type-post","status-publish","format-standard","has-post-thumbnail","hentry","category-construccion-de-paz","category-documentos","category-victimas"],"_links":{"self":[{"href":"https:\/\/arcoiris.com.co\/v3\/wp-json\/wp\/v2\/posts\/23726","targetHints":{"allow":["GET"]}}],"collection":[{"href":"https:\/\/arcoiris.com.co\/v3\/wp-json\/wp\/v2\/posts"}],"about":[{"href":"https:\/\/arcoiris.com.co\/v3\/wp-json\/wp\/v2\/types\/post"}],"author":[{"embeddable":true,"href":"https:\/\/arcoiris.com.co\/v3\/wp-json\/wp\/v2\/users\/5"}],"replies":[{"embeddable":true,"href":"https:\/\/arcoiris.com.co\/v3\/wp-json\/wp\/v2\/comments?post=23726"}],"version-history":[{"count":0,"href":"https:\/\/arcoiris.com.co\/v3\/wp-json\/wp\/v2\/posts\/23726\/revisions"}],"wp:featuredmedia":[{"embeddable":true,"href":"https:\/\/arcoiris.com.co\/v3\/wp-json\/wp\/v2\/media\/23731"}],"wp:attachment":[{"href":"https:\/\/arcoiris.com.co\/v3\/wp-json\/wp\/v2\/media?parent=23726"}],"wp:term":[{"taxonomy":"category","embeddable":true,"href":"https:\/\/arcoiris.com.co\/v3\/wp-json\/wp\/v2\/categories?post=23726"},{"taxonomy":"post_tag","embeddable":true,"href":"https:\/\/arcoiris.com.co\/v3\/wp-json\/wp\/v2\/tags?post=23726"}],"curies":[{"name":"wp","href":"https:\/\/api.w.org\/{rel}","templated":true}]}}