{"id":23737,"date":"2020-06-10T17:48:17","date_gmt":"2020-06-10T22:48:17","guid":{"rendered":"https:\/\/arcoiris.com.co\/v3\/?p=23737"},"modified":"2020-06-10T19:08:39","modified_gmt":"2020-06-11T00:08:39","slug":"fabricato-despedira-a-trabajadores-en-medio-de-la-pandemia","status":"publish","type":"post","link":"https:\/\/arcoiris.com.co\/v3\/2020\/06\/fabricato-despedira-a-trabajadores-en-medio-de-la-pandemia\/","title":{"rendered":"Fabricato despedir\u00e1 a trabajadores en medio de la pandemia"},"content":{"rendered":"\n<p><strong>Texto y fotos: <\/strong>J.E. Prado \/ Alianza De Medios Alternativos<\/p>\n\n\n\n<p>En febrero de este a\u00f1o la empresa Fabricato S.A., ubicada en el municipio de Bello, conmemor\u00f3 el centenario de su fundaci\u00f3n, hecho que fue noticia relevante en los principales medios de comunicaci\u00f3n del pa\u00eds, quienes resaltaban que es una de las pocas empresas del sector textil en Colombia que ha sorteado los impactos sufridos por la industria <em>nacional<\/em> tras la apertura econ\u00f3mica de 1990 y los tratados de libre comercio firmados durante los \u00faltimos 10 a\u00f1os.&nbsp;<\/p>\n\n\n\n<figure class=\"wp-block-image size-large\"><img loading=\"lazy\" decoding=\"async\" width=\"640\" height=\"480\" src=\"https:\/\/arcoiris.com.co\/v3\/wp-content\/uploads\/2020\/06\/20200608_133144-640x480.jpg\" alt=\"\" class=\"wp-image-23738\" srcset=\"https:\/\/arcoiris.com.co\/v3\/wp-content\/uploads\/2020\/06\/20200608_133144-640x480.jpg 640w, https:\/\/arcoiris.com.co\/v3\/wp-content\/uploads\/2020\/06\/20200608_133144-300x225.jpg 300w, https:\/\/arcoiris.com.co\/v3\/wp-content\/uploads\/2020\/06\/20200608_133144-768x576.jpg 768w, https:\/\/arcoiris.com.co\/v3\/wp-content\/uploads\/2020\/06\/20200608_133144-1536x1152.jpg 1536w, https:\/\/arcoiris.com.co\/v3\/wp-content\/uploads\/2020\/06\/20200608_133144-2048x1536.jpg 2048w, https:\/\/arcoiris.com.co\/v3\/wp-content\/uploads\/2020\/06\/20200608_133144-scaled.jpg 1133w\" sizes=\"(max-width: 640px) 100vw, 640px\" \/><\/figure>\n\n\n\n<p>Sin embargo, en medio de la emergencia social producto del Corona-virus, 400 trabajadores de su casa matriz recibieron la notificaci\u00f3n, apenas iniciando junio, &nbsp;de terminaci\u00f3n de su contrato de trabajo. Jos\u00e9 Vicente Cardona es uno de ellos. Se desempe\u00f1a como mec\u00e1nico de servicios t\u00e9cnicos. Vive con su compa\u00f1era y sus cuatro hijos. Con tono de voz preocupado y un tapabocas que no deja ver sus gestos, no oculta la impotencia ante el proceder de sus patrones y dice:<\/p>\n\n\n\n<p>\u00abNo entendemos por qu\u00e9 la empresa se aprovecha y arremete contra los trabajadores. Tengo por ah\u00ed 40 conocidos que est\u00e1n por fuera. Todos estamos padeciendo este momento dif\u00edcil, conseguir empleo es casi imposible y, si el gobierno le est\u00e1 dando un subsidio a la empresa para que conserve sus puestos de trabajo: \u00bfpor qu\u00e9 lo reciben y en seguida despiden a los trabajadores? Me parece que est\u00e1n obrando de una manera que no es prudente con nuestras&nbsp; necesidades\u00bb.<\/p>\n\n\n\n<figure class=\"wp-block-image size-large\"><img loading=\"lazy\" decoding=\"async\" width=\"640\" height=\"480\" src=\"https:\/\/arcoiris.com.co\/v3\/wp-content\/uploads\/2020\/06\/20200608_140852-640x480.jpg\" alt=\"\" class=\"wp-image-23739\" srcset=\"https:\/\/arcoiris.com.co\/v3\/wp-content\/uploads\/2020\/06\/20200608_140852-640x480.jpg 640w, https:\/\/arcoiris.com.co\/v3\/wp-content\/uploads\/2020\/06\/20200608_140852-300x225.jpg 300w, https:\/\/arcoiris.com.co\/v3\/wp-content\/uploads\/2020\/06\/20200608_140852-768x576.jpg 768w, https:\/\/arcoiris.com.co\/v3\/wp-content\/uploads\/2020\/06\/20200608_140852-1536x1152.jpg 1536w, https:\/\/arcoiris.com.co\/v3\/wp-content\/uploads\/2020\/06\/20200608_140852-2048x1536.jpg 2048w, https:\/\/arcoiris.com.co\/v3\/wp-content\/uploads\/2020\/06\/20200608_140852-scaled.jpg 1133w\" sizes=\"(max-width: 640px) 100vw, 640px\" \/><\/figure>\n\n\n\n<p>Jose Vicente tiene 51 a\u00f1os de edad. El 8 de junio participaba en un plant\u00f3n convocado por tres sindicatos de los seis que existen en esta tradicional empresa del norte del Valle de Aburr\u00e1.<\/p>\n\n\n\n<p>Por extra\u00f1o que parezca en estos d\u00edas de distanciamiento obligatorio, eran cincuenta personas las que se concentraban en las afueras de la compa\u00f1\u00eda textil. Adem\u00e1s decidieron realizar una corta marcha que bloque\u00f3 la autopista norte durante un cuarto de hora.<\/p>\n\n\n\n<p><strong>Nuevamente<\/strong> <strong>barriendo la casa<\/strong><\/p>\n\n\n\n<p>Antes de la aparici\u00f3n del covid-19, Fabricato reportaba en su n\u00f3mina 2.047 trabajadores, algunos con contrato indefinido y la mayor\u00eda con contratos a t\u00e9rmino fijo, mediante la intermediaci\u00f3n de las cooperativas de trabajo asociado.<\/p>\n\n\n\n<p>Un en\u00e9rgico jubilado &nbsp;que acompa\u00f1\u00f3 la movilizaci\u00f3n, hizo un ligero recuento sobre la disminuci\u00f3n de la poblaci\u00f3n trabajadora en Fabricato durante los \u00faltimos 40 a\u00f1os. Bajo la sombra de uno de los \u00e1rboles que rodean la porter\u00eda norte de la empresa, dijo:<\/p>\n\n\n\n<p>\u00abEn 1982 ten\u00eda 10.500 trabajadores a trav\u00e9s de diferentes filiales: Pantex,  Esmeralda y otras. Con la apertura econ\u00f3mica en 1990, que implic\u00f3 un cambio en la pol\u00edtica comercial del pa\u00eds debido al desmonte de aranceles para mercanc\u00edas importadas, muchas empresas se vieron en incapacidad de competir, quebr\u00e1ndose y las m\u00e1s fuertes tuvieron que renovar sus tecnolog\u00edas para hacer frente a las empresas extranjeras. En 1994, ya solo eran 4.500 trabajadores. El actual recorte puede ser\u00a0 la antesala de una masacre laboral m\u00e1s grande. Fabricato no descansar\u00e1 hasta cumplir con su meta de 1000 trabajadores despedidos\u00bb.<\/p>\n\n\n\n<p>La estabilidad laboral de los trabajadores se ve desmejorada peri\u00f3dicamente por las tendencias econ\u00f3micas del Capital que invitan a la renovaci\u00f3n constante de las fuerzas productivas. Fabricato es claro ejemplo de ello, pues dentro del sector textil, hist\u00f3ricamente ha sido de las empresas pioneras en la importaci\u00f3n de maquinaria y t\u00e9cnicas de administraci\u00f3n empresarial. La producci\u00f3n en serie mediante el encierro fabril que caracteriza lo que queda de sus inmensas instalaciones, ha venido desapareciendo durante la \u00faltima d\u00e9cada con la excusa de aumentar la eficiencia y productividad mediante la innovaci\u00f3n y actualizaci\u00f3n tecnol\u00f3gica.<\/p>\n\n\n\n<p>Antiguas plantas filiales como Pantex, Riotex, entre otras, han cerrado sus puertas, dejando a miles de obreros desempleados y abriendo nuevas perspectivas de negocios para sus propietarios.<\/p>\n\n\n\n<p><strong>Los capitalistas criollos, reinvent\u00e1ndose.<\/strong><\/p>\n\n\n\n<p>Los habitantes del Valle de Aburr\u00e1 son testigos, directa o indirectamente, de la transformaci\u00f3n en las din\u00e1micas productivas del principal centro urbano del noroccidente colombiano. Hasta la d\u00e9cada de los noventas este vasto territorio ten\u00eda una definida vocaci\u00f3n industrial que ha venido mutando gracias al traslado de algunas empresas al oriente antioque\u00f1o y la atracci\u00f3n de capitales hacia los sectores de servicios, tur\u00edstico, comercial e inmobiliario.&nbsp;<\/p>\n\n\n\n<p>Desde el a\u00f1o 2013, con la llegada a la presidencia del ejecutivo brasile\u00f1o Carlos Alberto de Jes\u00fas se empez\u00f3 a reestructurar Fabricato. En 2015 se dio la renovaci\u00f3n de su portafolio de servicios orientando sus inversiones al sector inmobiliario.<\/p>\n\n\n\n<p>Y es parad\u00f3jico, que mientras el grupo de trabajadores que agitan consignas y pancartas sobre la autopista norte, denunciando la barrida laboral justificada en la pandemia, en todo el frente de ellos centenares de alba\u00f1iles trabajan a toda m\u00e1quina en la construcci\u00f3n de uno de los proyectos estrellas de la empresa: Ciudad Fabricato.<\/p>\n\n\n\n<figure class=\"wp-block-image size-large\"><img loading=\"lazy\" decoding=\"async\" width=\"640\" height=\"480\" src=\"https:\/\/arcoiris.com.co\/v3\/wp-content\/uploads\/2020\/06\/20200608_133322-640x480.jpg\" alt=\"\" class=\"wp-image-23741\" srcset=\"https:\/\/arcoiris.com.co\/v3\/wp-content\/uploads\/2020\/06\/20200608_133322-640x480.jpg 640w, https:\/\/arcoiris.com.co\/v3\/wp-content\/uploads\/2020\/06\/20200608_133322-300x225.jpg 300w, https:\/\/arcoiris.com.co\/v3\/wp-content\/uploads\/2020\/06\/20200608_133322-768x576.jpg 768w, https:\/\/arcoiris.com.co\/v3\/wp-content\/uploads\/2020\/06\/20200608_133322-1536x1152.jpg 1536w, https:\/\/arcoiris.com.co\/v3\/wp-content\/uploads\/2020\/06\/20200608_133322-2048x1536.jpg 2048w, https:\/\/arcoiris.com.co\/v3\/wp-content\/uploads\/2020\/06\/20200608_133322-scaled.jpg 1133w\" sizes=\"(max-width: 640px) 100vw, 640px\" \/><\/figure>\n\n\n\n<p>Julio Hern\u00e1ndez, integrante de los comit\u00e9s barriales de Bello y quien tambi\u00e9n participaba del plant\u00f3n explic\u00f3 que, \u00abdesde hace varios a\u00f1os Fabricato ha venido negociando los lotes de lo que era Pantex, un negocio de m\u00e1s 200 mil millones de pesos. Esos terrenos fueron vendidos a multinacionales del sector inmobiliario que construyen edificios para vivienda estratos 4, 5 y 6 y centros comerciales\u00bb.<\/p>\n\n\n\n<p>Cabe anotar que este no es el \u00fanico negocio que en esta perspectiva adelanta la compa\u00f1\u00eda, pues lo que era la planta de su filial Riotex en el municipio de Rionegro, es actualmente el Parque Industrial Fabricato. Tambi\u00e9n son conocidas otras inversiones en Ibagu\u00e9 y Cundinamarca.<\/p>\n\n\n\n<p>A las 2:15 de la tarde termin\u00f3 el plant\u00f3n con la salida de los \u00faltimos obreros que cumpl\u00edan el turno de seis de la ma\u00f1ana. Mientras se dispersaban para sus hogares, se escuchaba entre murmullos el deseo de que el aumento salarial que regir\u00eda desde abril de este a\u00f1o y la prima de $300 mil pesos con motivo del centenario de Fabricato, acordadas en la convenci\u00f3n colectiva del 2019, sean una realidad y no una promesa m\u00e1s incumplida por los due\u00f1os de la empresa.<\/p>\n","protected":false},"excerpt":{"rendered":"<p>Texto y fotos: J.E. Prado \/ Alianza De Medios Alternativos En febrero de este a\u00f1o la empresa Fabricato S.A., ubicada en el municipio de Bello, conmemor\u00f3 el centenario de su fundaci\u00f3n, hecho que fue noticia relevante en los principales medios de comunicaci\u00f3n del pa\u00eds, quienes resaltaban que es una de las pocas empresas del sector [&hellip;]<\/p>\n","protected":false},"author":5,"featured_media":23742,"comment_status":"closed","ping_status":"closed","sticky":true,"template":"","format":"standard","meta":{"_et_pb_use_builder":"","_et_pb_old_content":"","_et_gb_content_width":"","footnotes":""},"categories":[638,21,633,41],"tags":[],"class_list":["post-23737","post","type-post","status-publish","format-standard","has-post-thumbnail","hentry","category-conflictos","category-justicia","category-opinion","category-territorio-y-desarrollo"],"_links":{"self":[{"href":"https:\/\/arcoiris.com.co\/v3\/wp-json\/wp\/v2\/posts\/23737","targetHints":{"allow":["GET"]}}],"collection":[{"href":"https:\/\/arcoiris.com.co\/v3\/wp-json\/wp\/v2\/posts"}],"about":[{"href":"https:\/\/arcoiris.com.co\/v3\/wp-json\/wp\/v2\/types\/post"}],"author":[{"embeddable":true,"href":"https:\/\/arcoiris.com.co\/v3\/wp-json\/wp\/v2\/users\/5"}],"replies":[{"embeddable":true,"href":"https:\/\/arcoiris.com.co\/v3\/wp-json\/wp\/v2\/comments?post=23737"}],"version-history":[{"count":0,"href":"https:\/\/arcoiris.com.co\/v3\/wp-json\/wp\/v2\/posts\/23737\/revisions"}],"wp:featuredmedia":[{"embeddable":true,"href":"https:\/\/arcoiris.com.co\/v3\/wp-json\/wp\/v2\/media\/23742"}],"wp:attachment":[{"href":"https:\/\/arcoiris.com.co\/v3\/wp-json\/wp\/v2\/media?parent=23737"}],"wp:term":[{"taxonomy":"category","embeddable":true,"href":"https:\/\/arcoiris.com.co\/v3\/wp-json\/wp\/v2\/categories?post=23737"},{"taxonomy":"post_tag","embeddable":true,"href":"https:\/\/arcoiris.com.co\/v3\/wp-json\/wp\/v2\/tags?post=23737"}],"curies":[{"name":"wp","href":"https:\/\/api.w.org\/{rel}","templated":true}]}}