{"id":23750,"date":"2020-06-26T11:27:03","date_gmt":"2020-06-26T16:27:03","guid":{"rendered":"https:\/\/arcoiris.com.co\/v3\/?p=23750"},"modified":"2020-06-26T11:29:44","modified_gmt":"2020-06-26T16:29:44","slug":"ejercitoviolador","status":"publish","type":"post","link":"https:\/\/arcoiris.com.co\/v3\/2020\/06\/ejercitoviolador\/","title":{"rendered":"#Ej\u00e9rcitoViolador"},"content":{"rendered":"\n<p>Por Harold Ruiz Moreno<\/p>\n\n\n\n<p>Las sociedades son sensibles cuando se atenta contra los seres sintientes, se desarrolla alta sensibilidad cuando hay &nbsp;abusos con los animales, &nbsp;hoy las mascotas son parte de la familia y cuando hay actos de violencia contra ellos la sociedad se conmociona, as\u00ed ocurri\u00f3 cuando en Nari\u00f1o cuatro soldados asesinaron una perrita tir\u00e1ndola por los aires, el pa\u00eds justificadamente se levant\u00f3 y conden\u00f3 este acto de violencia.<\/p>\n\n\n\n<p>Pero no ocurre lo mismo con el asesinato sistem\u00e1tico de los l\u00edderes sociales, hemos perdido la sensibilidad humana, no solo se les asesina, tambi\u00e9n se los re victimiza. La ministra del interior Alicia Arango que deber\u00eda protegerlos los compara con los que mueren por el robo de un celular. Desde el inicio del gobierno del presidente Iv\u00e1n Duque Marqu\u00e9s ya son 578 l\u00edderes sociales asesinados hasta la fecha seg\u00fan cifras de las Naciones Unidas.<\/p>\n\n\n\n<p>El mundo acompa\u00f1\u00f3 al pa\u00eds en el logro de la firma del acuerdo paz que puso fin al conflicto armado interno y que logr\u00f3 el desarme de una guerrilla que llevaba 52 a\u00f1os en levantamiento armado provocando una guerra con una gran tragedia humana; &nbsp;hasta la fecha ya son 202 los firmantes del acuerdo asesinados, cifra entregada por el nuevo partido de las FARC, lo que se suma a los intentos de hacer trizas el acuerdo firmado, como lo promueven los enemigos de la Paz y la reconciliaci\u00f3n, liderados por los integrantes del partido pol\u00edtico del Centro Democr\u00e1tico.<\/p>\n\n\n\n<p>En esta org\u00eda de sangre y terror contra los sectores sociales, no es menos la persecuci\u00f3n y asesinato sistem\u00e1tico contra las comunidades ind\u00edgenas, en las cifras fr\u00edas de asesinato contra los l\u00edderes sociales est\u00e1n los ind\u00edgenas. Las denuncias indican que han sido asesinados m\u00e1s 578 l\u00edderes sociales (entre hombres y mujeres), de los cuales unos 270 (30%) son ind\u00edgenas, poblaci\u00f3n que apenas alcanza el 4% del total nacional, lo que genera mucha rabia y dolor ya que las comunidades ind\u00edgenas viven un largo proceso \u00a0de etnocidio y genocidio sistem\u00e1tico contra los pueblos ancestrales, por parte de \u00a0los grupos ilegales y tambi\u00e9n de los agentes del estado que se ensa\u00f1an en el exterminio contra las comunidades ind\u00edgenas.<\/p>\n\n\n\n<p><strong>El Estado extractivista es un violador fascista<\/strong><\/p>\n\n\n\n<p>Por m\u00e1s de cinco d\u00e9cadas, los pueblos ind\u00edgenas de Colombia resistieron el l\u00e1tigo de la guerra. Neg\u00e1ndose a abandonar sus tierras, habitan en el pa\u00eds 102 Pueblos Ind\u00edgenas, quienes son los sobrevivientes \u00a0de un genocidio que a\u00fan no termina; est\u00e1n a\u00fan en una \u00abconquista\u00bb que no acaba, su memoria viva es un tejido largo de historias en donde a\u00fan se escribe a sangre y fuego el proceso de lucha y resistencia de los pueblos ind\u00edgenas.<\/p>\n\n\n\n<p>Hoy, como ayer, en la radiograf\u00eda del pa\u00eds ind\u00edgena esto no cesa. La desnutrici\u00f3n y abandono contra el Pueblo Wayuu con m\u00e1s de 5.000 mil ni\u00f1os muertos, el exterminio de m\u00e1s de 450 Kankuamos, el confinamiento contra el Pueblo Este Enaka en su propio territorio. En los Llanos Orientales las \u00abguahibiadas\u00bb o el deporte de matar indios y el paternalismo ha llevado a los pueblos n\u00f3madas y semi n\u00f3madas a la drogadicci\u00f3n, prostituci\u00f3n y a la indigencia en departamentos como Arauca y Vichada. Pueblos Ind\u00edgenas Sikuanis, Jiw, Amorua, Nukak, Betoy, Yamaleros y otros m\u00e1s agonizan en un callej\u00f3n sin salida.&nbsp;En el Amazonas donde las chucher\u00edas no lograron acabar con los Murui y dem\u00e1s pueblos, hoy el narcotr\u00e1fico, la deforestaci\u00f3n, la explotaci\u00f3n maderera, el control de las fronteras y la contaminaci\u00f3n de mercurio est\u00e1n llevando al exterminio y extensi\u00f3n a los m\u00e1s de 60 Pueblos Ind\u00edgenas ubicados en el pulm\u00f3n del mundo, a los hijos y guardianes de la selva.&nbsp;<\/p>\n\n\n\n<p>El asesinato de m\u00e1s de 158 l\u00edderes ind\u00edgenas en departamentos como Nari\u00f1o, Cauca y Choc\u00f3 no es otra cosa m\u00e1s que los tiempos de la mala muerte contra la gente que defiende la vida, el territorio y el gobierno propio, de la gente que con bast\u00f3n de mando y con la dignidad en alto defienden los derechos de &nbsp;pueblos ind\u00edgenas. As\u00ed nos toque morir, como lo expresa claramente el himno de la Guardia Ind\u00edgena, con bastones en tiempos de paz y en otros tiempos como los del conflicto que a\u00fan contin\u00faa desarman a los armados, controlan el territorio de las desarmon\u00edas <strong>y se enfrentan a un pa\u00eds en donde ser ind\u00edgena y l\u00edder es costarle la vida.<\/strong>&nbsp; Guardias, m\u00e9dicos tradicionales, gobernadores y autoridades ind\u00edgenas son el tiro al blanco para los que piensan y creen que en Colombia pensar distinto es sin\u00f3nimo de terrorismo, y por tanto es necesario aniquilarlo. Aw\u00e1, Nasas y Emberas son exterminados en la impunidad constante contra los pueblos ancestrales.<\/p>\n\n\n\n<p><strong><em>Todos los vej\u00e1menes, la sevicia y el horror contra los pueblos ind\u00edgenas. Las denuncias indican que un grupo de soldados cobardes pertenecientes al Batall\u00f3n San Mateo, habr\u00edan violado a una ni\u00f1a de \u00abapenas 12 a\u00f1os\u00bb quien pertenec\u00eda al resguardo ind\u00edgena Embera Cham\u00ed, la violaci\u00f3n habr\u00eda sucedido en el corregimiento Santa Cecilia del municipio Pueblo Rico en Risaralda.<\/em><\/strong><\/p>\n\n\n\n<figure class=\"wp-block-image size-large\"><img loading=\"lazy\" decoding=\"async\" width=\"360\" height=\"640\" src=\"https:\/\/arcoiris.com.co\/v3\/wp-content\/uploads\/2020\/06\/in-360x640.jpg\" alt=\"\" class=\"wp-image-23751\" srcset=\"https:\/\/arcoiris.com.co\/v3\/wp-content\/uploads\/2020\/06\/in-360x640.jpg 360w, https:\/\/arcoiris.com.co\/v3\/wp-content\/uploads\/2020\/06\/in-169x300.jpg 169w, https:\/\/arcoiris.com.co\/v3\/wp-content\/uploads\/2020\/06\/in.jpg 478w\" sizes=\"(max-width: 360px) 100vw, 360px\" \/><\/figure>\n\n\n\n<p>El gobernador mayor Juan de Dios Queragama Nariquiaza expres\u00f3 en un comunicado que \u201cesto no ha sido una agresi\u00f3n para nuestra ni\u00f1a y su dignidad como ser humano y como miembro de un pueblo ancestral, ha sido una agresi\u00f3n para todo nuestro pueblo Embera Katio y un acto que defrauda la confianza que hemos depositado en ellos como representantes del Estado\u201d\u2026 Pidi\u00f3 que los agresores sean entregados a esta comunidad para ser juzgados bajo su autoridad y autonom\u00eda y paguen su condena bajo su propia legislaci\u00f3n y que luego s\u00ed sean juzgados por las leyes colombianas. Este hecho fue reconocido por el comando de la Octava Brigada perteneciente a la Quinta Divisi\u00f3n del Ej\u00e9rcito Nacional.<\/p>\n\n\n\n<p>No hay palabras para descifrar este horrible hecho de violencia contra una ni\u00f1a ind\u00edgena, que exige que la sociedad colombiana se levante como lo hace cuando hay hechos de violencia contra los seres sintientes; se trata de una ni\u00f1a indefensa violentada por quienes se catalogan como los \u201ch\u00e9roes de la patria\u201d. Qu\u00e9 horror.<\/p>\n\n\n\n<p>Enfrentando este estado de violencia los Pueblos Ind\u00edgenas en Colombia seguir\u00e1n alzando la voz en alto para defender sus vidas y territorios, a ellos los est\u00e1n matando por cuidar el tejido vital, por los derechos ancestrales que les dejaron los padres y madres espirituales; los matan a bala, pero tambi\u00e9n los matan con las pol\u00edticas asistencialistas del Estado y con la indiferencia y olvido de la misma sociedad colombiana en su conjunto, que le cuesta reconocer que lleva en sus genes sangre de los que hoy son asesinados por defender la Madre Tierra.<\/p>\n","protected":false},"excerpt":{"rendered":"<p>Por Harold Ruiz Moreno Las sociedades son sensibles cuando se atenta contra los seres sintientes, se desarrolla alta sensibilidad cuando hay &nbsp;abusos con los animales, &nbsp;hoy las mascotas son parte de la familia y cuando hay actos de violencia contra ellos la sociedad se conmociona, as\u00ed ocurri\u00f3 cuando en Nari\u00f1o cuatro soldados asesinaron una perrita [&hellip;]<\/p>\n","protected":false},"author":5,"featured_media":23752,"comment_status":"closed","ping_status":"closed","sticky":true,"template":"","format":"standard","meta":{"_et_pb_use_builder":"","_et_pb_old_content":"","_et_gb_content_width":"","footnotes":""},"categories":[638,633,18],"tags":[],"class_list":["post-23750","post","type-post","status-publish","format-standard","has-post-thumbnail","hentry","category-conflictos","category-opinion","category-victimas"],"_links":{"self":[{"href":"https:\/\/arcoiris.com.co\/v3\/wp-json\/wp\/v2\/posts\/23750","targetHints":{"allow":["GET"]}}],"collection":[{"href":"https:\/\/arcoiris.com.co\/v3\/wp-json\/wp\/v2\/posts"}],"about":[{"href":"https:\/\/arcoiris.com.co\/v3\/wp-json\/wp\/v2\/types\/post"}],"author":[{"embeddable":true,"href":"https:\/\/arcoiris.com.co\/v3\/wp-json\/wp\/v2\/users\/5"}],"replies":[{"embeddable":true,"href":"https:\/\/arcoiris.com.co\/v3\/wp-json\/wp\/v2\/comments?post=23750"}],"version-history":[{"count":0,"href":"https:\/\/arcoiris.com.co\/v3\/wp-json\/wp\/v2\/posts\/23750\/revisions"}],"wp:featuredmedia":[{"embeddable":true,"href":"https:\/\/arcoiris.com.co\/v3\/wp-json\/wp\/v2\/media\/23752"}],"wp:attachment":[{"href":"https:\/\/arcoiris.com.co\/v3\/wp-json\/wp\/v2\/media?parent=23750"}],"wp:term":[{"taxonomy":"category","embeddable":true,"href":"https:\/\/arcoiris.com.co\/v3\/wp-json\/wp\/v2\/categories?post=23750"},{"taxonomy":"post_tag","embeddable":true,"href":"https:\/\/arcoiris.com.co\/v3\/wp-json\/wp\/v2\/tags?post=23750"}],"curies":[{"name":"wp","href":"https:\/\/api.w.org\/{rel}","templated":true}]}}