{"id":23756,"date":"2020-07-11T12:54:27","date_gmt":"2020-07-11T17:54:27","guid":{"rendered":"https:\/\/arcoiris.com.co\/v3\/?p=23756"},"modified":"2020-07-11T12:58:25","modified_gmt":"2020-07-11T17:58:25","slug":"cuando-un-amigo-se","status":"publish","type":"post","link":"https:\/\/arcoiris.com.co\/v3\/2020\/07\/cuando-un-amigo-se\/","title":{"rendered":"CUANDO UN AMIGO SE VA"},"content":{"rendered":"\n<p>Por Harold Ruiz Moreno &#8211; CNAI Pasto \/ Ilustraci\u00f3n: Andr\u00e9s S\u00e1nchez<\/p>\n\n\n\n<p><strong>\u201cCuando un amigo se va<\/strong><\/p>\n\n\n\n<p><strong>Queda un espacio vac\u00edo<\/strong><\/p>\n\n\n\n<p><strong>Que no lo puede llenar<\/strong><\/p>\n\n\n\n<p><strong>La llegada de otro amigo\u201d. (Canci\u00f3n de Alberto Cortez).<\/strong><\/p>\n\n\n\n<p>La aparici\u00f3n de la Covid19 ha tra\u00eddo muchas p\u00e9rdidas y el mundo asiste a la desaparici\u00f3n de miles de personas con la consiguiente tristeza y dolor para las familias y la sociedad, sum\u00e1ndose a esta tristeza la presencia de muchas afectaciones en especial la econom\u00eda que hace m\u00e1s traum\u00e1tica la situaci\u00f3n de las personas por la p\u00e9rdida del empleo, subempleo y la pobreza que se incrementa con esta pandemia.<\/p>\n\n\n\n<p>La desaparici\u00f3n de los seres queridos se agrava porque la pandemia establece protocolos que llev\u00f3 a que muchas personas afectadas por la Covid19 se despidieran de sus seres queridos por celular o tabletas,&nbsp; las familias no han podido hacer el duelo, en la medida que espiritualmente no tuvieron la \u00faltima oportunidad de despedir a sus seres queridos con los ritos religiosos de sus respectivas creencias.<\/p>\n\n\n\n<p>La sociedad se construye sobre la base de muchas normas y &nbsp;comportamientos que se edifican sobre valores, actitudes, comportamientos y sentimientos que han hecho de la humanidad un espacio de vida donde se manifiesta, entre otros sentimientos, el sagrado valor de amistad, el compa\u00f1erismo, el compadrazgo o la camarader\u00eda.<\/p>\n\n\n\n<p>Por esta pandemia hemos perdido muchos seres queridos que representa ese valor de la amistad y que ha tra\u00eddo consigo el dolor de su desaparici\u00f3n, que se dio por la aparici\u00f3n del covid19 o porque su salud se afect\u00f3 por enfermedades cr\u00f3nicas y las dolencias hicieron que mueran.<\/p>\n\n\n\n<p>Quienes como el suscrito hemos dedicado muchos a\u00f1os al servicio social y pol\u00edtico, en el largo camino por la libertad hemos construido muchos procesos con personas que han marcado nuestra vidas con la entra\u00f1able amistad y compa\u00f1erismo, sentimientos estos que en vida nos &nbsp;brind\u00f3 el periodista y defensor de los derechos humanos que fue &nbsp;Ramiro Eggas Villota.<\/p>\n\n\n\n<p>Ramiro desde muy joven se dedic\u00f3 al periodismo en Nari\u00f1o, y pas\u00f3 por los m\u00e1s importantes noticieros de la regi\u00f3n, dirigi\u00f3 el \u00fanico peri\u00f3dico que existe en el departamento, particip\u00f3 de muchos programas de opini\u00f3n e incursion\u00f3 en varias revistas y peri\u00f3dicos que fund\u00f3 en su larga trayectoria de un buen periodismo al servicio social; Ramiro conjug\u00f3 su profesi\u00f3n con una militancia en la izquierda democr\u00e1tica, lo conoc\u00ed en la JTC, (Juventud Trabajadora Colombiana), y juntos militamos por muchos a\u00f1os en el ELN, pas\u00f3 al Partido Comunista, fue candidato al concejo de Pasto por la UP y despu\u00e9s por el partido liberal y dedic\u00f3 muchos a\u00f1os de su vida a la defensa de los derechos humanos, como pedagogo y presidente del comit\u00e9 de derechos humanos de Nari\u00f1o. Y desafortunadamente el Covid19 se llev\u00f3 a un gran humanista que tanto construy\u00f3 para bien de la sociedad.<\/p>\n\n\n\n<p>No de la misma manera y s\u00ed por una prolongada enfermedad, se despidi\u00f3 un gran hombre como lo fue nuestro entra\u00f1able amigo Alberto \u00c1lzate Giraldo, paisa de Montenegro, Quind\u00edo, criado en el Valle de Cauca. Desde muy joven abraz\u00f3 la militancia de izquierda democr\u00e1tica y no dud\u00f3 de ser parte de la \u201cpol\u00edtica de pies de descalzos\u201d, que impuls\u00f3 Francisco Mosquera, l\u00edder del MOIR, para que los integrantes de ese partido, quienes deb\u00edan hacer el trabajo pol\u00edtico, \u201capoy\u00e1ndose en las masas\u201d, &nbsp;y con destino a regiones olvidadas. Y Alberto escogi\u00f3 como destino de esta pol\u00edtica al municipio de Tumaco al que lleg\u00f3 en el a\u00f1o 1972, &nbsp;a \u201cconstruir Partido\u201d, pero igual goz\u00f3 de lo que m\u00e1s apreciaba en su vida que fue la m\u00fasica con predilecci\u00f3n la Salsa, la que combin\u00f3 con la lectura, los poemas. Alberto \u00c1lzate vivi\u00f3 de manera sencilla, los ultimos a\u00f1os los dedic\u00f3 a ser corrector de estilo de muchas Tesis de grado, ayudando a j\u00f3venes universitarios que acudieron donde Alberto por su gran bagaje en el conocimiento universal.<\/p>\n\n\n\n<p>Sea este el espacio para despedir a estos dos entra\u00f1ables amigos, Ramiro y Alberto, con la tristeza de no poderles acompa\u00f1ar en su despedida final por las restricciones de la pandemia, y recordar su recorrido por la vida, que los caracteriz\u00f3 a los dos, enamorados de la vida, consecuentes con sus ideales, grandes seres humanos, humanistas, entregados a la causa social y pol\u00edtica, desprendidos de lo material y como afirmara el gran Pepe Mujica, \u201clivianos de equipaje\u201d.<\/p>\n\n\n\n<p>Los testimonios de vida de RAMIRO EGGAS VILLOTA Y ALBERTO ALZATE GIRALDO, reafirma la pol\u00edtica del amor, \u00a0la entrega sin condiciones, \u00a0la posibilidad de construir un mundo mejor, la sed de justicia social, de la lucha permanente por la libertad, en una sola palabra, Ramiro y Alberto fueron revolucionarios a carta cabal; por ellos bien puede invocarse a Jos\u00e9 Mart\u00ed \u00a0cuando afirm\u00f3 que \u201cla muerte no es verdad, cuando se ha cumplido bien con la obra de la vida\u201d, mensaje tan bello que llega como anillo al dedo para hablar del paso por este mundo de Ramiro y Alberto, a quienes despido f\u00edsicamente con \u00a0esta hermosa frase: <strong>\u201cHe vivido por la alegr\u00eda. Por la alegr\u00eda he ido al combate y por la alegr\u00eda muero. Que la tristeza no sea nunca unida a mi nombre.\u00bb Julius Fucik.<\/strong><\/p>\n","protected":false},"excerpt":{"rendered":"<p>Por Harold Ruiz Moreno &#8211; CNAI Pasto \/ Ilustraci\u00f3n: Andr\u00e9s S\u00e1nchez \u201cCuando un amigo se va Queda un espacio vac\u00edo Que no lo puede llenar La llegada de otro amigo\u201d. (Canci\u00f3n de Alberto Cortez). La aparici\u00f3n de la Covid19 ha tra\u00eddo muchas p\u00e9rdidas y el mundo asiste a la desaparici\u00f3n de miles de personas con [&hellip;]<\/p>\n","protected":false},"author":5,"featured_media":23757,"comment_status":"closed","ping_status":"closed","sticky":true,"template":"","format":"standard","meta":{"_et_pb_use_builder":"","_et_pb_old_content":"","_et_gb_content_width":"","footnotes":""},"categories":[633],"tags":[],"class_list":["post-23756","post","type-post","status-publish","format-standard","has-post-thumbnail","hentry","category-opinion"],"_links":{"self":[{"href":"https:\/\/arcoiris.com.co\/v3\/wp-json\/wp\/v2\/posts\/23756","targetHints":{"allow":["GET"]}}],"collection":[{"href":"https:\/\/arcoiris.com.co\/v3\/wp-json\/wp\/v2\/posts"}],"about":[{"href":"https:\/\/arcoiris.com.co\/v3\/wp-json\/wp\/v2\/types\/post"}],"author":[{"embeddable":true,"href":"https:\/\/arcoiris.com.co\/v3\/wp-json\/wp\/v2\/users\/5"}],"replies":[{"embeddable":true,"href":"https:\/\/arcoiris.com.co\/v3\/wp-json\/wp\/v2\/comments?post=23756"}],"version-history":[{"count":0,"href":"https:\/\/arcoiris.com.co\/v3\/wp-json\/wp\/v2\/posts\/23756\/revisions"}],"wp:featuredmedia":[{"embeddable":true,"href":"https:\/\/arcoiris.com.co\/v3\/wp-json\/wp\/v2\/media\/23757"}],"wp:attachment":[{"href":"https:\/\/arcoiris.com.co\/v3\/wp-json\/wp\/v2\/media?parent=23756"}],"wp:term":[{"taxonomy":"category","embeddable":true,"href":"https:\/\/arcoiris.com.co\/v3\/wp-json\/wp\/v2\/categories?post=23756"},{"taxonomy":"post_tag","embeddable":true,"href":"https:\/\/arcoiris.com.co\/v3\/wp-json\/wp\/v2\/tags?post=23756"}],"curies":[{"name":"wp","href":"https:\/\/api.w.org\/{rel}","templated":true}]}}