{"id":23766,"date":"2020-07-25T18:06:19","date_gmt":"2020-07-25T23:06:19","guid":{"rendered":"https:\/\/arcoiris.com.co\/v3\/?p=23766"},"modified":"2020-07-25T18:16:32","modified_gmt":"2020-07-25T23:16:32","slug":"los-apostoles-de-la-paz-a-proposito-de-monsenor-dario-de-jesus-monsalve-y-el-sacerdote-jesuita-francisco-de-roux","status":"publish","type":"post","link":"https:\/\/arcoiris.com.co\/v3\/2020\/07\/los-apostoles-de-la-paz-a-proposito-de-monsenor-dario-de-jesus-monsalve-y-el-sacerdote-jesuita-francisco-de-roux\/","title":{"rendered":"Los Ap\u00f3stoles de la Paz: a prop\u00f3sito de Monse\u00f1or Dar\u00edo de Jes\u00fas Monsalve y el sacerdote Jesuita Francisco de Roux."},"content":{"rendered":"\n<p>Harold Ruiz Moreno &#8211; Ex concejal de Pasto \/ Foto: Jennifer Rueda.<\/p>\n\n\n\n<p>\u00abLa injusticia e inhumanidad crece en los pa\u00edses industrializados, la globalizaci\u00f3n de la econom\u00eda lleva claramente a la falta de solidaridad de nuestras sociedades. La teolog\u00eda de la liberaci\u00f3n en Latinoam\u00e9rica es la primera alternativa contra el capitalismo. La mercantilizaci\u00f3n global de todas las cosas. Ya no solo es una teolog\u00eda contextual latinoamericana, sino que, con el desarrollo mencionado, se convierte en teolog\u00eda contextual universal\u201d (J\u00fcrgen Moltmann, te\u00f3logo protestante).<\/p>\n\n\n\n<p>Construir La Paz y la reconciliaci\u00f3n ha sido la tarea m\u00e1s dif\u00edcil de la historia del pa\u00eds, la tragedia humanitaria que ha significado los mayores vej\u00e1menes de conflicto alguno existente en el mundo, porque lo que hemos vivido los colombianos, han sido cruel y doloroso: las masacres, los desplazamientos, confinamientos, torturas, asesinatos sistem\u00e1ticos, ejecuciones extrajudiciales mal llamados falsos positivos, hornos crematorios, pozos de \u00e1cido, casas de pique, violencia sexual, todas las pr\u00e1cticas de una guerra execrable ha ocurrido en la naci\u00f3n. Este suplicio ha sido registrado entre otras investigaciones como la adelantada por el Centro de Memoria Historia en el documento \u201cBasta Ya\u201d, bajo la coordinaci\u00f3n del profesor Gonzalo S\u00e1nchez en el a\u00f1o de 2013.<\/p>\n\n\n\n<p>En este crudo y doloroso conflicto han participado como responsables directos e indirectos grupos ilegales del paramilitarismo, el narcotr\u00e1fico, la guerrilla; y tambi\u00e9n los agentes del Estado, reinando la m\u00e1s completa impunidad, donde millones de v\u00edctimas reclaman Verdad, Justicia, Reparaci\u00f3n y no repetici\u00f3n.<\/p>\n\n\n\n<p>En medio de la guerra hemos asistido a presenciar el papel jugado por la religi\u00f3n, quienes desconociendo el mandato del estado laico establecido por la constituyente del 91, act\u00faan en contra v\u00eda de la constituci\u00f3n. En sus diferentes confesiones han estado involucrados en el conflicto, tomando parte por uno de los responsables de la hecatombe que desangra a la naci\u00f3n; confesiones religiosas que est\u00e1n al lado de los enemigos de la Paz y la reconciliaci\u00f3n y tomaron partido por el NO, votaron en contra del plebiscito que buscaba refrendar los acuerdos de la Habana. <\/p>\n\n\n\n<p>Cabe resaltar el papel jugado por la jerarqu\u00eda de la iglesia cat\u00f3lica quien no atendi\u00f3 ni siquiera el llamado del Papa, cuando este desde la santa sede invit\u00f3 a votar por La Paz, Colombia ha profesado mayoritariamente la religi\u00f3n cat\u00f3lica y en ella afortunadamente se presentan excepciones de sacerdotes y religiosas que act\u00faan en consecuencia con la doctrina social de la iglesia cat\u00f3lica y acompa\u00f1an a las comunidades afligidas por el conflicto.<\/p>\n\n\n\n<p>Todav\u00eda recordamos la ense\u00f1anzas de las conferencias de los obispos de Am\u00e9rica Latina reunidos en Medell\u00edn (CELAM 1968) y Puebla (1979), donde optaron por el mensaje evangelizador y que deber\u00eda ser el de <strong>\u201cla Opci\u00f3n preferencial por los pobres\u201d<\/strong>, o la de la teolog\u00eda de la liberaci\u00f3n con la bella experiencia de <strong>\u201clas comunidades eclesiales de base\u201d<\/strong>, que llev\u00f3 a millares de religiosos a caminar por el continente llevando el mensaje liberador de Cristo: que siempre se debe estar al lado de los oprimidos, de los desamparados, de los m\u00e1s d\u00e9biles; varios de ellos en sana interpretaci\u00f3n del mensaje evangelizador consideraron que su servicio era participar en la lucha armada, y ofrendaron sus vidas por ese compromiso, como ocurri\u00f3 en el pa\u00eds con la participaci\u00f3n de los sacerdotes CAMILO TORRES RESTREPO, DOMINGO LAIN, MANUEL PEREZ entre otros.<\/p>\n\n\n\n<p>En los territorios de conflicto donde reinan los actores del conflicto y &nbsp;se nota la ausencia del Estado, congregaciones religiosas han estado siempre presentes con el b\u00e1lsamo gratificador de la solidaridad y acompa\u00f1amiento a comunidades afligidas por la guerra cruenta que vive el pa\u00eds. Cientos de religiosos adelantan campa\u00f1as con variados programas de asistencia social y ha sido fundamentalmente su apuesta por La Paz y la reconciliaci\u00f3n. Ellos tambi\u00e9n han puesto su cuota de sacrificio en esta guerra y varios de ellos han sido asesinados, desplazados y desterrados, hoy de la misma manera son perseguidos y vilipendiados por las voces de la derecha uribista.<\/p>\n\n\n\n<p>Con ellos no puede haber una palabra diferente para reconocer a estos Ap\u00f3stoles de la Paz, que el agradecimiento perenne de toda la sociedad colombiana, y m\u00e1s hoy que dos ap\u00f3stoles han sido vilipendiados, acosados y condenados por el uribismo quien se ensa\u00f1a contra el Sr arzobispo de Cali, <strong>Monse\u00f1or Dar\u00edo de Jes\u00fas Monsalve<\/strong>, quien siempre ha estado practicado la opci\u00f3n preferencial por los pobres, al igual que con el <strong>sacerdote Jesuita Francisco de Roux<\/strong>, quien preside la Comisi\u00f3n de la verdad.<\/p>\n\n\n\n<p><strong>Monse\u00f1or Dar\u00edo de Jes\u00fas Monsalve<\/strong> en todo su ejercicio sacerdotal siempre ha respaldado La Paz y la reconciliaci\u00f3n del pa\u00eds y su actuaci\u00f3n ha sido sin amagues, clama siempre por &nbsp;la salida negociada del conflicto armando, como lo hiciere en su \u00faltimo mensaje tan acertado cuando afirm\u00f3, \u201cel Gobierno de Iv\u00e1n Duque Marquez tiene una \u201cvenganza genocida\u201d contra los procesos de paz que se adelantaron durante el mandato del expresidente Juan Manuel Santos\u201d, este pronunciamiento provoc\u00f3 las amenazas del uribismo y las peticiones temerarias del senador por el Partido Centro Democr\u00e1tico, Gabriel Velasco, quien exige el retiro de Cali de Monse\u00f1or Monsalve; y de la misma manera, el se\u00f1alamiento del ex ministro de defensa Juan Carlos Pinz\u00f3n en contra de los comisionados que integran la comisi\u00f3n de la Verdad al se\u00f1alarlos de su cercan\u00eda con las ideolog\u00edas de izquierda, desconociendo la investidura de imparcialidad que posee la Comisi\u00f3n &nbsp;que acertadamente preside el <strong>sacerdote Jesuita Francisco de Ruox<\/strong>, quien en su pr\u00e1ctica y recorrido  sacerdotal ha demostrado su cari\u00f1o y afecto por las comunidades perseguidas, a quienes ha acompa\u00f1ado y defendido de las atrocidades del conflicto.<\/p>\n\n\n\n<p>Resulta gratificante las miles de voces de respaldo y solidaridad de la sociedad civil del pa\u00eds, que rodean con sus abrazos afectuosos y c\u00e1lidos para con estos dos ap\u00f3stoles que testimonian con su pr\u00e1ctica la esencia del mensaje evangelizador del Dios de los pobres, de los oprimidos, del Dios de las v\u00edctimas, del poder sanador, del mensaje y testimonio de estos dos ap\u00f3stoles de la Paz y la reconciliaci\u00f3n que tanto reclaman la naci\u00f3n.<\/p>\n\n\n\n<p><\/p>\n\n\n\n<p><\/p>\n","protected":false},"excerpt":{"rendered":"<p>Harold Ruiz Moreno &#8211; Ex concejal de Pasto \/ Foto: Jennifer Rueda. \u00abLa injusticia e inhumanidad crece en los pa\u00edses industrializados, la globalizaci\u00f3n de la econom\u00eda lleva claramente a la falta de solidaridad de nuestras sociedades. La teolog\u00eda de la liberaci\u00f3n en Latinoam\u00e9rica es la primera alternativa contra el capitalismo. La mercantilizaci\u00f3n global de todas [&hellip;]<\/p>\n","protected":false},"author":5,"featured_media":23768,"comment_status":"closed","ping_status":"closed","sticky":true,"template":"","format":"standard","meta":{"_et_pb_use_builder":"","_et_pb_old_content":"","_et_gb_content_width":"","footnotes":""},"categories":[638,634,633],"tags":[],"class_list":["post-23766","post","type-post","status-publish","format-standard","has-post-thumbnail","hentry","category-conflictos","category-construccion-de-paz","category-opinion"],"_links":{"self":[{"href":"https:\/\/arcoiris.com.co\/v3\/wp-json\/wp\/v2\/posts\/23766","targetHints":{"allow":["GET"]}}],"collection":[{"href":"https:\/\/arcoiris.com.co\/v3\/wp-json\/wp\/v2\/posts"}],"about":[{"href":"https:\/\/arcoiris.com.co\/v3\/wp-json\/wp\/v2\/types\/post"}],"author":[{"embeddable":true,"href":"https:\/\/arcoiris.com.co\/v3\/wp-json\/wp\/v2\/users\/5"}],"replies":[{"embeddable":true,"href":"https:\/\/arcoiris.com.co\/v3\/wp-json\/wp\/v2\/comments?post=23766"}],"version-history":[{"count":0,"href":"https:\/\/arcoiris.com.co\/v3\/wp-json\/wp\/v2\/posts\/23766\/revisions"}],"wp:featuredmedia":[{"embeddable":true,"href":"https:\/\/arcoiris.com.co\/v3\/wp-json\/wp\/v2\/media\/23768"}],"wp:attachment":[{"href":"https:\/\/arcoiris.com.co\/v3\/wp-json\/wp\/v2\/media?parent=23766"}],"wp:term":[{"taxonomy":"category","embeddable":true,"href":"https:\/\/arcoiris.com.co\/v3\/wp-json\/wp\/v2\/categories?post=23766"},{"taxonomy":"post_tag","embeddable":true,"href":"https:\/\/arcoiris.com.co\/v3\/wp-json\/wp\/v2\/tags?post=23766"}],"curies":[{"name":"wp","href":"https:\/\/api.w.org\/{rel}","templated":true}]}}