{"id":23770,"date":"2020-07-25T18:41:54","date_gmt":"2020-07-25T23:41:54","guid":{"rendered":"https:\/\/arcoiris.com.co\/v3\/?p=23770"},"modified":"2020-07-25T18:41:56","modified_gmt":"2020-07-25T23:41:56","slug":"la-vieja-esa","status":"publish","type":"post","link":"https:\/\/arcoiris.com.co\/v3\/2020\/07\/la-vieja-esa\/","title":{"rendered":"\u201cLa vieja esa\u201d"},"content":{"rendered":"\n<p>Por Harold Ruiz Moreno \/ Ilustraci\u00f3n Pacifista.co<\/p>\n\n\n\n<p>\u201cHay hombres que luchan un d\u00eda y son buenos. Hay otros que luchan un a\u00f1o y son mejores. Hay quienes luchan muchos a\u00f1os, y son muy buenos. Pero los hay que luchan toda la vida: esos son los imprescindibles\u201d (Bertolt Brecht).<\/p>\n\n\n\n<p>Una \u00a0mujer de baja estatura, con voz contundente, de gran inteligencia, capacidad y entrega total al servicio de lo p\u00fablico, enamorada de la vida de los trabajadores, fiel siempre a las ideas comunistas, militante de la izquierda democr\u00e1tica, valiente y luchando toda su vida por la libertad y la justicia social, hecha a pulso y con un recorrido que envidiar\u00eda un se\u00f1or como el presidente Iv\u00e1n Duque Marqu\u00e9s, quien irrespet\u00f3 a una mujer aguerrida que tiene una hoja de vida que es pertinente conocer.<\/p>\n\n\n\n<p>Siendo muy joven inici\u00f3 su larga carrera como profesora de escuela, <strong>A\u00cdDA YOLANDA AVELLA ESQUIVEL<\/strong> naci\u00f3 en 1949 en Sogamoso (Boyac\u00e1), en una familia liberal liderada por su abuelo y ex alcalde del pueblo Efra\u00edn Avella. Tras graduarse de psic\u00f3loga en la Universidad Nacional, entr\u00f3 a trabajar al Ministerio de Educaci\u00f3n y se vincul\u00f3 con el mundo sindical. Ingres\u00f3 como l\u00edder del sindicato de los trabajadores de la educaci\u00f3n, SINTRENAL, lleg\u00f3 a la presidencia del sindicato a nivel nacional y salt\u00f3 a presidir la federaci\u00f3n nacional de los sindicatos de los trabajadores del estado, FENALTRASE de la que tambi\u00e9n fue su presidenta.<\/p>\n\n\n\n<p>En los a\u00f1os ochenta se vincul\u00f3 al Partido Comunista y luego a la UP, el partido que naci\u00f3 de las fallidas negociaciones entre el Gobierno y las Farc en el gobierno en los a\u00f1os ochenta, pero continu\u00f3 trabajando como l\u00edder sindical y lleg\u00f3 al comit\u00e9 ejecutivo de la Central Unitaria de Trabajadores (CUT), la mayor central sindical del pa\u00eds.<\/p>\n\n\n\n<p>En 1991 lleg\u00f3 a la Asamblea Nacional Constituyente, elegida en la misma lista con el ex Canciller conservador Alfredo V\u00e1zquez Carrizosa. Presidi\u00f3 la Constituyente durante su primer mes de vida de la misma y estuvo en la Comisi\u00f3n Primera, donde trabaj\u00f3 sobre todo temas de derechos humanos y el rol de los militares.<\/p>\n\n\n\n<p>Ese mismo a\u00f1o asumi\u00f3 la direcci\u00f3n de la Uni\u00f3n Patri\u00f3tica, justo durante su \u00e9poca m\u00e1s \u00e1lgida y meses despu\u00e9s de que fuera asesinado su candidato presidencial Bernardo Jaramillo Ossa, y cuando ya hab\u00edan sido asesinados unos cinco &nbsp;mil militantes de ese partido.<\/p>\n\n\n\n<p>Fue concejal de Bogot\u00e1 durante dos per\u00edodos despu\u00e9s de la Constituyente y con la segunda mayor votaci\u00f3n. Estuvo en el Concejo hasta que el 7 de mayo de 1996 escap\u00f3 ilesa de un atentado con una bazuca en plena Autopista Norte, tras lo cual abandon\u00f3 el pa\u00eds. Durante los siguientes 17 a\u00f1os vivi\u00f3 en Ginebra (Suiza) y se dedic\u00f3 a apoyar los reclamos y pleitos del sindicalismo en organismos como la Organizaci\u00f3n Internacional del Trabajo, gracias a sus v\u00ednculos con la Federaci\u00f3n Sindical Mundial (FSM).<\/p>\n\n\n\n<p>Regres\u00f3 al pa\u00eds en noviembre de 2013, para asistir al congreso de la Uni\u00f3n Patri\u00f3tica, que hab\u00eda sido resucitada seis meses antes por un fallo del Consejo de Estado que reconoci\u00f3 que si el partido hab\u00eda perdido la personer\u00eda jur\u00eddica, hab\u00eda sido por no tener f\u00edsicamente candidatos. En ese congreso, la UP design\u00f3 a &nbsp;<strong>AIDA AVELLA<\/strong> como su candidata presidencial. Hizo campa\u00f1a durante tres meses hasta que, a solo un d\u00eda para que se venciera el plazo para inscribir candidaturas, la UP y el Polo Democr\u00e1tico llegaron a un acuerdo program\u00e1tico que convirti\u00f3 a Avella en la f\u00f3rmula de Clara L\u00f3pez. Al final obtuvieron casi 2 millones de votos, quedando en en el cuarto lugar de esa competencia por llegar a la Presidencia de la Rep\u00fablica.<\/p>\n\n\n\n<p>En 2018 se lanz\u00f3 al Senado como parte de la Lista de la Decencia, integrada por su partido UP, por Colombia Humana de Gustavo Petro, el Ma\u00edz y la ASI. Sali\u00f3 elegida con 57 mil votos, la segunda votaci\u00f3n m\u00e1s alta de la lista despu\u00e9s de la del senador Gustavo Bol\u00edvar, y hoy es una de las senadoras m\u00e1s brillantes del Congreso del pa\u00eds.<\/p>\n\n\n\n<p>Esta larga vida de entrega a la naci\u00f3n de la Senadora <strong>AIDA AVELLA ESQUIVEL<\/strong> es el fiel testimonio de la verraquera de la mujer colombiana, en un pa\u00eds machista, violento, \u00a0donde la mujer ha sido un trofeo de guerra, donde la violencia sexual, el feminicidio y frases agresivas como la pronunciada por el presidente de la Rep\u00fablica, son la muestra de lo que han tenido que padecer la mujer.<\/p>\n\n\n\n<p>Hoy el pa\u00eds entero rodea a la senadora <strong>AIDA AVELLA<\/strong> y le reconoce su entrega y dedicaci\u00f3n a la defensa de la mujer, los trabajadores, los sectores m\u00e1s necesitados y la democracia de la naci\u00f3n, y rechaza de manera contundente el agravio de quien deber\u00eda respetar a la mujer, pero se demuestra\u00a0 que\u00a0 el presidente Iv\u00e1n Duque desprecia a la oposici\u00f3n. En su\u00a0 gobierno volvieron las masacres, los asesinatos\u00a0 de m\u00e1s\u00a0 de 700 l\u00edderes sociales, 271 firmantes de la paz, perfilamientos y persecuci\u00f3n a la oposici\u00f3n.<\/p>\n\n\n\n<p><\/p>\n","protected":false},"excerpt":{"rendered":"<p>Por Harold Ruiz Moreno \/ Ilustraci\u00f3n Pacifista.co \u201cHay hombres que luchan un d\u00eda y son buenos. Hay otros que luchan un a\u00f1o y son mejores. Hay quienes luchan muchos a\u00f1os, y son muy buenos. Pero los hay que luchan toda la vida: esos son los imprescindibles\u201d (Bertolt Brecht). Una \u00a0mujer de baja estatura, con voz [&hellip;]<\/p>\n","protected":false},"author":5,"featured_media":23771,"comment_status":"closed","ping_status":"closed","sticky":true,"template":"","format":"standard","meta":{"_et_pb_use_builder":"","_et_pb_old_content":"","_et_gb_content_width":"","footnotes":""},"categories":[633,15],"tags":[],"class_list":["post-23770","post","type-post","status-publish","format-standard","has-post-thumbnail","hentry","category-opinion","category-politica"],"_links":{"self":[{"href":"https:\/\/arcoiris.com.co\/v3\/wp-json\/wp\/v2\/posts\/23770","targetHints":{"allow":["GET"]}}],"collection":[{"href":"https:\/\/arcoiris.com.co\/v3\/wp-json\/wp\/v2\/posts"}],"about":[{"href":"https:\/\/arcoiris.com.co\/v3\/wp-json\/wp\/v2\/types\/post"}],"author":[{"embeddable":true,"href":"https:\/\/arcoiris.com.co\/v3\/wp-json\/wp\/v2\/users\/5"}],"replies":[{"embeddable":true,"href":"https:\/\/arcoiris.com.co\/v3\/wp-json\/wp\/v2\/comments?post=23770"}],"version-history":[{"count":0,"href":"https:\/\/arcoiris.com.co\/v3\/wp-json\/wp\/v2\/posts\/23770\/revisions"}],"wp:featuredmedia":[{"embeddable":true,"href":"https:\/\/arcoiris.com.co\/v3\/wp-json\/wp\/v2\/media\/23771"}],"wp:attachment":[{"href":"https:\/\/arcoiris.com.co\/v3\/wp-json\/wp\/v2\/media?parent=23770"}],"wp:term":[{"taxonomy":"category","embeddable":true,"href":"https:\/\/arcoiris.com.co\/v3\/wp-json\/wp\/v2\/categories?post=23770"},{"taxonomy":"post_tag","embeddable":true,"href":"https:\/\/arcoiris.com.co\/v3\/wp-json\/wp\/v2\/tags?post=23770"}],"curies":[{"name":"wp","href":"https:\/\/api.w.org\/{rel}","templated":true}]}}