{"id":23772,"date":"2020-07-25T19:34:45","date_gmt":"2020-07-26T00:34:45","guid":{"rendered":"https:\/\/arcoiris.com.co\/v3\/?p=23772"},"modified":"2020-07-25T22:51:20","modified_gmt":"2020-07-26T03:51:20","slug":"de-ituango-a-mutata-fotoreportaje-de-un-desplazamiento-forzado","status":"publish","type":"post","link":"https:\/\/arcoiris.com.co\/v3\/2020\/07\/de-ituango-a-mutata-fotoreportaje-de-un-desplazamiento-forzado\/","title":{"rendered":"De Ituango a Mutat\u00e1: fotoreportaje de un desplazamiento forzado."},"content":{"rendered":"\n<p>Por AMA<\/p>\n\n\n\n<p>Son m\u00e1s de 20 n\u00facleos familiares que suman cerca de 100 personas huyendo despavoridos de una guerra a la que renunciaron para apostarle a la construcci\u00f3n de paz.<\/p>\n\n\n\n<figure class=\"wp-block-image size-large\"><img loading=\"lazy\" decoding=\"async\" width=\"640\" height=\"427\" src=\"https:\/\/arcoiris.com.co\/v3\/wp-content\/uploads\/2020\/07\/8-640x427.jpeg\" alt=\"\" class=\"wp-image-23773\" srcset=\"https:\/\/arcoiris.com.co\/v3\/wp-content\/uploads\/2020\/07\/8-640x427.jpeg 640w, https:\/\/arcoiris.com.co\/v3\/wp-content\/uploads\/2020\/07\/8-300x200.jpeg 300w, https:\/\/arcoiris.com.co\/v3\/wp-content\/uploads\/2020\/07\/8-768x512.jpeg 768w, https:\/\/arcoiris.com.co\/v3\/wp-content\/uploads\/2020\/07\/8-scaled.jpeg 1250w\" sizes=\"(max-width: 640px) 100vw, 640px\" \/><figcaption><sub><em>Las familias viajar\u00edan cerca de 20 horas desde Santa Luc\u00eda &#8211; Ituango hasta Mutat\u00e1. La incertidumbre reinaba en el ambiente porque la mayor\u00eda de personas eran oriundas de la zona. <\/em><\/sub><\/figcaption><\/figure>\n\n\n\n<figure class=\"wp-block-image size-large\"><img loading=\"lazy\" decoding=\"async\" width=\"640\" height=\"427\" src=\"https:\/\/arcoiris.com.co\/v3\/wp-content\/uploads\/2020\/07\/2d917698-0738-4bf2-9c22-f61916d4e123-640x427.jpeg\" alt=\"\" class=\"wp-image-23774\" srcset=\"https:\/\/arcoiris.com.co\/v3\/wp-content\/uploads\/2020\/07\/2d917698-0738-4bf2-9c22-f61916d4e123-640x427.jpeg 640w, https:\/\/arcoiris.com.co\/v3\/wp-content\/uploads\/2020\/07\/2d917698-0738-4bf2-9c22-f61916d4e123-300x200.jpeg 300w, https:\/\/arcoiris.com.co\/v3\/wp-content\/uploads\/2020\/07\/2d917698-0738-4bf2-9c22-f61916d4e123-768x512.jpeg 768w, https:\/\/arcoiris.com.co\/v3\/wp-content\/uploads\/2020\/07\/2d917698-0738-4bf2-9c22-f61916d4e123-scaled.jpeg 1250w\" sizes=\"(max-width: 640px) 100vw, 640px\" \/><figcaption><sub><em>\u00c9l es Helmer Arrieta del partido Farc y ex integrante del frente 18 de la extinta guerrilla. Su hijo Manuel Gonz\u00e1lez fue asesinado en el ETCR a finales del 2019, tambi\u00e9n era excombatiente en proceso de reincorporaci\u00f3n.<\/em><\/sub><\/figcaption><\/figure>\n\n\n\n<p>Sin embargo, con el empe\u00f1o que tiene el campesino y el arraigo propio en un territorio que fue un basti\u00f3n para el Frente 18 que all\u00ed oper\u00f3, los excombatientes siguieron trabajando en sus proyectos productivos, siendo el del Caf\u00e9 Paramillo el m\u00e1s visible.<\/p>\n\n\n\n<figure class=\"wp-block-image size-large\"><img loading=\"lazy\" decoding=\"async\" width=\"640\" height=\"427\" src=\"https:\/\/arcoiris.com.co\/v3\/wp-content\/uploads\/2020\/07\/6aa46e91-8303-4639-9eeb-7f174437ff88-640x427.jpeg\" alt=\"\" class=\"wp-image-23775\" srcset=\"https:\/\/arcoiris.com.co\/v3\/wp-content\/uploads\/2020\/07\/6aa46e91-8303-4639-9eeb-7f174437ff88-640x427.jpeg 640w, https:\/\/arcoiris.com.co\/v3\/wp-content\/uploads\/2020\/07\/6aa46e91-8303-4639-9eeb-7f174437ff88-300x200.jpeg 300w, https:\/\/arcoiris.com.co\/v3\/wp-content\/uploads\/2020\/07\/6aa46e91-8303-4639-9eeb-7f174437ff88-768x512.jpeg 768w, https:\/\/arcoiris.com.co\/v3\/wp-content\/uploads\/2020\/07\/6aa46e91-8303-4639-9eeb-7f174437ff88-scaled.jpeg 1250w\" sizes=\"(max-width: 640px) 100vw, 640px\" \/><figcaption><sub><em>Las familias vivieron este \u00abtraslado\u00bb como un desarraigo al tener que dejar su tierra y reiniciar sus iniciativas productivas.<\/em><\/sub><\/figcaption><\/figure>\n\n\n\n<p>Desde el lunes 12 de julio comenz\u00f3 el acompa\u00f1amiento desde Medell\u00edn para la faena del traslado. Ser\u00edan 20 horas de ruta, adem\u00e1s porque desde el gobierno se decidi\u00f3 tomar la ruta de la leche, poniendo, literalmente, m\u00e1s piedras en el camino. El tira y afloje con el gobierno atraves\u00f3 el proceso de traslado desde el principio.<\/p>\n\n\n\n<figure class=\"wp-block-image size-large\"><img loading=\"lazy\" decoding=\"async\" width=\"640\" height=\"382\" src=\"https:\/\/arcoiris.com.co\/v3\/wp-content\/uploads\/2020\/07\/4c6f2db1-969b-468d-9101-163597ffedcf-640x382.jpeg\" alt=\"\" class=\"wp-image-23776\" srcset=\"https:\/\/arcoiris.com.co\/v3\/wp-content\/uploads\/2020\/07\/4c6f2db1-969b-468d-9101-163597ffedcf-640x382.jpeg 640w, https:\/\/arcoiris.com.co\/v3\/wp-content\/uploads\/2020\/07\/4c6f2db1-969b-468d-9101-163597ffedcf-300x179.jpeg 300w, https:\/\/arcoiris.com.co\/v3\/wp-content\/uploads\/2020\/07\/4c6f2db1-969b-468d-9101-163597ffedcf-768x458.jpeg 768w, https:\/\/arcoiris.com.co\/v3\/wp-content\/uploads\/2020\/07\/4c6f2db1-969b-468d-9101-163597ffedcf-scaled.jpeg 1250w\" sizes=\"(max-width: 640px) 100vw, 640px\" \/><figcaption><sub><em>En Chivas y buses se logr\u00f3 hacer el traslado, las condiciones del viaje fueron \u00e9picas pues las estaciones para descansar eran pocas.<\/em><\/sub><\/figcaption><\/figure>\n\n\n\n<p class=\"has-text-align-right\">En varios momentos desde el partido Farc se ha denunciado la falta de garant\u00edas para la reincorporaci\u00f3n en el ETCR Rom\u00e1n Ruiz de la vereda Santa Luc\u00eda, Ituango. \u201cEn esa zona el Estado no tiene el monopolio de la fuerza\u201d, dice Marcos Urbano, excombatiente del noveno frente de las Farc-EP. <\/p>\n\n\n\n<p>Ante el caos y la forma de mover a la gente sin estaciones, al bulto que es como el Estado trata a los campesinos, un excombatiente del ETCR denunci\u00f3 el maltrato, la improvisaci\u00f3n y la falta de sentido com\u00fan de parte del gobierno para garantizar el traslado en condiciones dignas.<\/p>\n\n\n\n<figure class=\"wp-block-image size-large\"><img loading=\"lazy\" decoding=\"async\" width=\"640\" height=\"428\" src=\"https:\/\/arcoiris.com.co\/v3\/wp-content\/uploads\/2020\/07\/postal-640x428.jpeg\" alt=\"\" class=\"wp-image-23777\" srcset=\"https:\/\/arcoiris.com.co\/v3\/wp-content\/uploads\/2020\/07\/postal-640x428.jpeg 640w, https:\/\/arcoiris.com.co\/v3\/wp-content\/uploads\/2020\/07\/postal-300x201.jpeg 300w, https:\/\/arcoiris.com.co\/v3\/wp-content\/uploads\/2020\/07\/postal-768x514.jpeg 768w, https:\/\/arcoiris.com.co\/v3\/wp-content\/uploads\/2020\/07\/postal-scaled.jpeg 1250w\" sizes=\"(max-width: 640px) 100vw, 640px\" \/><figcaption><sub><em>En Santa Luc\u00eda queda la semilla de la paz y el proyecto productivo de caf\u00e9 y de internet.<\/em><\/sub><\/figcaption><\/figure>\n\n\n\n<figure class=\"wp-block-image size-large\"><img loading=\"lazy\" decoding=\"async\" width=\"640\" height=\"427\" src=\"https:\/\/arcoiris.com.co\/v3\/wp-content\/uploads\/2020\/07\/7-640x427.jpeg\" alt=\"\" class=\"wp-image-23778\" srcset=\"https:\/\/arcoiris.com.co\/v3\/wp-content\/uploads\/2020\/07\/7-640x427.jpeg 640w, https:\/\/arcoiris.com.co\/v3\/wp-content\/uploads\/2020\/07\/7-300x200.jpeg 300w, https:\/\/arcoiris.com.co\/v3\/wp-content\/uploads\/2020\/07\/7-768x512.jpeg 768w, https:\/\/arcoiris.com.co\/v3\/wp-content\/uploads\/2020\/07\/7-scaled.jpeg 1250w\" sizes=\"(max-width: 640px) 100vw, 640px\" \/><figcaption><em><sub>\u201cNo es f\u00e1cil mover del Nudo de Paramillo hacia los l\u00edmites con el mar unos 17 camiones, cuatro buses escaleras y buses, esquemas de seguridad y 100 personas con sus decenas de animales, enseres, plantas, cosecha, maquinaria e iniciativas productivas\u201d<\/sub>.<\/em><\/figcaption><\/figure>\n\n\n\n<p>La zona de Santa Luc\u00eda est\u00e1 siendo disputada por grupos ilegales como disidencias, autodefensas y \u201cCaparros\u201d que han amenazado, asesinado y sentenciado a quienes cumplen el Acuerdo de Paz. Les exigen desocupar el Espacio Territorial. <\/p>\n\n\n\n<figure class=\"wp-block-image size-large is-resized\"><img loading=\"lazy\" decoding=\"async\" src=\"https:\/\/arcoiris.com.co\/v3\/wp-content\/uploads\/2020\/07\/cf5cd1ae-bf26-4f8e-9dc6-23ffc1657c2f-640x427.jpeg\" alt=\"\" class=\"wp-image-23793\" width=\"621\" height=\"413\" srcset=\"https:\/\/arcoiris.com.co\/v3\/wp-content\/uploads\/2020\/07\/cf5cd1ae-bf26-4f8e-9dc6-23ffc1657c2f-640x427.jpeg 640w, https:\/\/arcoiris.com.co\/v3\/wp-content\/uploads\/2020\/07\/cf5cd1ae-bf26-4f8e-9dc6-23ffc1657c2f-300x200.jpeg 300w, https:\/\/arcoiris.com.co\/v3\/wp-content\/uploads\/2020\/07\/cf5cd1ae-bf26-4f8e-9dc6-23ffc1657c2f-768x512.jpeg 768w, https:\/\/arcoiris.com.co\/v3\/wp-content\/uploads\/2020\/07\/cf5cd1ae-bf26-4f8e-9dc6-23ffc1657c2f-scaled.jpeg 1250w\" sizes=\"(max-width: 621px) 100vw, 621px\" \/><figcaption><em><sub>Con la casa al hombro<\/sub><\/em><\/figcaption><\/figure>\n\n\n\n<p>Desde el ETCR de Santa Luc\u00eda en los \u00faltimos tres a\u00f1os han puesto catorce muertos, entre ellos dos menores. Sus viudas y hu\u00e9rfanos hacen parte del grupo que se desplazan. Adicinalmente unos ochenta desplazamientos individuales se dieron previ a esta decisi\u00f3n, tras los homicidios y amenazas continuas.\u00a0<\/p>\n\n\n\n<figure class=\"wp-block-image size-large\"><img loading=\"lazy\" decoding=\"async\" width=\"640\" height=\"427\" src=\"https:\/\/arcoiris.com.co\/v3\/wp-content\/uploads\/2020\/07\/5-640x427.jpeg\" alt=\"\" class=\"wp-image-23779\" srcset=\"https:\/\/arcoiris.com.co\/v3\/wp-content\/uploads\/2020\/07\/5-640x427.jpeg 640w, https:\/\/arcoiris.com.co\/v3\/wp-content\/uploads\/2020\/07\/5-300x200.jpeg 300w, https:\/\/arcoiris.com.co\/v3\/wp-content\/uploads\/2020\/07\/5-768x512.jpeg 768w, https:\/\/arcoiris.com.co\/v3\/wp-content\/uploads\/2020\/07\/5-scaled.jpeg 1250w\" sizes=\"(max-width: 640px) 100vw, 640px\" \/><figcaption><em><sub>Este ETCR est\u00e1 ubicado en el Nudo del Paramillo que conecta con C\u00f3rdoba y Urab\u00e1 y es un corredor<\/sub> <sub>estrat\u00e9gico de coca\u00edna. La zona est\u00e1 en disputa por varios grupos armados y a ello se le suma el poco acompa\u00f1amiento o abandono institucional frente al proceso de reincorporaci\u00f3n con garant\u00edas dignas.<\/sub><\/em><\/figcaption><\/figure>\n\n\n\n<p>En el \u00faltimo a\u00f1o y medio la Defensor\u00eda del Pueblo emiti\u00f3 dos alertas tempranas para Ituango por la grave situaci\u00f3n de derechos humanos que enfrenta la poblaci\u00f3n civil, entre ellos los ex combatientes, dada la arremetida de grupos armados ilegales y la disputa armada&nbsp;por el territorio. A inicios de a\u00f1o, m\u00e1s de 300 campesinos se desplazaron de diversas veredas al casco urbano de Ituango. M\u00e1s de 20 familias han sido desplazadas individualmente del ETCR de Santa Luc\u00eda. Ahora se configura un desplazamiento forzado, a la luz de DIH, al darse la expulsi\u00f3n por la fuerza y la violencia directa de un grupo de personas civiles, que no participan de las hostilidades.&nbsp;<\/p>\n\n\n\n<figure class=\"wp-block-image size-large\"><img loading=\"lazy\" decoding=\"async\" width=\"495\" height=\"640\" src=\"https:\/\/arcoiris.com.co\/v3\/wp-content\/uploads\/2020\/07\/I3-495x640.jpeg\" alt=\"\" class=\"wp-image-23780\" srcset=\"https:\/\/arcoiris.com.co\/v3\/wp-content\/uploads\/2020\/07\/I3-495x640.jpeg 495w, https:\/\/arcoiris.com.co\/v3\/wp-content\/uploads\/2020\/07\/I3-232x300.jpeg 232w, https:\/\/arcoiris.com.co\/v3\/wp-content\/uploads\/2020\/07\/I3-768x994.jpeg 768w, https:\/\/arcoiris.com.co\/v3\/wp-content\/uploads\/2020\/07\/I3-scaled.jpeg 657w\" sizes=\"(max-width: 495px) 100vw, 495px\" \/><figcaption><sub><em>Las ni\u00f1as del campo con la sonrisa a flor de piel en medio de las adversidades.<\/em><\/sub><\/figcaption><\/figure>\n\n\n\n<figure class=\"wp-block-image size-large\"><img loading=\"lazy\" decoding=\"async\" width=\"640\" height=\"427\" src=\"https:\/\/arcoiris.com.co\/v3\/wp-content\/uploads\/2020\/07\/WhatsApp-Image-2020-07-17-at-8.05.43-PM-8-640x427.jpeg\" alt=\"\" class=\"wp-image-23782\" srcset=\"https:\/\/arcoiris.com.co\/v3\/wp-content\/uploads\/2020\/07\/WhatsApp-Image-2020-07-17-at-8.05.43-PM-8-640x427.jpeg 640w, https:\/\/arcoiris.com.co\/v3\/wp-content\/uploads\/2020\/07\/WhatsApp-Image-2020-07-17-at-8.05.43-PM-8-300x200.jpeg 300w, https:\/\/arcoiris.com.co\/v3\/wp-content\/uploads\/2020\/07\/WhatsApp-Image-2020-07-17-at-8.05.43-PM-8-768x512.jpeg 768w, https:\/\/arcoiris.com.co\/v3\/wp-content\/uploads\/2020\/07\/WhatsApp-Image-2020-07-17-at-8.05.43-PM-8-scaled.jpeg 1250w\" sizes=\"(max-width: 640px) 100vw, 640px\" \/><figcaption><sub>La relaci\u00f3n con la fuerza p\u00fablica es formal pero se sabe de su inoperancia en el territorio y su pol\u00edtica de brazos <em>ca\u00eddos.<\/em><\/sub><\/figcaption><\/figure>\n\n\n\n<figure class=\"wp-block-image size-large\"><img loading=\"lazy\" decoding=\"async\" width=\"640\" height=\"427\" src=\"https:\/\/arcoiris.com.co\/v3\/wp-content\/uploads\/2020\/07\/3102f5f3-3c2b-418e-afde-8c3f154c1ae5-640x427.jpeg\" alt=\"\" class=\"wp-image-23783\" srcset=\"https:\/\/arcoiris.com.co\/v3\/wp-content\/uploads\/2020\/07\/3102f5f3-3c2b-418e-afde-8c3f154c1ae5-640x427.jpeg 640w, https:\/\/arcoiris.com.co\/v3\/wp-content\/uploads\/2020\/07\/3102f5f3-3c2b-418e-afde-8c3f154c1ae5-300x200.jpeg 300w, https:\/\/arcoiris.com.co\/v3\/wp-content\/uploads\/2020\/07\/3102f5f3-3c2b-418e-afde-8c3f154c1ae5-768x512.jpeg 768w, https:\/\/arcoiris.com.co\/v3\/wp-content\/uploads\/2020\/07\/3102f5f3-3c2b-418e-afde-8c3f154c1ae5-scaled.jpeg 1250w\" sizes=\"(max-width: 640px) 100vw, 640px\" \/><figcaption><sub><em>Desolado queda el ETCR Rom\u00e1n Ruiz luego de tener que abandonar el territorio por falta de garant\u00edas para la vida. 12 excombatientes fueron asesinados all\u00ed impunemente.<\/em><\/sub><\/figcaption><\/figure>\n\n\n\n<figure class=\"wp-block-image size-large\"><img loading=\"lazy\" decoding=\"async\" width=\"640\" height=\"427\" src=\"https:\/\/arcoiris.com.co\/v3\/wp-content\/uploads\/2020\/07\/99026866-364c-4ede-b4c4-84a1c20dfc3e-640x427.jpeg\" alt=\"\" class=\"wp-image-23784\" srcset=\"https:\/\/arcoiris.com.co\/v3\/wp-content\/uploads\/2020\/07\/99026866-364c-4ede-b4c4-84a1c20dfc3e-640x427.jpeg 640w, https:\/\/arcoiris.com.co\/v3\/wp-content\/uploads\/2020\/07\/99026866-364c-4ede-b4c4-84a1c20dfc3e-300x200.jpeg 300w, https:\/\/arcoiris.com.co\/v3\/wp-content\/uploads\/2020\/07\/99026866-364c-4ede-b4c4-84a1c20dfc3e-768x512.jpeg 768w, https:\/\/arcoiris.com.co\/v3\/wp-content\/uploads\/2020\/07\/99026866-364c-4ede-b4c4-84a1c20dfc3e-scaled.jpeg 1250w\" sizes=\"(max-width: 640px) 100vw, 640px\" \/><figcaption><sub><em>Desmontando la casita para buscar mejor futuro: \u00abque la paz no nos cueste le vida\u00bb.<\/em><\/sub><\/figcaption><\/figure>\n\n\n\n<figure class=\"wp-block-image size-large\"><img loading=\"lazy\" decoding=\"async\" width=\"640\" height=\"427\" src=\"https:\/\/arcoiris.com.co\/v3\/wp-content\/uploads\/2020\/07\/c-640x427.jpeg\" alt=\"\" class=\"wp-image-23785\" srcset=\"https:\/\/arcoiris.com.co\/v3\/wp-content\/uploads\/2020\/07\/c-640x427.jpeg 640w, https:\/\/arcoiris.com.co\/v3\/wp-content\/uploads\/2020\/07\/c-300x200.jpeg 300w, https:\/\/arcoiris.com.co\/v3\/wp-content\/uploads\/2020\/07\/c-768x512.jpeg 768w, https:\/\/arcoiris.com.co\/v3\/wp-content\/uploads\/2020\/07\/c-scaled.jpeg 1250w\" sizes=\"(max-width: 640px) 100vw, 640px\" \/><figcaption><sub><em>Incertidumbre la de los firmantes de la paz por por tener que abandonar forzadamente sus tierras.<\/em><\/sub><\/figcaption><\/figure>\n\n\n\n<figure class=\"wp-block-image size-large\"><img loading=\"lazy\" decoding=\"async\" width=\"640\" height=\"360\" src=\"https:\/\/arcoiris.com.co\/v3\/wp-content\/uploads\/2020\/07\/f44767ce-c0be-4e1c-b2d3-951c300ed5c1-640x360.jpeg\" alt=\"\" class=\"wp-image-23786\" srcset=\"https:\/\/arcoiris.com.co\/v3\/wp-content\/uploads\/2020\/07\/f44767ce-c0be-4e1c-b2d3-951c300ed5c1-640x360.jpeg 640w, https:\/\/arcoiris.com.co\/v3\/wp-content\/uploads\/2020\/07\/f44767ce-c0be-4e1c-b2d3-951c300ed5c1-300x169.jpeg 300w, https:\/\/arcoiris.com.co\/v3\/wp-content\/uploads\/2020\/07\/f44767ce-c0be-4e1c-b2d3-951c300ed5c1-768x432.jpeg 768w, https:\/\/arcoiris.com.co\/v3\/wp-content\/uploads\/2020\/07\/f44767ce-c0be-4e1c-b2d3-951c300ed5c1-scaled.jpeg 1250w\" sizes=\"(max-width: 640px) 100vw, 640px\" \/><\/figure>\n\n\n\n<figure class=\"wp-block-image size-large\"><img loading=\"lazy\" decoding=\"async\" width=\"640\" height=\"359\" src=\"https:\/\/arcoiris.com.co\/v3\/wp-content\/uploads\/2020\/07\/I2-640x359.jpeg\" alt=\"\" class=\"wp-image-23787\" srcset=\"https:\/\/arcoiris.com.co\/v3\/wp-content\/uploads\/2020\/07\/I2-640x359.jpeg 640w, https:\/\/arcoiris.com.co\/v3\/wp-content\/uploads\/2020\/07\/I2-300x168.jpeg 300w, https:\/\/arcoiris.com.co\/v3\/wp-content\/uploads\/2020\/07\/I2-768x431.jpeg 768w, https:\/\/arcoiris.com.co\/v3\/wp-content\/uploads\/2020\/07\/I2-scaled.jpeg 1250w\" sizes=\"(max-width: 640px) 100vw, 640px\" \/><\/figure>\n\n\n\n<figure class=\"wp-block-image size-large\"><img loading=\"lazy\" decoding=\"async\" width=\"640\" height=\"427\" src=\"https:\/\/arcoiris.com.co\/v3\/wp-content\/uploads\/2020\/07\/WhatsApp-Image-2020-07-17-at-8.07.58-PM-640x427.jpeg\" alt=\"\" class=\"wp-image-23788\" srcset=\"https:\/\/arcoiris.com.co\/v3\/wp-content\/uploads\/2020\/07\/WhatsApp-Image-2020-07-17-at-8.07.58-PM-640x427.jpeg 640w, https:\/\/arcoiris.com.co\/v3\/wp-content\/uploads\/2020\/07\/WhatsApp-Image-2020-07-17-at-8.07.58-PM-300x200.jpeg 300w, https:\/\/arcoiris.com.co\/v3\/wp-content\/uploads\/2020\/07\/WhatsApp-Image-2020-07-17-at-8.07.58-PM-768x512.jpeg 768w, https:\/\/arcoiris.com.co\/v3\/wp-content\/uploads\/2020\/07\/WhatsApp-Image-2020-07-17-at-8.07.58-PM-scaled.jpeg 1250w\" sizes=\"(max-width: 640px) 100vw, 640px\" \/><\/figure>\n","protected":false},"excerpt":{"rendered":"<p>Por AMA Son m\u00e1s de 20 n\u00facleos familiares que suman cerca de 100 personas huyendo despavoridos de una guerra a la que renunciaron para apostarle a la construcci\u00f3n de paz. Sin embargo, con el empe\u00f1o que tiene el campesino y el arraigo propio en un territorio que fue un basti\u00f3n para el Frente 18 que [&hellip;]<\/p>\n","protected":false},"author":5,"featured_media":23789,"comment_status":"closed","ping_status":"closed","sticky":true,"template":"","format":"standard","meta":{"_et_pb_use_builder":"","_et_pb_old_content":"","_et_gb_content_width":"","footnotes":""},"categories":[638,634,633],"tags":[],"class_list":["post-23772","post","type-post","status-publish","format-standard","has-post-thumbnail","hentry","category-conflictos","category-construccion-de-paz","category-opinion"],"_links":{"self":[{"href":"https:\/\/arcoiris.com.co\/v3\/wp-json\/wp\/v2\/posts\/23772","targetHints":{"allow":["GET"]}}],"collection":[{"href":"https:\/\/arcoiris.com.co\/v3\/wp-json\/wp\/v2\/posts"}],"about":[{"href":"https:\/\/arcoiris.com.co\/v3\/wp-json\/wp\/v2\/types\/post"}],"author":[{"embeddable":true,"href":"https:\/\/arcoiris.com.co\/v3\/wp-json\/wp\/v2\/users\/5"}],"replies":[{"embeddable":true,"href":"https:\/\/arcoiris.com.co\/v3\/wp-json\/wp\/v2\/comments?post=23772"}],"version-history":[{"count":0,"href":"https:\/\/arcoiris.com.co\/v3\/wp-json\/wp\/v2\/posts\/23772\/revisions"}],"wp:featuredmedia":[{"embeddable":true,"href":"https:\/\/arcoiris.com.co\/v3\/wp-json\/wp\/v2\/media\/23789"}],"wp:attachment":[{"href":"https:\/\/arcoiris.com.co\/v3\/wp-json\/wp\/v2\/media?parent=23772"}],"wp:term":[{"taxonomy":"category","embeddable":true,"href":"https:\/\/arcoiris.com.co\/v3\/wp-json\/wp\/v2\/categories?post=23772"},{"taxonomy":"post_tag","embeddable":true,"href":"https:\/\/arcoiris.com.co\/v3\/wp-json\/wp\/v2\/tags?post=23772"}],"curies":[{"name":"wp","href":"https:\/\/api.w.org\/{rel}","templated":true}]}}