{"id":23800,"date":"2020-07-31T14:18:18","date_gmt":"2020-07-31T19:18:18","guid":{"rendered":"https:\/\/arcoiris.com.co\/v3\/?p=23800"},"modified":"2020-09-28T22:21:38","modified_gmt":"2020-09-29T03:21:38","slug":"los-estan-matando","status":"publish","type":"post","link":"https:\/\/arcoiris.com.co\/v3\/2020\/07\/los-estan-matando\/","title":{"rendered":"Los est\u00e1n matando"},"content":{"rendered":"\n<p class=\"has-text-align-center\"><img loading=\"lazy\" decoding=\"async\" width=\"900\" height=\"600\" class=\"wp-image-23801\" style=\"width: 900px;\" src=\"https:\/\/arcoiris.com.co\/v3\/wp-content\/uploads\/2020\/07\/2d917698-0738-4bf2-9c22-f61916d4e123-1-scaled.jpeg\" alt=\"\" srcset=\"https:\/\/arcoiris.com.co\/v3\/wp-content\/uploads\/2020\/07\/2d917698-0738-4bf2-9c22-f61916d4e123-1-scaled.jpeg 1250w, https:\/\/arcoiris.com.co\/v3\/wp-content\/uploads\/2020\/07\/2d917698-0738-4bf2-9c22-f61916d4e123-1-300x200.jpeg 300w, https:\/\/arcoiris.com.co\/v3\/wp-content\/uploads\/2020\/07\/2d917698-0738-4bf2-9c22-f61916d4e123-1-640x427.jpeg 640w, https:\/\/arcoiris.com.co\/v3\/wp-content\/uploads\/2020\/07\/2d917698-0738-4bf2-9c22-f61916d4e123-1-768x512.jpeg 768w\" sizes=\"(max-width: 900px) 100vw, 900px\" \/><\/p>\n\n\n\n<p class=\"has-vivid-green-cyan-color has-text-color\">Por Harold Ruiz Moreno \/ Foto: AMA<\/p>\n\n\n\n<p><strong>\u201cEs mejor liderar desde atr\u00e1s y poner a otros al frente, especialmente cuando las cosas van bien. En cambio, debes tomar la primera l\u00ednea cuando hay peligro. Es entonces cuando la gente apreciar\u00e1 tu liderazgo (Nelson Mandela).<\/strong><\/p>\n\n\n\n<p>Colombia se jacta de ser la democracia m\u00e1s antigua del continente, con divisi\u00f3n de poderes, con el ejercicio de la \u201clibertad de prensa\u201d, la existencia y participaci\u00f3n de partidos pol\u00edticos y la llamada sociedad civil en diferentes formas de organizaci\u00f3n: gremiales, populares, sindicales, ambientales, de cultura, Ind\u00edgenas, campesinos, afros, trabajo social y popular en la ciudades.<\/p>\n\n\n\n<p>Pero el pa\u00eds asiste a la presencia de un conflicto armado interno con las pr\u00e1cticas m\u00e1s execrables, la tragedia humanitaria que vive la naci\u00f3n ha significado los mayores vej\u00e1menes de conflicto alguno existente en el mundo, porque lo que vivimos los colombianos es cruel y doloroso. Las masacres, los desplazamientos, confinamientos, las torturas, las ejecuciones extrajudiciales -mal llamados falsos positivos- hornos crematorios, pozos de \u00e1cido y casas de pique, la violencia sexual, todas las pr\u00e1cticas de horror y miedo, con indicadores de un holocausto donde hemos perdido toda posibilidad de asombro, porque la insensibilidad de la guerra nos lleva a despreciar la vida como derecho fundamental y el estado llamado a defender y proteger, no solo no act\u00faa, sino que cientos de sus agentes est\u00e1n involucrados en el atentado y el asesinato sistem\u00e1tico de los l\u00edderes sociales.<\/p>\n\n\n\n<p>Con la agudizaci\u00f3n del conflicto, el n\u00famero de asesinatos contra los l\u00edderes sociales se incrementa, frente a un estado c\u00f3mplice que no hace mayor cosa para que sistem\u00e1ticamente se atente contra hombres y mujeres que le dedican gran parte de su vida, a trabajar por el desarrollo y bienestar de las comunidades, en especial con los sectores m\u00e1s d\u00e9biles y menos favorecidos.<\/p>\n\n\n\n<p>Hoy asistimos al asesinato sistem\u00e1tico de l\u00edderes sociales, desde la firma de los acuerdos de La Habana en el a\u00f1o 2016; 971 (!casi mil!) l\u00edderes sociales han sido asesinados, cifra corroborada por entidades de seriedad comprobada como INDEPAZ, el CINEP,y otras ONG de la misma seriedad y verificadas por entidades internacionales del prestigio de las Naciones Unidas.<\/p>\n\n\n\n<p>Los 971 l\u00edderes sociales asesinados corresponden a sectores campesinos 342; 79 comunitarios; 124 c\u00edvicos; 71 Afrodecendientes; 6 Ambientalistas; 58 Sindicalistas; 250 Ind\u00edgenas y 131 mujeres, anotando que hasta la fecha, 222 integrantes del partido FARC han sido asesinados, muestra m\u00e1s que fehaciente de que est\u00e1n haciendo \u201ctrizas La Paz\u201d,  como lo anunciara rabiosamente un vocero destacado del uribismo.<\/p>\n\n\n\n<p>El gobierno del presidente Iv\u00e1n Duque Marqu\u00e9s y sus voceros en vez de proteger a los l\u00edderes sociales, dan voces destempladas y Re victimizan esta pr\u00e1ctica sistem\u00e1tica de asesinato contra los l\u00edderes sociales, con irresponsables pronunciamientos, como el del innombrable que para justificar los falsos positivos afirm\u00f3: \u201cNo estar\u00edan cogiendo caf\u00e9&#8230;\u201d. O cuando el ex ministro de defensa Luis Carlos Villegas manifest\u00f3: \u201c La inmensa mayor\u00eda de muertes de l\u00edderes sociales se deben a peleas de vecinos, faldas y por rentas il\u00edcitas\u201d, y en la misma l\u00ednea irresponsablemente el ex ministro Botero acus\u00f3 a la protesta social cuando dijo: \u201cY con los dineros il\u00edcitos corrompen, y en tercer lugar financian la protesta social. Entonces, cada vez que ustedes ven que cerraron la (v\u00eda) Panamericana, o ayer que me cerraron unas carreteras en Nari\u00f1o, detr\u00e1s de eso siempre hay mafias organizadas. \u00a1Pero mafias de verdad, mafias supranacionales!\u201d,<\/p>\n\n\n\n<p>Los l\u00edderes sociales est\u00e1n siendo asesinados y sus organizaciones est\u00e1n a merced de los actores ilegales y de agentes del estado. Para el gobierno sus vidas se comparan con la violencia callejera del robo de celulares como lo afirmara la ministra del interior, Sra. Alicia Arango. Desconociendo que pareciera que en Colombia uno de los mayores delitos es ser l\u00edder social.<\/p>\n\n\n\n<p>Una democracia deja de serlo cuando se asesina sistem\u00e1ticamente a sus l\u00edderes sociales y se atenta contra sus organizaciones; el mundo ve con estupor como una parte de la sociedad colombiana est\u00e1 en contra de la Paz y la reconciliaci\u00f3n; y festeja o en el peor de los casos no act\u00faa contra esta hecatombe contra los l\u00edderes sociales, quienes no s\u00f3lo deben tener la protecci\u00f3n del estado, sino la garant\u00eda  que sus acciones y actuaciones de trabajo denodado por las comunidades a quienes le dedican sus vida deben tener el reconocimiento de la sociedad en su conjunto. !Que pare  ya el asesinato sistem\u00e1tico contra los y las l\u00edderes sociales en Colombia!  <\/p>\n","protected":false},"excerpt":{"rendered":"<p>Por Harold Ruiz Moreno \/ Foto: AMA \u201cEs mejor liderar desde atr\u00e1s y poner a otros al frente, especialmente cuando las cosas van bien. En cambio, debes tomar la primera l\u00ednea cuando hay peligro. Es entonces cuando la gente apreciar\u00e1 tu liderazgo (Nelson Mandela). Colombia se jacta de ser la democracia m\u00e1s antigua del continente, [&hellip;]<\/p>\n","protected":false},"author":5,"featured_media":23889,"comment_status":"closed","ping_status":"closed","sticky":true,"template":"","format":"standard","meta":{"_et_pb_use_builder":"","_et_pb_old_content":"","_et_gb_content_width":"","footnotes":""},"categories":[634,637,633,18],"tags":[],"class_list":["post-23800","post","type-post","status-publish","format-standard","has-post-thumbnail","hentry","category-construccion-de-paz","category-democracia","category-opinion","category-victimas"],"_links":{"self":[{"href":"https:\/\/arcoiris.com.co\/v3\/wp-json\/wp\/v2\/posts\/23800","targetHints":{"allow":["GET"]}}],"collection":[{"href":"https:\/\/arcoiris.com.co\/v3\/wp-json\/wp\/v2\/posts"}],"about":[{"href":"https:\/\/arcoiris.com.co\/v3\/wp-json\/wp\/v2\/types\/post"}],"author":[{"embeddable":true,"href":"https:\/\/arcoiris.com.co\/v3\/wp-json\/wp\/v2\/users\/5"}],"replies":[{"embeddable":true,"href":"https:\/\/arcoiris.com.co\/v3\/wp-json\/wp\/v2\/comments?post=23800"}],"version-history":[{"count":0,"href":"https:\/\/arcoiris.com.co\/v3\/wp-json\/wp\/v2\/posts\/23800\/revisions"}],"wp:featuredmedia":[{"embeddable":true,"href":"https:\/\/arcoiris.com.co\/v3\/wp-json\/wp\/v2\/media\/23889"}],"wp:attachment":[{"href":"https:\/\/arcoiris.com.co\/v3\/wp-json\/wp\/v2\/media?parent=23800"}],"wp:term":[{"taxonomy":"category","embeddable":true,"href":"https:\/\/arcoiris.com.co\/v3\/wp-json\/wp\/v2\/categories?post=23800"},{"taxonomy":"post_tag","embeddable":true,"href":"https:\/\/arcoiris.com.co\/v3\/wp-json\/wp\/v2\/tags?post=23800"}],"curies":[{"name":"wp","href":"https:\/\/api.w.org\/{rel}","templated":true}]}}