{"id":23803,"date":"2020-08-04T12:49:56","date_gmt":"2020-08-04T17:49:56","guid":{"rendered":"https:\/\/arcoiris.com.co\/v3\/?p=23803"},"modified":"2020-10-07T23:36:34","modified_gmt":"2020-10-08T04:36:34","slug":"la-memoria-las-victimas-los-archivos-y-el-centro-nacional-de-memoria-historica","status":"publish","type":"post","link":"https:\/\/arcoiris.com.co\/v3\/2020\/08\/la-memoria-las-victimas-los-archivos-y-el-centro-nacional-de-memoria-historica\/","title":{"rendered":"La memoria, las v\u00edctimas, los archivos y el Centro Nacional de Memoria Hist\u00f3rica."},"content":{"rendered":"\n<p class=\"has-text-align-center\"><img loading=\"lazy\" decoding=\"async\" width=\"1200\" height=\"600\" class=\"wp-image-23976\" style=\"width: 1200px;\" src=\"https:\/\/arcoiris.com.co\/v3\/wp-content\/uploads\/2020\/08\/porlamemoria.jpg\" alt=\"\" srcset=\"https:\/\/arcoiris.com.co\/v3\/wp-content\/uploads\/2020\/08\/porlamemoria.jpg 1200w, https:\/\/arcoiris.com.co\/v3\/wp-content\/uploads\/2020\/08\/porlamemoria-300x150.jpg 300w, https:\/\/arcoiris.com.co\/v3\/wp-content\/uploads\/2020\/08\/porlamemoria-640x320.jpg 640w, https:\/\/arcoiris.com.co\/v3\/wp-content\/uploads\/2020\/08\/porlamemoria-768x384.jpg 768w\" sizes=\"(max-width: 1200px) 100vw, 1200px\" \/><\/p>\n\n\n\n<p class=\"has-vivid-green-cyan-color has-text-color\">Por Daniel Albarracin \/ Foto Jennifer Rueda<\/p>\n\n\n\n<p>Despu\u00e9s de la tormenta no siempre llega la calma. Y eso parece ser una constante en la lucha social en Colombia, entre unos procesos sociales \u2013muy plurales- y unas \u00e9lites pol\u00edticas que acaparan la institucionalidad nacional para sus intereses, como imponer una visi\u00f3n sesgada del conflicto armado y las v\u00edctimas.<\/p>\n\n\n\n<p>El \u00faltimo ataque que ha marcado a las v\u00edctimas del conflicto armado se ha producido desde la direcci\u00f3n del Centro Nacional de Memoria Hist\u00f3rica (CNMH) contra los proceso de investigaci\u00f3n, protecci\u00f3n, promoci\u00f3n y difusi\u00f3n de la memoria hist\u00f3rica. Y la posici\u00f3n de diferentes organizaciones para retirar sus archivos de memoria hist\u00f3rica por la falta de confianza y garant\u00eda por parte del nuevo director.<\/p>\n\n\n\n<p>Las estrategias para la superaci\u00f3n del conflicto armado (iniciando por la reducci\u00f3n del conflicto) han sido diversas, y los resultados dejan en general un salvo poco satisfactorio. Sin embargo la apuesta de \u201cavanzar en lo importante, mientras hacemos lo urgente\u201d puede ser una forma de entender la estrategia del gobierno de Juan Manuel Santos (2010-2018), en lo que ser\u00e1 la Ley de V\u00edctimas y Restituci\u00f3n de Tierras (Ley 1448\/11), complementada con las acciones militares y las negociaciones pol\u00edticas con las insurgencias.<\/p>\n\n\n\n<p>Una de las instituciones que surgieron con esta Ley fue el CNMH que ten\u00eda como apuesta la construcci\u00f3n de un relato independiente sobre las v\u00edctimas dentro del complejo y extenso conflicto armado, con miras a entender qu\u00e9 fue lo que sucedi\u00f3 en m\u00e1s de 50 a\u00f1os de conflicto y contribuir a la construcci\u00f3n de una memoria hist\u00f3rica como primer paso para la No Repetici\u00f3n. Esta compleja labor fue designada a Gonzalo S\u00e1nchez, que encabez\u00f3 incluso antes de la constituci\u00f3n del CNMH en el gobierno de \u00c1lvaro Uribe (2002-2010) en el \u201cGrupo de Memoria Hist\u00f3rica de Colombia\u201d.<\/p>\n\n\n\n<p>Con el respaldo que daba la Ley 1448, el CNMH profundiz\u00f3 en sus labores y consolid\u00f3 sus direcciones, profesionales pero sobre todo una imagen de confianza en la mayor\u00eda de v\u00edctimas y organizaciones. Algo que no es cosa menor, siendo Santos el presidente y prevaleciendo muchos aspectos de la doctrina militar \u2013del Enemigo Interno- c\u00f3mplice y responsable de muchas de esas v\u00edctimas. Incluso se realizaron importantes trabajos con las misma Fuerza P\u00fablica<a href=\"#_ftn1\">[1]<\/a>.<\/p>\n\n\n\n<p>Pero sin duda el avance en la Direcci\u00f3n de Archivo de Memoria y Derechos Humanos, implicaba interactuar con el respaldo f\u00edsico de a\u00f1os y a\u00f1os de labor en terreno de organizaciones, v\u00edctimas, familiares e instituciones que permitir\u00edan profundizar en el entendimiento del conflicto armado, los territorios y las personas. Labor nada sencilla partiendo de que el universo posible llegaba a 80 mil archivos, los cuales pod\u00edan ser abordados de diferentes formas: apoyo a los custodios encargados de tales archivos, o apostar por la intervenci\u00f3n y custodia de los mismos.<\/p>\n\n\n\n<p>Las organizaciones sociales y de DDHH llegaban a confiar en la institucionalidad, al punto de permitir la custodia de sus memorias. Pero como siempre los recursos humanos y financieros eran insuficientes y las metas institucionales era bastante conservadoras, pero muy significativas. Organizaciones y personas de todo el espectro pol\u00edtico y condiciones comenzaron a aportar sus archivos para el fortalecimiento y custodia de los mismos, en cumplimiento del deber del Estado, la lucha contra la impunidad y la reparaci\u00f3n simb\u00f3lica de las v\u00edctimas.<\/p>\n\n\n\n<p>Labor institucional que se ha fracturado en diferentes puntos desde la firma de los Acuerdos de La Habana-Colon (2017), pues el accionar de la institucional ha sido  incapaz de tener una implementaci\u00f3n adecuada de los Acuerdos, una respuesta integral al asesinato de l\u00edderes y con el resto de sectores sociales. La muerte de l\u00edderes como Temistocles Machado (1958-2018) fue un golpe a esta confianza: era la p\u00e9rdida de un luchador por las comunidades afro y sus territorios en Buenaventura que confi\u00f3 sus archivos al CNMH y dijo: \u201cya me puedo morir tranquilo\u201d.<\/p>\n\n\n\n<p>Los archivos de graves violaciones a los DDHH, infracciones al DIH, memoria hist\u00f3rica y conflicto armado<a href=\"#_ftn2\">[2]<\/a>, deben ser considerados como una pol\u00edtica p\u00fablica basada en los principios de acceso a la informaci\u00f3n y de justicia transicional, as\u00ed como unas premisas orientadas que permitan la dignificaci\u00f3n de las v\u00edctimas. Los avances de la Direcci\u00f3n, en cabeza de Ana Margoth Guerero, permitieron la constituci\u00f3n y puesta en funcionamiento del \u201cArchivo Virtual de los DDHH y la Memoria\u201d<a href=\"#_ftn3\">[3]<\/a>, para su consulta.<\/p>\n\n\n\n<p><strong>La Memoria hist\u00f3rica en vilo<\/strong><\/p>\n\n\n\n<p>Meses despu\u00e9s cuando la victoria de Iv\u00e1n Duque lleg\u00f3 al CNMH se present\u00f3 un revolc\u00f3n total. Gonzalo S\u00e1nchez renunci\u00f3 a la par que un gran n\u00famero de profesionales y lleg\u00f3, tras varias pujas, Dar\u00edo Acevedo. Bastante se ha hablado de \u00e9l, y no profundizar\u00e9 en ello pero s\u00ed en sus acciones en la direcci\u00f3n de Archivo<a href=\"#_ftn4\">[4]<\/a>. Acciones como no renovar contratos a la mayor\u00eda de profesionales, detener todo v\u00ednculo con organizaciones sociales y dar paso a actores sociales vinculados a procesos de victimizaci\u00f3n como Fedegan.<\/p>\n\n\n\n<p>Tal afrenta de la confianza ha llevado a audiencias de Control Pol\u00edtico (Nov\/2019)<a href=\"#_ftn5\">[5]<\/a> y a la expulsi\u00f3n de CNMH de la red internacional m\u00e1s importante de memoria<a href=\"#_ftn6\">[6]<\/a> por la negligencia de la Direcci\u00f3n. Sin embargo, el acto que m\u00e1s preocupa es el retiro de los Archivos de Memoria y DDHH de diferentes organizaciones y personas ante la falta de garant\u00edas; as\u00ed lo demostr\u00f3 la Asociaci\u00f3n Minga que en evento p\u00fablico y con el apoyo de diferentes organizaciones, personalidades y profesionales retir\u00f3 los archivos entregados a la institucionalidad para su resguardo<a href=\"#_ftn7\">[7]<\/a>; a lo cual se sumaron muchas m\u00e1s organizaciones.<\/p>\n\n\n\n<p>La amenaza que proclam\u00f3 un dirigente del Centro Democr\u00e1tico con \u201chacer trizas ese maldito acuerdo\u201d, implica \u2013entre muchas otras cosas- modificar el enfoque de instituciones como el CNMH y su direcci\u00f3n de Archivo, apuntando a poner un filtro sobre la construcci\u00f3n de memoria, desmotivar a las organizaciones a vincularse a los proceso de construcci\u00f3n de memoria y, en \u00faltimas, a reescribir la historia sobre el conflicto armado y las v\u00edctimas.<\/p>\n\n\n\n<hr class=\"wp-block-separator\"\/>\n\n\n\n<p><a href=\"#_ftnref1\">[1]<\/a> Como la investigaci\u00f3n titulada \u201cEsa mina llevaba mi nombre\u201d, que desde la voz de los militares v\u00edctimas de Minan Antipersonas (MAP) relatan sus experiencias. <a href=\"http:\/\/www.centrodememoriahistorica.gov.co\/descargas\/informes2016\/esa-mina-llevaba-mi-nombre\/esa-mina-llevaba-mi-nombre.pdf\" target=\"_blank\" rel=\"noopener\">http:\/\/www.centrodememoriahistorica.gov.co\/descargas\/informes2016\/esa-mina-llevaba-mi-nombre\/esa-mina-llevaba-mi-nombre.pdf<\/a><\/p>\n\n\n\n<p><a href=\"#_ftnref2\">[2]<\/a> Documento de trabajo del CNMH: <a href=\"http:\/\/centrodememoriahistorica.gov.co\/wp-content\/uploads\/2020\/01\/Archivos-de-graves-violaciones-a-los-DDHH.-Infracciones-al-DIH-Memoria-Hist%C3%B3rica-y-conflicto.pdf\" target=\"_blank\" rel=\"noopener\">http:\/\/centrodememoriahistorica.gov.co\/wp-content\/uploads\/2020\/01\/Archivos-de-graves-violaciones-a-los-DDHH.-Infracciones-al-DIH-Memoria-Hist%C3%B3rica-y-conflicto.pdf<\/a><\/p>\n\n\n\n<p><a href=\"#_ftnref3\">[3]<\/a> <a href=\"http:\/\/www.archivodelosddhh.gov.co\/saia_release1\/ws_client_oim\/menu_usuario.php\" target=\"_blank\" rel=\"noopener\">http:\/\/www.archivodelosddhh.gov.co\/saia_release1\/ws_client_oim\/menu_usuario.php<\/a><\/p>\n\n\n\n<p><a href=\"#_ftnref4\">[4]<\/a> Ejemplo de su incompatibilidad con la Direcci\u00f3n del CNMH, son sus posturas p\u00fablicas frente al entendimiento del Conflicto Armado (<a href=\"https:\/\/cuestionpublica.com\/trinos-dario-acevedo-director-centro-memoria-historica\/\" target=\"_blank\" rel=\"noopener\">https:\/\/cuestionpublica.com\/trinos-dario-acevedo-director-centro-memoria-historica\/<\/a>) y sus acciones ya como director (<a href=\"https:\/\/noticias.canal1.com.co\/noticias\/audio-revelaria-supuesto-plan-del-director-del-centro-de-memoria-historica-para-censurar-proyecto-para-las-victimas\/\" target=\"_blank\" rel=\"noopener\">https:\/\/noticias.canal1.com.co\/noticias\/audio-revelaria-supuesto-plan-del-director-del-centro-de-memoria-historica-para-censurar-proyecto-para-las-victimas\/<\/a>)<\/p>\n\n\n\n<p><a href=\"#_ftnref5\">[5]<\/a> <a href=\"https:\/\/www.elcolombiano.com\/colombia\/debate-de-control-politico-al-director-del-centro-de-memoria-historica-FJ11908904\" target=\"_blank\" rel=\"noopener\">https:\/\/www.elcolombiano.com\/colombia\/debate-de-control-politico-al-director-del-centro-de-memoria-historica-FJ11908904<\/a><\/p>\n\n\n\n<p><a href=\"#_ftnref6\">[6]<\/a> <a href=\"https:\/\/www.eltiempo.com\/unidad-investigativa\/sacan-a-colombia-de-la-mas-importante-red-internacional-de-memoria-historica-458448\" target=\"_blank\" rel=\"noopener\">https:\/\/www.eltiempo.com\/unidad-investigativa\/sacan-a-colombia-de-la-mas-importante-red-internacional-de-memoria-historica-458448<\/a><\/p>\n\n\n\n<p><a href=\"#_ftnref7\">[7]<\/a> Sobre el retiro de archivos: <a href=\"https:\/\/asociacionminga.co\/index.php\/2020\/03\/04\/asi-fue-el-retiro-de-nuestro-archivo-del-cnmh\/\" target=\"_blank\" rel=\"noopener\">https:\/\/asociacionminga.co\/index.php\/2020\/03\/04\/asi-fue-el-retiro-de-nuestro-archivo-del-cnmh\/<\/a> y <a href=\"https:\/\/www.elespectador.com\/colombia2020\/pais\/retiramos-los-archivos-porque-el-cnmh-esta-trabajando-con-victimarios-asociacion-minga-articulo-907534\" target=\"_blank\" rel=\"noopener\">https:\/\/www.elespectador.com\/colombia2020\/pais\/retiramos-los-archivos-porque-el-cnmh-esta-trabajando-con-victimarios-asociacion-minga-articulo-907534<\/a><\/p>\n","protected":false},"excerpt":{"rendered":"<p>Por Daniel Albarracin \/ Foto Jennifer Rueda Despu\u00e9s de la tormenta no siempre llega la calma. Y eso parece ser una constante en la lucha social en Colombia, entre unos procesos sociales \u2013muy plurales- y unas \u00e9lites pol\u00edticas que acaparan la institucionalidad nacional para sus intereses, como imponer una visi\u00f3n sesgada del conflicto armado y [&hellip;]<\/p>\n","protected":false},"author":5,"featured_media":23976,"comment_status":"closed","ping_status":"closed","sticky":true,"template":"","format":"standard","meta":{"_et_pb_use_builder":"","_et_pb_old_content":"","_et_gb_content_width":"","footnotes":""},"categories":[638,634,633,18],"tags":[],"class_list":["post-23803","post","type-post","status-publish","format-standard","has-post-thumbnail","hentry","category-conflictos","category-construccion-de-paz","category-opinion","category-victimas"],"_links":{"self":[{"href":"https:\/\/arcoiris.com.co\/v3\/wp-json\/wp\/v2\/posts\/23803","targetHints":{"allow":["GET"]}}],"collection":[{"href":"https:\/\/arcoiris.com.co\/v3\/wp-json\/wp\/v2\/posts"}],"about":[{"href":"https:\/\/arcoiris.com.co\/v3\/wp-json\/wp\/v2\/types\/post"}],"author":[{"embeddable":true,"href":"https:\/\/arcoiris.com.co\/v3\/wp-json\/wp\/v2\/users\/5"}],"replies":[{"embeddable":true,"href":"https:\/\/arcoiris.com.co\/v3\/wp-json\/wp\/v2\/comments?post=23803"}],"version-history":[{"count":0,"href":"https:\/\/arcoiris.com.co\/v3\/wp-json\/wp\/v2\/posts\/23803\/revisions"}],"wp:featuredmedia":[{"embeddable":true,"href":"https:\/\/arcoiris.com.co\/v3\/wp-json\/wp\/v2\/media\/23976"}],"wp:attachment":[{"href":"https:\/\/arcoiris.com.co\/v3\/wp-json\/wp\/v2\/media?parent=23803"}],"wp:term":[{"taxonomy":"category","embeddable":true,"href":"https:\/\/arcoiris.com.co\/v3\/wp-json\/wp\/v2\/categories?post=23803"},{"taxonomy":"post_tag","embeddable":true,"href":"https:\/\/arcoiris.com.co\/v3\/wp-json\/wp\/v2\/tags?post=23803"}],"curies":[{"name":"wp","href":"https:\/\/api.w.org\/{rel}","templated":true}]}}