{"id":23812,"date":"2020-08-21T16:03:48","date_gmt":"2020-08-21T21:03:48","guid":{"rendered":"https:\/\/arcoiris.com.co\/v3\/?p=23812"},"modified":"2020-10-07T23:21:15","modified_gmt":"2020-10-08T04:21:15","slug":"por-fin","status":"publish","type":"post","link":"https:\/\/arcoiris.com.co\/v3\/2020\/08\/por-fin\/","title":{"rendered":"Por fin"},"content":{"rendered":"\n<p class=\"has-text-align-center\"><img loading=\"lazy\" decoding=\"async\" width=\"1200\" height=\"600\" class=\"wp-image-23972\" style=\"width: 1200px;\" src=\"https:\/\/arcoiris.com.co\/v3\/wp-content\/uploads\/2020\/08\/es-culpable.jpg\" alt=\"\" srcset=\"https:\/\/arcoiris.com.co\/v3\/wp-content\/uploads\/2020\/08\/es-culpable.jpg 1200w, https:\/\/arcoiris.com.co\/v3\/wp-content\/uploads\/2020\/08\/es-culpable-300x150.jpg 300w, https:\/\/arcoiris.com.co\/v3\/wp-content\/uploads\/2020\/08\/es-culpable-640x320.jpg 640w, https:\/\/arcoiris.com.co\/v3\/wp-content\/uploads\/2020\/08\/es-culpable-768x384.jpg 768w\" sizes=\"(max-width: 1200px) 100vw, 1200px\" \/><\/p>\n\n\n\n<p class=\"has-vivid-green-cyan-color has-text-color\">Por Harold Ruiz Moreno \/ Imagen: AMA.<\/p>\n\n\n\n<p><strong>\u00abLas armas os han dado independencia, las leyes os dar\u00e1n libertad\u00bb<\/strong> (Santander).<\/p>\n\n\n\n<p>El mundo siempre ha estado convulsionando con la presencia de guerras y conflictos de todo tipo y estas generan vej\u00e1menes &nbsp;contra la poblaci\u00f3n civil que han sido dolorosos, son millones de v\u00edctimas las que han sufrido las inclemencias de guerras absurdas, la inmensa mayor\u00eda de ellas generar\u00e1n impunidad, dictadores, s\u00e1trapas y abusadores. Estos escaparon con diferentes acciones&nbsp; a la justicia de sus pa\u00edses, sin embargo los abusos de poder llamaron la atenci\u00f3n de la comunidad de naciones que ha contribuido en el pasado para que haya un derecho de guerra.<\/p>\n\n\n\n<p>&nbsp;Muchos esfuerzos de pa\u00edses y sociedades dieron un paso trascendental cuando se dieron cita el 17 de julio de 1998, en Roma-Italia. 160 pa\u00edses decidieron establecer una <strong>CORTE PENAL INTERNACIONAL<\/strong> permanente para juzgar a los individuos responsables de los m\u00e1s graves delitos que afectan al mundo entero, dot\u00e1ndose del <strong>ESTATUTO DE ROMA<\/strong>..<\/p>\n\n\n\n<p>Si hay un conflicto que requiere la intervenci\u00f3n de la CPI ese es Colombia: por la execrable guerra que vivimos con m\u00e1s de ocho millones de v\u00edctimas generadas en los \u00faltimos 30 a\u00f1os, por el grado de impunidad de este conflicto que tiene responsables de carne y hueso, por los que desde la direcci\u00f3n de estado o con la acci\u00f3n de actores ilegales, han producido &nbsp;dolor y tristeza en la naci\u00f3n.<\/p>\n\n\n\n<p>El anhelo universal de sed de justicia y de reconciliaci\u00f3n en el pa\u00eds se empieza a cristalizar cuando se suscribi\u00f3 el pacto social surgido del bello proceso constituyente, que le dio vida a la Constituci\u00f3n del a\u00f1o 91, cuya columna vertebral es la configuraci\u00f3n de la divisi\u00f3n de poderes, donde la administraci\u00f3n de justicia cobra importancia en un pa\u00eds con un verdadero contrapeso al r\u00e9gimen presidencialista existente.<\/p>\n\n\n\n<p>En los pesos y contrapesos de cualquier democracia, la paz y reconciliaci\u00f3n se convierte en una real esperanza de resolver el conflicto armado interno por la v\u00eda de la soluci\u00f3n pol\u00edtica por medio de la negociaci\u00f3n, y despu\u00e9s de varios intentos el estado colombiano lograr firmar despu\u00e9s de cinco a\u00f1os de intensas conversaciones en La Habana-Cuba, un acuerdo de paz con las Farc, que tiene como uno de los mejores pilares la b\u00fasqueda de la Verdad, Justicia, reparaci\u00f3n y no repetici\u00f3n, con la creaci\u00f3n de la <strong>JEP, <\/strong>a la que se han sometido los integrantes de las antiguas FARC de manera obligatoria y voluntariamente militares y terceros civiles involucrados en el conflicto. Esto a la espera de que sus confesiones de la verdad ocurrida en la guerra permitan que la JEP juzgue las conductas que sean violatorias al r\u00e9gimen penal colombiano y al derecho internacional humanitario.<\/p>\n\n\n\n<p>En lo pactado en La Habana se deja claro que los expresidentes seguir\u00e1n siendo juzgados por la comisi\u00f3n de acusaciones de la C\u00e1mara, llamada tambi\u00e9n la \u201ccomisi\u00f3n de absoluciones\u201d, porque desde su creaci\u00f3n la impunidad ha sido una constante, y a pesar de las innumerables denuncias existentes contra ALVARO URIBE VELEZ, en su condici\u00f3n de expresidente, estas no han prosperado.<\/p>\n\n\n\n<p>\u00c1LVARO URIBE VELEZ, por su condici\u00f3n de senador de la Rep\u00fablica tiene como su juez natural a la corte Suprema de Justicia, quien despu\u00e9s de la denuncia de Uribe V\u00e9lez contra el tambi\u00e9n Senador Iv\u00e1n Cepeda Castro por los presuntos delitos manipulaci\u00f3n de testigos, decide absolver al senador Cepeda Castro, e iniciar investigaci\u00f3n por los delitos de fraude procesal y manipulaci\u00f3n de testigos, contra el denunciante ALVARO URIBE que culminan en su primera fase, <strong>COMO LA MEDIDA DE ASEGURAMIENTO O ARRESTO DOMICILIARIO POR EL SUFICIENTE ACERBO PROBATORIO<\/strong>; y as\u00ed lo afirma La corte suprema en comunicaci\u00f3n del d\u00eda 4 de agosto: <em>\u201cLa Sala Especial de Instrucci\u00f3n de la Sala Penal de la Corte Suprema de Justicia, mediante decisi\u00f3n del 3 de agosto aprobada y suscrita por unanimidad, resolvi\u00f3 la situaci\u00f3n jur\u00eddica del senador \u00c1lvaro Uribe V\u00e9lez con imposici\u00f3n de medida de aseguramiento de detenci\u00f3n preventiva, como presunto determinador de los delitos de soborno a testigo en actuaci\u00f3n penal y fraude procesal\u201d.<\/em><\/p>\n\n\n\n<p>La actuaci\u00f3n del operador de justicia en su m\u00e1xima expresi\u00f3n que es la Honorable Corte Suprema de Justicia de la Rep\u00fablica de Colombia, merece el mayor de los respetos, independiente de estar de acuerdo o no con tan trascendental decisi\u00f3n; ning\u00fan ciudadano por m\u00e1s importante que sea no puede estar por encima de la ley, y esa es la esencia de cualquier democracia.<\/p>\n\n\n\n<p>Tiros y troyanos la han emprendido contra la administraci\u00f3n de justicia, presion\u00e1ndola, intimid\u00e1ndola, amenazando con constituyente, exigiendo una sola corte, amenazando con eliminar la JEP, queriendo hacer \u201ctrizas La Paz\u201d, pero las reservas democr\u00e1ticas de la naci\u00f3n han salido en defensa de la Corte Suprema y del estado social de derecho. Este paso de la Corte, independiente de su resultados, es un reconocimiento a las millones de v\u00edctimas que crecieron en el gobierno del expresidente ALVARO URIBE VELEZ, a quien tambi\u00e9n le llegar\u00e1 la justicia.<\/p>\n\n\n\n<p><\/p>\n","protected":false},"excerpt":{"rendered":"<p>Por Harold Ruiz Moreno \/ Imagen: AMA. \u00abLas armas os han dado independencia, las leyes os dar\u00e1n libertad\u00bb (Santander). El mundo siempre ha estado convulsionando con la presencia de guerras y conflictos de todo tipo y estas generan vej\u00e1menes &nbsp;contra la poblaci\u00f3n civil que han sido dolorosos, son millones de v\u00edctimas las que han sufrido [&hellip;]<\/p>\n","protected":false},"author":5,"featured_media":23972,"comment_status":"closed","ping_status":"closed","sticky":false,"template":"","format":"standard","meta":{"_et_pb_use_builder":"","_et_pb_old_content":"","_et_gb_content_width":"","footnotes":""},"categories":[638,637,633,18],"tags":[],"class_list":["post-23812","post","type-post","status-publish","format-standard","has-post-thumbnail","hentry","category-conflictos","category-democracia","category-opinion","category-victimas"],"_links":{"self":[{"href":"https:\/\/arcoiris.com.co\/v3\/wp-json\/wp\/v2\/posts\/23812","targetHints":{"allow":["GET"]}}],"collection":[{"href":"https:\/\/arcoiris.com.co\/v3\/wp-json\/wp\/v2\/posts"}],"about":[{"href":"https:\/\/arcoiris.com.co\/v3\/wp-json\/wp\/v2\/types\/post"}],"author":[{"embeddable":true,"href":"https:\/\/arcoiris.com.co\/v3\/wp-json\/wp\/v2\/users\/5"}],"replies":[{"embeddable":true,"href":"https:\/\/arcoiris.com.co\/v3\/wp-json\/wp\/v2\/comments?post=23812"}],"version-history":[{"count":0,"href":"https:\/\/arcoiris.com.co\/v3\/wp-json\/wp\/v2\/posts\/23812\/revisions"}],"wp:featuredmedia":[{"embeddable":true,"href":"https:\/\/arcoiris.com.co\/v3\/wp-json\/wp\/v2\/media\/23972"}],"wp:attachment":[{"href":"https:\/\/arcoiris.com.co\/v3\/wp-json\/wp\/v2\/media?parent=23812"}],"wp:term":[{"taxonomy":"category","embeddable":true,"href":"https:\/\/arcoiris.com.co\/v3\/wp-json\/wp\/v2\/categories?post=23812"},{"taxonomy":"post_tag","embeddable":true,"href":"https:\/\/arcoiris.com.co\/v3\/wp-json\/wp\/v2\/tags?post=23812"}],"curies":[{"name":"wp","href":"https:\/\/api.w.org\/{rel}","templated":true}]}}