{"id":23819,"date":"2020-08-27T17:07:41","date_gmt":"2020-08-27T22:07:41","guid":{"rendered":"https:\/\/arcoiris.com.co\/v3\/?p=23819"},"modified":"2020-10-07T23:15:12","modified_gmt":"2020-10-08T04:15:12","slug":"fuerzas-oscuras","status":"publish","type":"post","link":"https:\/\/arcoiris.com.co\/v3\/2020\/08\/fuerzas-oscuras\/","title":{"rendered":"Fuerzas oscuras"},"content":{"rendered":"\n<p class=\"has-text-align-left has-vivid-green-cyan-color has-text-color\"><img loading=\"lazy\" decoding=\"async\" width=\"1200\" height=\"600\" class=\"wp-image-23969\" style=\"width: 1200px;\" src=\"https:\/\/arcoiris.com.co\/v3\/wp-content\/uploads\/2020\/08\/fuerzas-oscuras.jpg\" alt=\"\" srcset=\"https:\/\/arcoiris.com.co\/v3\/wp-content\/uploads\/2020\/08\/fuerzas-oscuras.jpg 1200w, https:\/\/arcoiris.com.co\/v3\/wp-content\/uploads\/2020\/08\/fuerzas-oscuras-300x150.jpg 300w, https:\/\/arcoiris.com.co\/v3\/wp-content\/uploads\/2020\/08\/fuerzas-oscuras-640x320.jpg 640w, https:\/\/arcoiris.com.co\/v3\/wp-content\/uploads\/2020\/08\/fuerzas-oscuras-768x384.jpg 768w\" sizes=\"(max-width: 1200px) 100vw, 1200px\" \/><strong>Por Jorge Melguizo<\/strong><\/p>\n\n\n\n<p>El alcalde de Medell\u00edn, Daniel Quintero, pone un twitter el mi\u00e9rcoles 26 de agosto: \u00abNavegamos entre fuerzas oscuras que se resisten al cambio. Con fe y sin miedo seguiremos adelante con transparencia, honestidad y contra la corrupci\u00f3n y la politiquer\u00eda.\u00bb &nbsp;Ese twitter lo pone horas despu\u00e9s de que se anunci\u00f3 la creaci\u00f3n de la Veedur\u00eda Ciudadana <a href=\"https:\/\/www.facebook.com\/hashtag\/todosxmedell%C3%ADn?__eep__=6&amp;__cft__%5B0%5D=AZUZsTGADHti5kaWVgvAYwo1CAHLOMPLmm3tJIDDMvWh4jOwZsi1LnbrWYW9-MG1ih3PRxXIzclQ0HV_V7_Re3Qnfim3ZAqSTb2uTc8ayLlgfgxZUr3v_EghGqD99u9Z0KI&amp;__tn__=*NK-R\" target=\"_blank\" rel=\"noopener\">#TodosxMedell\u00edn<\/a>, para hacer un seguimiento riguroso a lo que est\u00e1 pasando en <a href=\"https:\/\/www.facebook.com\/epmestamosahi\/?__cft__%5B0%5D=AZUZsTGADHti5kaWVgvAYwo1CAHLOMPLmm3tJIDDMvWh4jOwZsi1LnbrWYW9-MG1ih3PRxXIzclQ0HV_V7_Re3Qnfim3ZAqSTb2uTc8ayLlgfgxZUr3v_EghGqD99u9Z0KI&amp;__tn__=kK-R\" target=\"_blank\" rel=\"noopener\">EPM estamos ah\u00ed<\/a> y en <a href=\"https:\/\/www.facebook.com\/AlcaldiadeMed\/?__cft__%5B0%5D=AZUZsTGADHti5kaWVgvAYwo1CAHLOMPLmm3tJIDDMvWh4jOwZsi1LnbrWYW9-MG1ih3PRxXIzclQ0HV_V7_Re3Qnfim3ZAqSTb2uTc8ayLlgfgxZUr3v_EghGqD99u9Z0KI&amp;__tn__=kK-R\" target=\"_blank\" rel=\"noopener\">Alcald\u00eda de Medell\u00edn.<\/a><\/p>\n\n\n\n<p>En la foto que acompa\u00f1a estas notas est\u00e1 Daniel Quintero con algunos de sus amigos y respaldos pol\u00edticos, en un acto realizado el lunes 24 de agosto. Les cuento qui\u00e9nes lo acompa\u00f1an, de derecha a izquierda:<\/p>\n\n\n\n<p>1. Juan Diego Echavarr\u00eda: Ex Alcalde de La Estrella y actual Representante a la C\u00e1mara en formula con Juli\u00e1n Bedoya. Tuvo sus inicios en el equipo de C\u00e9sar P\u00e9rez, condenado por la masacre de Segovia. La Estrella es uno de los fortines pol\u00edticos del senador Juli\u00e1n Bedoya.<\/p>\n\n\n\n<p>2. Juli\u00e1n Bedoya: Senador del Partido Liberal. Tomo de este portal de noticias los siguientes p\u00e1rrafos <a href=\"https:\/\/www.losirreverentes.com\/el-abogado-julian-bedoya\/?fbclid=IwAR1pn10zolyaLMkv0zU_SyUVvM2VfUM2wBZDre3sP0cTKnRKBlZSoJECDqc\" target=\"_blank\" rel=\"noopener\">https:\/\/www.losirreverentes.com\/el-abogado-julian-bedoya\/<\/a>:<\/p>\n\n\n\n<p>\u00abUna vez m\u00e1s, el oscuro senador antioque\u00f1o Juli\u00e1n Bedoya Pulgar\u00edn vuelve a estar en el ojo del hurac\u00e1n como consecuencia de sus maniobras non sanctas. Bedoya, que empez\u00f3 como diputado de su departamento, tiene una hoja de vida colmada de interrogaciones por su dudoso proceder. Antes de incursionar en la pol\u00edtica, intent\u00f3 convertirse en oficial de la Polic\u00eda. Para tal prop\u00f3sito se matricul\u00f3 en la escuela de cadetes General Santander. Faltando pocos meses para su graduaci\u00f3n como subteniente, el entonces alf\u00e9rez Bedoya se rob\u00f3 una pistola marca Pietro Berettacalibre 9 mm. Fue descubierto por sus superiores, quienes encontraron el arma escondida en la cisterna de un ba\u00f1o. Tan pronto confirmaron que Bedoya era el autor del robo, decidieron expulsarlo de la escuela, evitando as\u00ed que ese sujeto se convirtiera en oficial de la Polic\u00eda Nacional.<\/p>\n\n\n\n<p>Durante muchos a\u00f1os, Bedoya declar\u00f3 en su hoja de vida que era abogado, egresado de la Universidad de Medell\u00edn, centro acad\u00e9mico reconocido por su rigurosidad y calidad educativa.<\/p>\n\n\n\n<p>Lo cierto es que Bedoya nunca pudo graduarse, pues no logr\u00f3 completar las materias, ni cumplir con otros requisitos que impone la ley para que una persona pueda acceder al t\u00edtulo de abogado. Ante los cuestionamientos sobre la falsedad en su hoja de vida, Bedoya cometi\u00f3 el peor error de su vida, el cual no solo le puede costar su curul en el Senado, sino que indefectiblemente lo meter\u00e1 en l\u00edos disciplinarios y penales.<\/p>\n\n\n\n<p>En octubre del a\u00f1o pasado (2018, la noticia es del 2019), el rector de la universidad de Medell\u00edn, N\u00e9stor Hincapi\u00e9, autoriz\u00f3, a trav\u00e9s del secretario general de ese claustro acad\u00e9mico, que Bedoya se matriculara -extempor\u00e1neamente- para que terminara su carrera. Curioso: en muchas hojas de vida y declaraciones p\u00fablicas, Bedoya se hab\u00eda presentado como abogado. Su matr\u00edcula en el programa de derecho de la universidad de Medell\u00edn, perfeccionada el 11 de octubre de 2018, confirma que el senador no solo estaba mintiendo, sino que adem\u00e1s incurri\u00f3 en falsedades en su hoja de vida, lo que constituye un delito.\u00bb<\/p>\n\n\n\n<p>La Procuradur\u00eda General de la Naci\u00f3n, en diciembre de 2019, le formul\u00f3 pliego de cargos a Juli\u00e1n Bedoya \u201cpor presuntas irregularidades en el uso de su investidura de congresista para obtener beneficios personales de parte de la Universidad de Medell\u00edn, entre ellos su t\u00edtulo de abogado\u201d. En febrero de 2020 el rector de la Universidad de Medell\u00edn tuvo que renunciar a ra\u00edz de este hecho.<\/p>\n\n\n\n<p>3. Le\u00f3n Fredy Mu\u00f1oz: Representante a la C\u00e1mara por Antioquia, Partido Verde. Se dice que tiene varias \u00abcuotas burocr\u00e1ticas\u00bb en la alcald\u00eda<a href=\"#_ftn1\">[1]<\/a>.<\/p>\n\n\n\n<p>4. Mauricio Parodi: Representante a la C\u00e1mara por Cambio Radical, Vargallerista del municipio de Bello, donde fue secretario de salud de la administraci\u00f3n del ex alcalde \u00d3scar Su\u00e1rez Mira, condenado por enriquecimiento il\u00edcito y concierto para delinquir. Tomo del peri\u00f3dico El Mundo estos dos p\u00e1rrafos: \u00abLa Corte Suprema de Justicia decidi\u00f3 ayer (2007) abrir investigaci\u00f3n preliminar en contra de los congresistas antioque\u00f1os \u00d3scar Su\u00e1rez Mira y Mauricio Parodi D\u00edaz, dentro de los procesos que adelanta el alto tribunal por las relaciones entre dirigentes pol\u00edticos de todo el pa\u00eds y las desmovilizadas AUC. Seg\u00fan lo expresado por la Suprema Corte, varios documentos y testimonios vinculan al senador Oscar Su\u00e1rez, del movimiento Alas \u2013 Equipo Colombia, que dirige el hoy candidato a la gobernaci\u00f3n de Antioquia, Luis Alfredo Ramos Botero, y al representante a la C\u00e1mara, Mauricio Parodi, del Partido Liberal, con los bloques paramilitares que actuaban en Medell\u00edn y el \u00e1rea metropolitana, en particular en el municipio de Bello \u2013 Antioquia.\u00bb<\/p>\n\n\n\n<figure class=\"wp-block-embed is-type-rich is-provider-gestor-del-servicio\"><div class=\"wp-block-embed__wrapper\">\nhttps:\/\/www.elmundo.com\/portal\/pagina.general.impresion.php?idx=50198.\n<\/div><\/figure>\n\n\n\n<p>Entre los m\u00faltiples esc\u00e1ndalos de Mauricio Parodi resalta la investigaci\u00f3n en 2018 por compra de votos y concierto para delinquir con la ex congresista Olga Su\u00e1rez Mira, junto con la falsificaci\u00f3n de su maestr\u00eda. Pueden ver sobre esto en La Silla Vac\u00eda: <a href=\"https:\/\/lasillavacia.com\/silla-paisa\/aun-caido-al-clan-suarez-no-se-le-acaban-los-ruidos-68208?fbclid=IwAR3M98wa1zN8-gKgX-gm3KJ0DCApwgqGE0xOAgUINZq6sMRdOsZq3HV6lxc\" target=\"_blank\" rel=\"noopener\">https:\/\/lasillavacia.com\/silla-paisa\/aun-caido-al-clan-suarez-no-se-le-acaban-los-ruidos-68208<\/a><\/p>\n\n\n\n<p>5. Nicol\u00e1s Albeiro Echeverry: Representante a la C\u00e1mara por Antioquia por el partido Conservador. Del equipo de Juan Diego G\u00f3mez, tienen una fuerte financiaci\u00f3n por los bananeros y ganaderos del Urab\u00e1 Antioque\u00f1o. F\u00e9rreos opositores de las circunscripciones de paz. Apoy\u00f3 a Alfredo Ramos en las pasadas elecciones a alcald\u00eda.<\/p>\n\n\n\n<p>6. Juli\u00e1n Peinado: Del equipo pol\u00edtico de los Liberales de Envigado, se ha visto envuelto en un esc\u00e1ndalo de corrupci\u00f3n descubierto por la Fiscal\u00eda en 2018 mediante interceptaciones telef\u00f3nicas, donde cay\u00f3 el ex alcalde liberal Raul Cardona, y cayeron posteriormente la alcaldesa que lo reemplaz\u00f3, Sara Cuervo, y el ex alcalde H\u00e9ctor Londo\u00f1o. El representante a la c\u00e1mara Juli\u00e1n Peinado aparece en interceptaciones donde coordina algunos pagos para concejales. Tomo de El Espectador estos p\u00e1rrafos:<\/p>\n\n\n\n<p>\u00abSe trata de los representantes a la C\u00e1mara Juli\u00e1n Peinado, pol\u00edtico cercano al alcalde Cardona, y Jos\u00e9 Ignacio Mesa, que pas\u00f3 por el Partido Liberal y hoy es de Cambio Radical, quienes estar\u00edan envueltos en las mismas pr\u00e1cticas de corrupci\u00f3n y cuyos nombres salieron a la luz en interceptaciones telef\u00f3nicas que la Fiscal\u00eda realiz\u00f3 a las personas detenidas junto con el mandatario de Envigado: su secretaria de Hacienda, Girlesa Mesa Medina; el contralor municipal, Jos\u00e9 Conrado Restrepo Valencia; el exsecretario de Educaci\u00f3n Diego Fernando Echavarr\u00eda Giraldo, y el representante legal del programa Computadores para Educar, Reynel Fernando Bedoya Rodr\u00edguez. El Espectador conoci\u00f3 detalles de por qu\u00e9 la Fiscal\u00eda compuls\u00f3 copias ante la Corte Suprema para que Mesa y Peinado sean investigados.\u00bb <a href=\"https:\/\/www.elespectador.com\/noticias\/judicial\/escandalo-en-envigado-salpica-a-dos-congresistas\/?fbclid=IwAR0P0xj07AZlU8Hdx--3ILTG8dFGlScrx9hQ4ZeZtPmDNl5wWBFs2N3LLD0\" target=\"_blank\" rel=\"noopener\">https:\/\/www.elespectador.com\/noticias\/judicial\/escandalo-en-envigado-salpica-a-dos-congresistas\/<\/a> .<\/p>\n\n\n\n<p>En fin: Dime con qui\u00e9n andas&#8230; y te dir\u00e9 qui\u00e9n eres.<\/p>\n\n\n\n<hr class=\"wp-block-separator\"\/>\n\n\n\n<p><a href=\"#_ftnref1\">[1]<\/a> Dos aclaraciones despu\u00e9s de publicado este art\u00edculo: <a href=\"https:\/\/www.facebook.com\/evaluando.pofesores?__cft__%5B0%5D=AZVrire38eKpeA6IFeoln5_-ci1qsEzTZ_ElbLjxg_aEWMVXJcr8UvXOPm1zeFapTLKNgsQZ12FSzxo9DSG1LZOJtUdDLlc1sHUKORwxsc-Lz0TA7_Houl-L2D5VDo0w1Xk&amp;__tn__=-%5DK-R\" target=\"_blank\" rel=\"noopener\">Isa Solano<\/a><\/p>\n\n\n\n<p>me rega\u00f1a y con raz\u00f3n: me dice que a esa afirmaci\u00f3n le falta rigor. Espero poder confirmar la informaci\u00f3n que tengo para sumarla por ac\u00e1 y, mientras tanto, me disculpo con Isa y con ustedes por esa falta de rigor en la frase).Y <a href=\"https:\/\/www.facebook.com\/jfvalenciafernandez?__cft__%5B0%5D=AZVrire38eKpeA6IFeoln5_-ci1qsEzTZ_ElbLjxg_aEWMVXJcr8UvXOPm1zeFapTLKNgsQZ12FSzxo9DSG1LZOJtUdDLlc1sHUKORwxsc-Lz0TA7_Houl-L2D5VDo0w1Xk&amp;__tn__=-%5DK-R\" target=\"_blank\" rel=\"noopener\">Jos\u00e9 Fernando Valencia Fern\u00e1ndez<\/a><\/p>\n\n\n\n<p>en nota en los comentarios tambi\u00e9n, dice sobre esto: \u00abJorge, no hay falta de rigor. El subsecretario Yomar Ben\u00edtez fue el candidato verde al Concejo apoyado por Le\u00f3n Freddy Mu\u00f1oz, y all\u00ed trabaja Gloria Cifuentes, secretaria del PAV en Antioquia, y del grupo pol\u00edtico del mismo senador. Por solo mencionar a dos personas.\u00bb Gracias a ambos por ayudar a mejorar este art\u00edculo)<\/p>\n","protected":false},"excerpt":{"rendered":"<p>Por Jorge Melguizo El alcalde de Medell\u00edn, Daniel Quintero, pone un twitter el mi\u00e9rcoles 26 de agosto: \u00abNavegamos entre fuerzas oscuras que se resisten al cambio. Con fe y sin miedo seguiremos adelante con transparencia, honestidad y contra la corrupci\u00f3n y la politiquer\u00eda.\u00bb &nbsp;Ese twitter lo pone horas despu\u00e9s de que se anunci\u00f3 la creaci\u00f3n [&hellip;]<\/p>\n","protected":false},"author":5,"featured_media":23969,"comment_status":"closed","ping_status":"closed","sticky":true,"template":"","format":"standard","meta":{"_et_pb_use_builder":"","_et_pb_old_content":"","_et_gb_content_width":"","footnotes":""},"categories":[633,15],"tags":[],"class_list":["post-23819","post","type-post","status-publish","format-standard","has-post-thumbnail","hentry","category-opinion","category-politica"],"_links":{"self":[{"href":"https:\/\/arcoiris.com.co\/v3\/wp-json\/wp\/v2\/posts\/23819","targetHints":{"allow":["GET"]}}],"collection":[{"href":"https:\/\/arcoiris.com.co\/v3\/wp-json\/wp\/v2\/posts"}],"about":[{"href":"https:\/\/arcoiris.com.co\/v3\/wp-json\/wp\/v2\/types\/post"}],"author":[{"embeddable":true,"href":"https:\/\/arcoiris.com.co\/v3\/wp-json\/wp\/v2\/users\/5"}],"replies":[{"embeddable":true,"href":"https:\/\/arcoiris.com.co\/v3\/wp-json\/wp\/v2\/comments?post=23819"}],"version-history":[{"count":0,"href":"https:\/\/arcoiris.com.co\/v3\/wp-json\/wp\/v2\/posts\/23819\/revisions"}],"wp:featuredmedia":[{"embeddable":true,"href":"https:\/\/arcoiris.com.co\/v3\/wp-json\/wp\/v2\/media\/23969"}],"wp:attachment":[{"href":"https:\/\/arcoiris.com.co\/v3\/wp-json\/wp\/v2\/media?parent=23819"}],"wp:term":[{"taxonomy":"category","embeddable":true,"href":"https:\/\/arcoiris.com.co\/v3\/wp-json\/wp\/v2\/categories?post=23819"},{"taxonomy":"post_tag","embeddable":true,"href":"https:\/\/arcoiris.com.co\/v3\/wp-json\/wp\/v2\/tags?post=23819"}],"curies":[{"name":"wp","href":"https:\/\/api.w.org\/{rel}","templated":true}]}}