{"id":23837,"date":"2020-09-07T15:16:42","date_gmt":"2020-09-07T20:16:42","guid":{"rendered":"https:\/\/arcoiris.com.co\/v3\/?p=23837"},"modified":"2020-10-07T22:46:23","modified_gmt":"2020-10-08T03:46:23","slug":"narino-en-la-turbulencia-de-la-criminalidad","status":"publish","type":"post","link":"https:\/\/arcoiris.com.co\/v3\/2020\/09\/narino-en-la-turbulencia-de-la-criminalidad\/","title":{"rendered":"Nari\u00f1o en la turbulencia de la criminalidad"},"content":{"rendered":"\n<p><\/p>\n\n\n\n<p><img loading=\"lazy\" decoding=\"async\" width=\"1200\" height=\"600\" class=\"wp-image-23964\" style=\"width: 1200px;\" src=\"https:\/\/arcoiris.com.co\/v3\/wp-content\/uploads\/2020\/09\/nino.jpg\" alt=\"\" srcset=\"https:\/\/arcoiris.com.co\/v3\/wp-content\/uploads\/2020\/09\/nino.jpg 1200w, https:\/\/arcoiris.com.co\/v3\/wp-content\/uploads\/2020\/09\/nino-300x150.jpg 300w, https:\/\/arcoiris.com.co\/v3\/wp-content\/uploads\/2020\/09\/nino-640x320.jpg 640w, https:\/\/arcoiris.com.co\/v3\/wp-content\/uploads\/2020\/09\/nino-768x384.jpg 768w\" sizes=\"(max-width: 1200px) 100vw, 1200px\" \/><strong><span class=\"has-inline-color has-vivid-green-cyan-color\">Por Harold Ruiz Moreno \/ Foto: Jennifer <\/span><\/strong><span class=\"has-inline-color has-vivid-green-cyan-color\"><strong>Rueda<\/strong><\/span><\/p>\n\n\n\n<p>Durante los \u00faltimos a\u00f1os, el departamento de Nari\u00f1o ha sufrido los embates de la criminalidad en todos los \u00f3rdenes, generando un drama humanitario de grandes proporciones, causado por el asesinato, las masacres, el desplazamiento forzado, el confinamiento ilegal de comunidades rurales, la persecuci\u00f3n y asesinato de l\u00edderes sociales y la estigmatizaci\u00f3n y ataque a sus organizaciones sociales.<\/p>\n\n\n\n<p>La presencia del narcotr\u00e1fico ha sido el combustible de la guerra en el departamento, que produce entre 350 a 380 toneladas de coca\u00edna al a\u00f1o y que colocadas en los mercados internacionales pueden recaudar aproximadamente 10 billones de pesos colombianos; este lucrativo negocio ilegal lo controlan los c\u00e1rteles mexicanos Jalisco del norte y Sinaloa, al igual que los carteles colombianos (como el clan del golfo), donde se disputan, en algunas fases del negocio, las organizaciones insurgentes como disidencias de las Farc, y en menor medida el ELN. Son cerca de 20 grupos armados ilegales que hacen presencia en los municipios con cultivos de uso il\u00edcito y especialmente en el pie de monte costero, la costa pac\u00edfica, la cordillera, al igual que en territorios ind\u00edgenas y afros, donde impera el miedo, el terror y la zozobra permanentemente de sus habitantes.<\/p>\n\n\n\n<p>En Nari\u00f1o, de los 64 municipios que integran el Departamento, &nbsp;en 31 hay presencia de cultivos de coca y amapola; en los mismos cerca de 100 mil familias de peque\u00f1os trabajadores campesinos, ind\u00edgenas y afro descendientes son esclavos del narcotr\u00e1fico, sobreviven de estas actividades il\u00edcitas y son el eslab\u00f3n m\u00e1s d\u00e9bil de la cadena del narcotr\u00e1fico, cuyas estructuras armadas ilegales controlan la mayor\u00eda del territorio donde impera la criminalidad. Ante la ausencia e indiferencia del Estado, es evidente el abandono y falta de inversi\u00f3n social real y efectiva que elimine el caldo de cultivo para la emergencia y permanencia de esta actividad ilegal que se constituye como la \u00fanica alternativa de subsistencia para estas comunidades.<\/p>\n\n\n\n<div class=\"wp-block-image\"><figure class=\"aligncenter size-large\"><img loading=\"lazy\" decoding=\"async\" width=\"640\" height=\"457\" src=\"https:\/\/arcoiris.com.co\/v3\/wp-content\/uploads\/2020\/09\/WhatsApp-Image-2020-09-05-at-7.18.55-PM-640x457.jpeg\" alt=\"\" class=\"wp-image-23838\" srcset=\"https:\/\/arcoiris.com.co\/v3\/wp-content\/uploads\/2020\/09\/WhatsApp-Image-2020-09-05-at-7.18.55-PM-640x457.jpeg 640w, https:\/\/arcoiris.com.co\/v3\/wp-content\/uploads\/2020\/09\/WhatsApp-Image-2020-09-05-at-7.18.55-PM-300x214.jpeg 300w, https:\/\/arcoiris.com.co\/v3\/wp-content\/uploads\/2020\/09\/WhatsApp-Image-2020-09-05-at-7.18.55-PM-768x548.jpeg 768w, https:\/\/arcoiris.com.co\/v3\/wp-content\/uploads\/2020\/09\/WhatsApp-Image-2020-09-05-at-7.18.55-PM-scaled.jpeg 1190w\" sizes=\"(max-width: 640px) 100vw, 640px\" \/><figcaption>Fuente: Gobernaci\u00f3n de Nari\u00f1o<\/figcaption><\/figure><\/div>\n\n\n\n<p>Nari\u00f1o desde mucho tiempo atr\u00e1s registra hechos de violencia generados por el narcotr\u00e1fico; no se puede olvidar el espect\u00e1culo dantesco generado por la presencia del \u201cBloque libertadores del sur\u201d, perteneciente a las AUC (Autodefensas Unidas de Colombia), o la masacre perpetrada por las FARC contra el pueblo ind\u00edgena Awa, en Tortuga\u00f1a Telembi en el a\u00f1o 2009, o la masacre del Tandil, en Tumaco, en el a\u00f1o 2017, perpetrada por Fuerza p\u00fablica.<\/p>\n\n\n\n<p>A Nari\u00f1o no lleg\u00f3 la paz<\/p>\n\n\n\n<p>El gobierno nacional no pudo ni siguiera brindarles seguridad a los desmovilizados de las FARC, las Zonas veredales, la Paloma en el municipio de Policarpa, tuvo que ser abandonada y la zona veredal de la Variante en Tumaco fue flor de un d\u00eda. El anuncio de que el Estado volver\u00eda al control de los territorios dejados por los reci\u00e9n reincorporados se desvaneci\u00f3 de inmediato, esos territorios fueron ocupados r\u00e1pidamente por la criminalidad. La expectativa generada por los acuerdos de paz de una sustituci\u00f3n voluntaria, se convirti\u00f3 en otro fracaso, no hubo cumplimiento de los acuerdos colectivos firmados por las comunidades cocaleras y amapoleras de 29 municipios, y las familias vinculadas a la sustituci\u00f3n en Tumaco e Ipiales; los gobiernos nacional y departamental dejaron el programa a la vera del camino, porque ahora consideran que su presencia principal o \u00fanica en el territorio es el aumento de la fuerza p\u00fablica y a pesar de ello, la criminalidad manda y gobierna en m\u00e1s de la mitad del departamento.<\/p>\n\n\n\n<p>La tragedia humanitaria de Nari\u00f1o se agrava por la presencia de los actores ilegales que han perpetrado masacres y asesinatos como los ocurridos \u00faltimamente en Leiva, Ipiales, Mag\u00fc\u00ed, Ricaurte, Tumaco y Samaniego, donde el narcotr\u00e1fico y el paramilitarismo hacen su agosto, atentando contra la juventud nari\u00f1ense, ante la mirada indiferente del gobierno nacional, que abandona a su suerte a los municipios que poco o nada pueden hacer frente al poder\u00edo de la criminalidad.<\/p>\n\n\n\n<p>Pareciera que este territorio del sur que ha actuado con altivez e hidalgu\u00eda en las gestas c\u00edvicas, que vot\u00f3 mayoritariamente por la paz y la consulta anti corrupci\u00f3n, y que en consecuencia ha escogido &nbsp;propuestas alternativas de gobernanza, se hubiera convertido en territorio donde las \u00e9lites pol\u00edticas y los actores armados se hubieran aliado ensa\u00f1\u00e1ndose con venganza y retaliaci\u00f3n contra su valiente resistencia; as\u00ed se demuestra en la macabra alianza del narco paramilitarismo y la omisi\u00f3n e indiferencia del estado en contra de la buena gente de Nari\u00f1o.<\/p>\n\n\n\n<p>Hoy como ayer nos corresponde a los nari\u00f1enses levantarnos contra esta ola de violencia que est\u00e1 acabando con nuestra juventud, que est\u00e1 asesinando a los l\u00edderes sociales, que est\u00e1 persiguiendo a sus organizaciones sociales; debemos detener esta org\u00eda de sangre, para que prevalezca la vida, para que este bello territorio sea ese remanso de paz que fuimos en el pasado y que reclamemos el derecho a vivir en paz, reconcili\u00e1ndonos y exigiendo la verdadera presencia del gobierno nacional con una inversi\u00f3n social real, efectiva y satisfactoria para el bienestar, progreso y dignificaci\u00f3n de nuestra regi\u00f3n.<\/p>\n","protected":false},"excerpt":{"rendered":"<p>Por Harold Ruiz Moreno \/ Foto: Jennifer Rueda Durante los \u00faltimos a\u00f1os, el departamento de Nari\u00f1o ha sufrido los embates de la criminalidad en todos los \u00f3rdenes, generando un drama humanitario de grandes proporciones, causado por el asesinato, las masacres, el desplazamiento forzado, el confinamiento ilegal de comunidades rurales, la persecuci\u00f3n y asesinato de l\u00edderes [&hellip;]<\/p>\n","protected":false},"author":5,"featured_media":23964,"comment_status":"closed","ping_status":"closed","sticky":true,"template":"","format":"standard","meta":{"_et_pb_use_builder":"","_et_pb_old_content":"","_et_gb_content_width":"","footnotes":""},"categories":[638,634,633,18],"tags":[],"class_list":["post-23837","post","type-post","status-publish","format-standard","has-post-thumbnail","hentry","category-conflictos","category-construccion-de-paz","category-opinion","category-victimas"],"_links":{"self":[{"href":"https:\/\/arcoiris.com.co\/v3\/wp-json\/wp\/v2\/posts\/23837","targetHints":{"allow":["GET"]}}],"collection":[{"href":"https:\/\/arcoiris.com.co\/v3\/wp-json\/wp\/v2\/posts"}],"about":[{"href":"https:\/\/arcoiris.com.co\/v3\/wp-json\/wp\/v2\/types\/post"}],"author":[{"embeddable":true,"href":"https:\/\/arcoiris.com.co\/v3\/wp-json\/wp\/v2\/users\/5"}],"replies":[{"embeddable":true,"href":"https:\/\/arcoiris.com.co\/v3\/wp-json\/wp\/v2\/comments?post=23837"}],"version-history":[{"count":0,"href":"https:\/\/arcoiris.com.co\/v3\/wp-json\/wp\/v2\/posts\/23837\/revisions"}],"wp:featuredmedia":[{"embeddable":true,"href":"https:\/\/arcoiris.com.co\/v3\/wp-json\/wp\/v2\/media\/23964"}],"wp:attachment":[{"href":"https:\/\/arcoiris.com.co\/v3\/wp-json\/wp\/v2\/media?parent=23837"}],"wp:term":[{"taxonomy":"category","embeddable":true,"href":"https:\/\/arcoiris.com.co\/v3\/wp-json\/wp\/v2\/categories?post=23837"},{"taxonomy":"post_tag","embeddable":true,"href":"https:\/\/arcoiris.com.co\/v3\/wp-json\/wp\/v2\/tags?post=23837"}],"curies":[{"name":"wp","href":"https:\/\/api.w.org\/{rel}","templated":true}]}}