{"id":23839,"date":"2020-09-14T14:45:57","date_gmt":"2020-09-14T19:45:57","guid":{"rendered":"https:\/\/arcoiris.com.co\/v3\/?p=23839"},"modified":"2020-10-07T22:52:55","modified_gmt":"2020-10-08T03:52:55","slug":"proteccion-criminal-organizada-la-protesta-social-entre-la-espada-y-la-pared","status":"publish","type":"post","link":"https:\/\/arcoiris.com.co\/v3\/2020\/09\/proteccion-criminal-organizada-la-protesta-social-entre-la-espada-y-la-pared\/","title":{"rendered":"Protecci\u00f3n criminal organizada: la protesta social entre la espada y la pared"},"content":{"rendered":"\n<p class=\"has-vivid-green-cyan-color has-text-color\"><img loading=\"lazy\" decoding=\"async\" width=\"1200\" height=\"600\" class=\"wp-image-23962\" style=\"width: 1200px;\" src=\"https:\/\/arcoiris.com.co\/v3\/wp-content\/uploads\/2020\/09\/pared.jpg\" alt=\"\" srcset=\"https:\/\/arcoiris.com.co\/v3\/wp-content\/uploads\/2020\/09\/pared.jpg 1200w, https:\/\/arcoiris.com.co\/v3\/wp-content\/uploads\/2020\/09\/pared-300x150.jpg 300w, https:\/\/arcoiris.com.co\/v3\/wp-content\/uploads\/2020\/09\/pared-640x320.jpg 640w, https:\/\/arcoiris.com.co\/v3\/wp-content\/uploads\/2020\/09\/pared-768x384.jpg 768w\" sizes=\"(max-width: 1200px) 100vw, 1200px\" \/><strong>Por: Daniel G. y V\u00edctor C. \/ Cooperativa de Estudiantes y Egresados Universidad de Antioquia.\u00a0<\/strong><\/p>\n\n\n\n<p>La pandemia del COVID-19 no ha sido suficiente para tapar aristas infranqueables sobre la naturaleza de la instituci\u00f3n policial y militar en el pa\u00eds, as\u00ed como elementos constituyentes de su cuerpo y doctrina, enarbolado por caciques y patrones, a trav\u00e9s de los principales medios de comunicaci\u00f3n y asentado en una estrategia que distintos autores denominan &nbsp;<em>protecci\u00f3n criminal organizada<\/em> y <em>mercenarismo corporativo<\/em>. Consistentes estas en la capacidad de las administraciones, grupos econ\u00f3micos y particularmente de la fuerza p\u00fablica en apoyarse en ej\u00e9rcitos privados, estrechamente relacionados con la delincuencia, para ejecutar acciones \u201cpor fuera de la ley\u201d, en busca del mantenimiento del orden impuesto. Estructuras&nbsp; com\u00fanmente denominadas como paramilitares.<\/p>\n\n\n\n<div class=\"wp-block-image\"><figure class=\"aligncenter size-large is-resized\"><img loading=\"lazy\" decoding=\"async\" src=\"https:\/\/arcoiris.com.co\/v3\/wp-content\/uploads\/2020\/09\/WhatsApp-Image-2020-09-12-at-12.48.17-PM-424x640.jpeg\" alt=\"\" class=\"wp-image-23844\" width=\"447\" height=\"675\" srcset=\"https:\/\/arcoiris.com.co\/v3\/wp-content\/uploads\/2020\/09\/WhatsApp-Image-2020-09-12-at-12.48.17-PM-424x640.jpeg 424w, https:\/\/arcoiris.com.co\/v3\/wp-content\/uploads\/2020\/09\/WhatsApp-Image-2020-09-12-at-12.48.17-PM-199x300.jpeg 199w, https:\/\/arcoiris.com.co\/v3\/wp-content\/uploads\/2020\/09\/WhatsApp-Image-2020-09-12-at-12.48.17-PM-768x1159.jpeg 768w, https:\/\/arcoiris.com.co\/v3\/wp-content\/uploads\/2020\/09\/WhatsApp-Image-2020-09-12-at-12.48.17-PM-scaled.jpeg 563w\" sizes=\"(max-width: 447px) 100vw, 447px\" \/><\/figure><\/div>\n\n\n\n<p><strong>Contexto<\/strong><\/p>\n\n\n\n<p>En tiempos recientes se han ventilado redes de comercio sexual dentro de la fuerza p\u00fablica, chuzadas ilegales, corrupci\u00f3n a gran escala, entre otros temas presentados por el gobierno nacional y los principales medios de comunicaci\u00f3n como \u201chechos aislados\u201d, que no deben empa\u00f1ar la imagen -ya bastante negativa- de las fuerzas armadas. Sin embargo, son tradicionales las practicas sistem\u00e1ticas como la represi\u00f3n violenta de todo tipo de manifestaciones sociales, los v\u00ednculos evidentes de uniformados con el narcotr\u00e1fico y el paramilitarismo, asi como sus conocidas excepciones, los cuales fundamentalmente han librado una guerra declarada contra comunidades ind\u00edgenas, afros, campesinas, mujeres, sindicalistas, ambientalistas, diversidades sexuales y j\u00f3venes, entre otros, mediante una pol\u00edtica de exterminio que articula a las diferentes estructuras y dispositivos de control en los territorios.<\/p>\n\n\n\n<p>En lo corrido del a\u00f1o&nbsp; 2020 van al menos 55 masacres en el pa\u00eds<a href=\"#_ftn1\"><sup>[1]<\/sup><\/a>. Ante este panorama el gobierno nacional a trav\u00e9s del ministerio de defensa encabezado por Carlos Holmes Trujillo, en compa\u00f1\u00eda de la bancada del Centro Democr\u00e1tico, han intentado enmascarar los hechos bajo el eufemismo de \u201chomicidios colectivos\u201d, t\u00e9rmino que a pesar de no ser nuevo anda bastante en boga y recuerda las declaraciones del ex-presidente \u00c1lvaro Uribe, acerca de las \u201cmasacres con criterio social\u201d, justificaci\u00f3n abierta de la violencia paraestatal.<\/p>\n\n\n\n<figure class=\"wp-block-image size-large\"><img loading=\"lazy\" decoding=\"async\" width=\"640\" height=\"125\" src=\"https:\/\/arcoiris.com.co\/v3\/wp-content\/uploads\/2020\/09\/Uribe-640x125.png\" alt=\"\" class=\"wp-image-23840\" srcset=\"https:\/\/arcoiris.com.co\/v3\/wp-content\/uploads\/2020\/09\/Uribe-640x125.png 640w, https:\/\/arcoiris.com.co\/v3\/wp-content\/uploads\/2020\/09\/Uribe-300x59.png 300w, https:\/\/arcoiris.com.co\/v3\/wp-content\/uploads\/2020\/09\/Uribe-768x150.png 768w, https:\/\/arcoiris.com.co\/v3\/wp-content\/uploads\/2020\/09\/Uribe.png 921w\" sizes=\"(max-width: 640px) 100vw, 640px\" \/><\/figure>\n\n\n\n<p>Como si fuera poco, la cifra de excombatientes de las antiguas Farc-Ep asesinados en la vida civil desde 2016 asciende a 218<a href=\"#_ftn2\"><sup>[2]<\/sup><\/a>, vinculando en varios a efectivos de la fuerza p\u00fablica. El caso m\u00e1s difundido es el de Dimar Torres, el 22 de abril del 2019, a manos de miembros del ej\u00e9rcito nacional. Estas vidas exterminadas se agregan a los fr\u00edos c\u00e1lculos que para julio del presente a\u00f1o eran de 971 l\u00edderes, lideresas y personas defensoras de Derechos Humanos asesinadas desde la firma del acuerdo de paz, reflejando fundamentalmente un reacomodamiento de la guerra.<a href=\"#_ftn3\"><sup>[3]<\/sup><\/a><\/p>\n\n\n\n<p>A pesar de las alarmantes cifras, la respuesta en los grandes centros urbanos, muchas veces se remite a un dato m\u00e1s en las redes sociales, sin ahondar en las causas e intereses tras la&nbsp; violaci\u00f3n a los derechos humanos, salvo un par de significativas movilizaciones nacionales en defensa de la vida, transcurridas pac\u00edficamente y encabezadas por movimientos sociales y sectores culturales y acad\u00e9micos.<\/p>\n\n\n\n<figure class=\"wp-block-image size-large\"><img loading=\"lazy\" decoding=\"async\" width=\"640\" height=\"427\" src=\"https:\/\/arcoiris.com.co\/v3\/wp-content\/uploads\/2020\/09\/WhatsApp-Image-2020-09-12-at-12.45.52-PM-640x427.jpeg\" alt=\"\" class=\"wp-image-23842\" srcset=\"https:\/\/arcoiris.com.co\/v3\/wp-content\/uploads\/2020\/09\/WhatsApp-Image-2020-09-12-at-12.45.52-PM-640x427.jpeg 640w, https:\/\/arcoiris.com.co\/v3\/wp-content\/uploads\/2020\/09\/WhatsApp-Image-2020-09-12-at-12.45.52-PM-300x200.jpeg 300w, https:\/\/arcoiris.com.co\/v3\/wp-content\/uploads\/2020\/09\/WhatsApp-Image-2020-09-12-at-12.45.52-PM-768x512.jpeg 768w, https:\/\/arcoiris.com.co\/v3\/wp-content\/uploads\/2020\/09\/WhatsApp-Image-2020-09-12-at-12.45.52-PM-scaled.jpeg 1250w\" sizes=\"(max-width: 640px) 100vw, 640px\" \/><\/figure>\n\n\n\n<p>No obstante, en el marco del Paro Nacional del pasado 21 de noviembre de 2019, se evidenci\u00f3 un accionar que integr\u00f3 amplios sectores contra las autoridades estatales, recordando las fuertes jornadas del Paro C\u00edvico de 1977. Esta trasgresi\u00f3n fue duramente reprimida y ceg\u00f3 la vida del joven Dilan Cruz, quien muri\u00f3 en la ciudad de Bogot\u00e1, el 26 de noviembre de 2019, luego de ser impactado d\u00edas atr\u00e1s por un artefacto disparado por efectivos del Escuadr\u00f3n M\u00f3vil Antidisturbios (ESMAD). Por aquellos d\u00edas, el p\u00e1nico se difundi\u00f3 desde las grandes plataformas y el discurso de criminalizaci\u00f3n se extendi\u00f3 desde el gobierno. En todo el pa\u00eds se filtraron v\u00eddeos ciudadanos sobre la colaboraci\u00f3n de la polic\u00eda con \u201cciviles\u201d, camionetas conducidas por uniformados que transportaban turbas con el fin de alarmar a los habitantes de barrios residenciales y generar rechazo contra los manifestantes, hechos que a\u00fan hoy son objeto de investigaci\u00f3n. Es claro que la represi\u00f3n y la articulaci\u00f3n entre fuerzas estatales y paraestatales era com\u00fan, pero no abundaba el registro audiovisual que hoy circula.&nbsp;<\/p>\n\n\n\n<figure class=\"wp-block-image size-large\"><img loading=\"lazy\" decoding=\"async\" width=\"640\" height=\"427\" src=\"https:\/\/arcoiris.com.co\/v3\/wp-content\/uploads\/2019\/11\/WhatsApp-Image-2019-11-28-at-11.15.29-AM-640x427.jpeg\" alt=\"\" class=\"wp-image-23568\" srcset=\"https:\/\/arcoiris.com.co\/v3\/wp-content\/uploads\/2019\/11\/WhatsApp-Image-2019-11-28-at-11.15.29-AM-640x427.jpeg 640w, https:\/\/arcoiris.com.co\/v3\/wp-content\/uploads\/2019\/11\/WhatsApp-Image-2019-11-28-at-11.15.29-AM-300x200.jpeg 300w, https:\/\/arcoiris.com.co\/v3\/wp-content\/uploads\/2019\/11\/WhatsApp-Image-2019-11-28-at-11.15.29-AM-768x512.jpeg 768w, https:\/\/arcoiris.com.co\/v3\/wp-content\/uploads\/2019\/11\/WhatsApp-Image-2019-11-28-at-11.15.29-AM-scaled.jpeg 1250w\" sizes=\"(max-width: 640px) 100vw, 640px\" \/><\/figure>\n\n\n\n<p>En lo transcurrido de esta semana tiene lugar un nuevo estallido social en el pa\u00eds, a\u00f1os de err\u00e1ticas decisiones sobre el gasto p\u00fablico, malversaci\u00f3n de fondos, privatizaci\u00f3n del sector salud y priorizaci\u00f3n del gasto militar por encima del bienestar social, pasan factura en medio de la pandemia. Esta vez el detonante es un caso de abuso policial en el que dos patrulleros del CAI de Villa Luz, ubicado en la ciudad de Bogot\u00e1, someten al ciudadano Javier Ordo\u00f1ez hasta acabar con su vida, lo que gener\u00f3 una respuesta inmediata en las principales ciudades, que concluy\u00f3 en fuertes protestas en contra de los uniformados. Nuevamente los medios de comunicaci\u00f3n, difusores del discurso oficial, se han ensa\u00f1ado con los manifestantes y se suman a las campa\u00f1as de individualizaci\u00f3n y criminalizaci\u00f3n, poniendo el foco en aquellos sucesos donde terceros han aprovechado el caos para realizar saqueos, como estrategia para camuflar el descontento social y la reprimenda que deja un saldo de 11 civiles muertos por arma de fuego en la capital, aproximadamente un centenar de heridos por esta misma causa en el pa\u00eds, todo esto en los primeros c\u00e1lculos oficiales.<\/p>\n\n\n\n<p>En un pronunciamiento conjunto fechado el 9 de septiembre de 2020, se presenta un balance parcial de los hechos, por parte de organizaciones de DDHH<a href=\"#_ftn4\"><sup>[4]<\/sup><\/a>, donde denuncian los graves excesos de la fuerza p\u00fablica, la persecuci\u00f3n e intimidaci\u00f3n a defensores de derechos humanos, las v\u00edctimas fatales y una cantidad avasalladora de lesiones, entre las que destacan las producidas por disparos de armas de fuego provenientes en gran parte de uniformados y \u201cciudadanos de bien\u201d, herederos de las CONVIVIR.<\/p>\n\n\n\n<figure class=\"wp-block-image size-large\"><img loading=\"lazy\" decoding=\"async\" width=\"640\" height=\"427\" src=\"https:\/\/arcoiris.com.co\/v3\/wp-content\/uploads\/2020\/09\/WhatsApp-Image-2020-09-12-at-12.49.40-PM-1-640x427.jpeg\" alt=\"\" class=\"wp-image-23847\" srcset=\"https:\/\/arcoiris.com.co\/v3\/wp-content\/uploads\/2020\/09\/WhatsApp-Image-2020-09-12-at-12.49.40-PM-1-640x427.jpeg 640w, https:\/\/arcoiris.com.co\/v3\/wp-content\/uploads\/2020\/09\/WhatsApp-Image-2020-09-12-at-12.49.40-PM-1-300x200.jpeg 300w, https:\/\/arcoiris.com.co\/v3\/wp-content\/uploads\/2020\/09\/WhatsApp-Image-2020-09-12-at-12.49.40-PM-1-768x512.jpeg 768w, https:\/\/arcoiris.com.co\/v3\/wp-content\/uploads\/2020\/09\/WhatsApp-Image-2020-09-12-at-12.49.40-PM-1-scaled.jpeg 1250w\" sizes=\"(max-width: 640px) 100vw, 640px\" \/><\/figure>\n\n\n\n<p>Entre las v\u00edctimas: Jonathan Urrea, quien presenta una herida en la rodilla; Juan Sebasti\u00e1n Banza, con un proyectil en el hombro; Luisa Fernanda Tirado Rojas, <strong>de 16 a\u00f1os<\/strong>, quien presenta una herida tambi\u00e9n de bala en el cuello.<a href=\"#_ftn5\"><sup>[5]<\/sup><\/a> Igualmente, Robert Valencia, de 35 a\u00f1os de edad, herido de bala en el pecho, al interior de su vivienda; Michael Duv\u00e1n S\u00e1nchez, quien presenta herida en la pierna, arma de fuego; Edison Ferney Peralta, de 17 a\u00f1os, le dispararon agentes de la polic\u00eda, recibi\u00f3 dos disparos, uno en la pierna y otro en el brazo<sup><a href=\"#_ftn6\">[6]<\/a><\/sup>. De la misma forma, Iv\u00e1n Castellanos, de 27 a\u00f1os, fue herido con proyectil de arma de fuego en el pie derecho; Wilfer Lenin Esneider de 36 a\u00f1os de edad, le impact\u00f3 un proyectil en el tobillo; Luisa Fernanda Beltr\u00e1n, fue herida en la rodilla presuntamente con un proyectil de bala; Farley Garz\u00f3n Mar\u00edn, de 23 a\u00f1os, sufri\u00f3 un impacto de bala en la pierna derecha y Manuel Fern\u00e1ndez Acevedo, herido por un proyectil en la espalda.<a href=\"#_ftn7\"><sup>[7]<\/sup><\/a><\/p>\n\n\n\n<p>Sumado a este informe, en redes sociales han sido difundidas im\u00e1genes de personas vestidas de civil, quienes reciben y hacen uso de armas de fuego, ante la mirada tolerante y complaciente de personal de la Polic\u00eda Nacional. As\u00ed mismo, ha podido ser establecido en los videos, el uso de armas de fuego por parte de uniformados.<\/p>\n\n\n\n<figure class=\"wp-block-embed is-type-rich is-provider-twitter wp-block-embed-twitter\"><div class=\"wp-block-embed__wrapper\">\n<blockquote class=\"twitter-tweet\" data-width=\"550\" data-dnt=\"true\"><p lang=\"es\" dir=\"ltr\"><a href=\"https:\/\/twitter.com\/hashtag\/URGENTE?src=hash&amp;ref_src=twsrc%5Etfw\" target=\"_blank\" rel=\"noopener\">#URGENTE<\/a>\ud83d\udea8| En el barrio Timiza, localidad de Kennedy en Bogot\u00e1, hay varios sujetos disparando contra manifestantes. Al parecer ser\u00edan Polic\u00edas de civil.  <a href=\"https:\/\/twitter.com\/hashtag\/ColombiaEnAlertaRoja?src=hash&amp;ref_src=twsrc%5Etfw\" target=\"_blank\" rel=\"noopener\">#ColombiaEnAlertaRoja<\/a> <a href=\"https:\/\/t.co\/wnTHLLFyl4\" target=\"_blank\">pic.twitter.com\/wnTHLLFyl4<\/a><\/p>&mdash; Colombia Informa (@Col_Informa) <a href=\"https:\/\/twitter.com\/Col_Informa\/status\/1303908831957843970?ref_src=twsrc%5Etfw\" target=\"_blank\" rel=\"noopener\">September 10, 2020<\/a><\/blockquote><script async src=\"https:\/\/platform.twitter.com\/widgets.js\" charset=\"utf-8\"><\/script>\n<\/div><\/figure>\n\n\n\n<p><a href=\"https:\/\/twitter.com\/saintbabtist\/status\/1303927799103750144?s=20\" target=\"_blank\" rel=\"noopener\">https:\/\/twitter.com\/saintbabtist\/status\/1303927799103750144?s=20<\/a><\/p>\n\n\n\n<figure class=\"wp-block-embed is-type-rich is-provider-twitter wp-block-embed-twitter\"><div class=\"wp-block-embed__wrapper\">\n<blockquote class=\"twitter-tweet\" data-width=\"550\" data-dnt=\"true\"><p lang=\"es\" dir=\"ltr\">Ac\u00e1 se evidencia como la polic\u00eda dispara indiscriminadamente contra los manifestantes. <a href=\"https:\/\/t.co\/EMnziCUnDQ\" target=\"_blank\">https:\/\/t.co\/EMnziCUnDQ<\/a><\/p>&mdash; Don gato (@SuMadre_e) <a href=\"https:\/\/twitter.com\/SuMadre_e\/status\/1303926238386548736?ref_src=twsrc%5Etfw\" target=\"_blank\" rel=\"noopener\">September 10, 2020<\/a><\/blockquote><script async src=\"https:\/\/platform.twitter.com\/widgets.js\" charset=\"utf-8\"><\/script>\n<\/div><\/figure>\n\n\n\n<figure class=\"wp-block-embed is-type-rich is-provider-twitter wp-block-embed-twitter\"><div class=\"wp-block-embed__wrapper\">\nhttps:\/\/twitter.com\/i\/status\/1303890647737303042\n<\/div><\/figure>\n\n\n\n<p><strong>\u00bfEn Medell\u00edn qu\u00e9?<\/strong><\/p>\n\n\n\n<p>En Medell\u00edn tambi\u00e9n hubo respuesta -guardadas proporciones- por parte de diferentes sectores, organizaciones sociales, as\u00ed como de ciudadan\u00eda no organizada, quienes evidentemente indignados, salieron a las calles y de distintas maneras manifestaron el sentimiento de rabia y solidaridad.&nbsp; Sin embargo, en esta ciudad se evidenci\u00f3 de manera abierta la acci\u00f3n conjunta entre las estructuras paramilitares urbanas todav\u00eda denominadas CONVIVIR<a href=\"#_ftn8\"><sup>[8]<\/sup><\/a> con la polic\u00eda.<\/p>\n\n\n\n<p>El pasado jueves 10 de septiembre, tras las protestas en la ciudad de Medell\u00edn, varios individuos pertenecientes a las estructuras delincuenciales que operan en el centro de la ciudad, atacaron a los manifestantes con pu\u00f1ales mientras ejerc\u00edan intimidaci\u00f3n verbal, asegurando que ten\u00edan \u201corden de la polic\u00eda metropolitana de acabar con la movilizaci\u00f3n\u201d, en estos hechos se produjeron una serie de robos e incluso intentos de retenci\u00f3n por parte de civiles armados. A\u00fan se desconoce si hay denuncias de desaparici\u00f3n tras los hechos, pero se pide a las organizaciones de derechos humanos estar al tanto y a los observatorios de conflicto urbano en la ciudad, estar alertas ante el presunto v\u00ednculo entre estas estructuras y la polic\u00eda.<\/p>\n\n\n\n<figure class=\"wp-block-image size-large\"><img loading=\"lazy\" decoding=\"async\" width=\"443\" height=\"640\" src=\"https:\/\/arcoiris.com.co\/v3\/wp-content\/uploads\/2020\/09\/WhatsApp-Image-2020-09-12-at-12.48.21-PM-443x640.jpeg\" alt=\"\" class=\"wp-image-23841\" srcset=\"https:\/\/arcoiris.com.co\/v3\/wp-content\/uploads\/2020\/09\/WhatsApp-Image-2020-09-12-at-12.48.21-PM-443x640.jpeg 443w, https:\/\/arcoiris.com.co\/v3\/wp-content\/uploads\/2020\/09\/WhatsApp-Image-2020-09-12-at-12.48.21-PM-207x300.jpeg 207w, https:\/\/arcoiris.com.co\/v3\/wp-content\/uploads\/2020\/09\/WhatsApp-Image-2020-09-12-at-12.48.21-PM-768x1111.jpeg 768w, https:\/\/arcoiris.com.co\/v3\/wp-content\/uploads\/2020\/09\/WhatsApp-Image-2020-09-12-at-12.48.21-PM-scaled.jpeg 588w\" sizes=\"(max-width: 443px) 100vw, 443px\" \/><\/figure>\n\n\n\n<p>Finalmente, se hace un llamado a los manifestantes y a la ciudadan\u00eda en general al cuidado colectivo y se recuerda que al d\u00eda de hoy las estructuras denominadas CONVIVIR, que tuvieron nexos comprobados con instituciones estatales y el paramilitarismo, mantienen operaciones en el centro y la periferia de la ciudad, confirmando la actualidad de la protecci\u00f3n criminal organizada en el Valle de Aburr\u00e1 y la permanencia del paramilitarismo en las ciudades.<\/p>\n\n\n\n<hr class=\"wp-block-separator\"\/>\n\n\n\n<p><a href=\"#_ftnref1\"><sup>[1]<\/sup><\/a> <a href=\"http:\/\/www.indepaz.org.co\/informe-de-masacres-en-colombia-durante-el-2020\" target=\"_blank\" rel=\"noopener\">http:\/\/www.indepaz.org.co\/informe-de-masacres-en-colombia-durante-el-2020<\/a>.&nbsp;<\/p>\n\n\n\n<p><a href=\"#_ftnref2\"><sup>[2]<\/sup><\/a> Ib\u00edd<\/p>\n\n\n\n<p><a href=\"#_ftnref3\"><sup>[3]<\/sup><\/a><a href=\"https:\/\/www.contagioradio.com\/971-defensores-de-dd-hh-y-lideres-han-sido-asesinados-desde-la-firma-del-acuerdo-de-paz\/cifras-de-indepaz\" target=\"_blank\" rel=\"noopener\">https:\/\/www.contagioradio.com\/971-defensores-de-dd-hh-y-lideres-han-sido-asesinados-desde-la-firma-del-acuerdo-de-paz\/cifras-de-indepaz<\/a><\/p>\n\n\n\n<p><a href=\"#_ftnref4\"><sup>[4]<\/sup><\/a>Asociaci\u00f3n Red de Defensores y Defensoras de Derechos Humanos, Corporaci\u00f3n Jur\u00eddica Libertad, Corporaci\u00f3n Comit\u00e9 de Derechos Humanos Jes\u00fas Mar\u00eda Valle Jaramillo, Campa\u00f1a \u201cNo M\u00e1s Derechos Vulnerados Por Los Uniformados\u201d, Yuri Neira (Padre Nicol\u00e1s Neira asesinado por ESMAD) Fundaci\u00f3n Nicol\u00e1s Neira, Fundaci\u00f3n Carlos Pedraza.<\/p>\n\n\n\n<p><a href=\"#_ftnref5\"><sup>[5]<\/sup><\/a><a href=\"https:\/\/cjlibertad.org\/publicaciones-28\/95-denuncias\/1446-accion-urgente-frente-a-los-hechos-presentado-el-09-de-septiembre-en-colombia.html\" target=\"_blank\" rel=\"noopener\">https:\/\/cjlibertad.org\/publicaciones-28\/95-denuncias\/1446-accion-urgente-frente-a-los-hechos-presentado-el-09-de-septiembre-en-colombia.html<\/a><\/p>\n\n\n\n<p><a href=\"#_ftnref6\"><sup>[6]<\/sup><\/a> <a href=\"https:\/\/twitter.com\/ElParcheCritico\/status\/1303896346169094144?s=20\" target=\"_blank\" rel=\"noopener\">https:\/\/twitter.com\/ElParcheCritico\/status\/1303896346169094144?s=20<\/a><\/p>\n\n\n\n<p><a href=\"#_ftnref7\"><sup>[7]<\/sup><\/a><a href=\"https:\/\/cjlibertad.org\/publicaciones-28\/95-denuncias\/1446-accion-urgente-frente-a-los-hechos-presentado-el-09-de-septiembre-en-colombia.html\" target=\"_blank\" rel=\"noopener\">https:\/\/cjlibertad.org\/publicaciones-28\/95-denuncias\/1446-accion-urgente-frente-a-los-hechos-presentado-el-09-de-septiembre-en-colombia.html<\/a><\/p>\n\n\n\n<p><a href=\"#_ftnref8\"><sup>[8]<\/sup><\/a>*https:\/\/www.eltiempo.com\/archivo\/documento\/MAM-605402 Material de Archivo, A\u00f1o 1997, \u00abEl gobernador de Antioquia, \u00c1lvaro Uribe V\u00e9lez, ha sido uno de los principales defensores de las Convivir, toda vez que en su departamento est\u00e1 hoy amenazado por el avance del secuestro, de la extorsi\u00f3n y la violaci\u00f3n general de los derechos humanos.\u00bb<\/p>\n\n\n\n<p>*<a href=\"https:\/\/analisisurbano.org\/el-centro-de-medellin-esta-en-manos-del-crimen-urbano\/32846\/\" target=\"_blank\" rel=\"noopener\">https:\/\/analisisurbano.org\/el-centro-de-medellin-esta-en-manos-del-crimen-urbano\/32846\/<\/a>&nbsp;&nbsp;&nbsp;&nbsp;&nbsp;&nbsp;&nbsp;<\/p>\n\n\n\n<p>\u00abLas Cooperativas de Vigilancia y Seguridad Privada (Convivir) fueron un experimento paraestatal creado en la d\u00e9cada de los noventa con la finalidad de proveer protecci\u00f3n a comerciantes y ganaderos. Esta figura, que a\u00f1os despu\u00e9s se desdibuj\u00f3 y se materializ\u00f3 en la organizaci\u00f3n con fachada legal e ilegal del aparato paramilitar y mafioso, primero de las Autodefensas Campesinas de C\u00f3rdoba y Urab\u00e1 (ACCU) y luego en la confederaci\u00f3n de las Autodefensas Unidas de Colombia (AUC), en la actualidad la conforman 35 agrupaciones que hacen parte de la Oficina del Valle de Aburr\u00e1, conocida como la Oficina de Envigado.<\/p>\n\n\n\n<p>En Medell\u00edn, en la comuna 10 (La Candelaria), a\u00fan est\u00e1n vigentes las Convivir y obedecen a diferentes bandas paramilitarizadas que tienen presencia en las comunas, entre ellas: La Terraza, Los Chamizos, Los Pesebreros, que a su vez ellas representan las dos l\u00edneas de la Oficina del Valle de Aburr\u00e1.\u00bb<\/p>\n\n\n\n<p>*https:\/\/analisisurbano.org\/en-video-sin-problema-las-convivir-cobran-vacuna-y-hurtan-en-el-centro-de-medellin\/66504\/<\/p>\n","protected":false},"excerpt":{"rendered":"<p>Por: Daniel G. y V\u00edctor C. \/ Cooperativa de Estudiantes y Egresados Universidad de Antioquia.\u00a0 La pandemia del COVID-19 no ha sido suficiente para tapar aristas infranqueables sobre la naturaleza de la instituci\u00f3n policial y militar en el pa\u00eds, as\u00ed como elementos constituyentes de su cuerpo y doctrina, enarbolado por caciques y patrones, a trav\u00e9s [&hellip;]<\/p>\n","protected":false},"author":5,"featured_media":23962,"comment_status":"closed","ping_status":"closed","sticky":true,"template":"","format":"standard","meta":{"_et_pb_use_builder":"","_et_pb_old_content":"","_et_gb_content_width":"","footnotes":""},"categories":[638,633,15],"tags":[],"class_list":["post-23839","post","type-post","status-publish","format-standard","has-post-thumbnail","hentry","category-conflictos","category-opinion","category-politica"],"_links":{"self":[{"href":"https:\/\/arcoiris.com.co\/v3\/wp-json\/wp\/v2\/posts\/23839","targetHints":{"allow":["GET"]}}],"collection":[{"href":"https:\/\/arcoiris.com.co\/v3\/wp-json\/wp\/v2\/posts"}],"about":[{"href":"https:\/\/arcoiris.com.co\/v3\/wp-json\/wp\/v2\/types\/post"}],"author":[{"embeddable":true,"href":"https:\/\/arcoiris.com.co\/v3\/wp-json\/wp\/v2\/users\/5"}],"replies":[{"embeddable":true,"href":"https:\/\/arcoiris.com.co\/v3\/wp-json\/wp\/v2\/comments?post=23839"}],"version-history":[{"count":0,"href":"https:\/\/arcoiris.com.co\/v3\/wp-json\/wp\/v2\/posts\/23839\/revisions"}],"wp:featuredmedia":[{"embeddable":true,"href":"https:\/\/arcoiris.com.co\/v3\/wp-json\/wp\/v2\/media\/23962"}],"wp:attachment":[{"href":"https:\/\/arcoiris.com.co\/v3\/wp-json\/wp\/v2\/media?parent=23839"}],"wp:term":[{"taxonomy":"category","embeddable":true,"href":"https:\/\/arcoiris.com.co\/v3\/wp-json\/wp\/v2\/categories?post=23839"},{"taxonomy":"post_tag","embeddable":true,"href":"https:\/\/arcoiris.com.co\/v3\/wp-json\/wp\/v2\/tags?post=23839"}],"curies":[{"name":"wp","href":"https:\/\/api.w.org\/{rel}","templated":true}]}}