{"id":23948,"date":"2020-10-06T09:42:49","date_gmt":"2020-10-06T14:42:49","guid":{"rendered":"https:\/\/arcoiris.com.co\/v3\/?p=23948"},"modified":"2020-10-06T10:55:06","modified_gmt":"2020-10-06T15:55:06","slug":"solo-el-2-por-ciento-de-las-victimas-del-conflicto-armado-han-obtenido-una-reparacion-colectiva","status":"publish","type":"post","link":"https:\/\/arcoiris.com.co\/v3\/2020\/10\/solo-el-2-por-ciento-de-las-victimas-del-conflicto-armado-han-obtenido-una-reparacion-colectiva\/","title":{"rendered":"Solo el 2 por ciento de las v\u00edctimas del conflicto armado han obtenido una reparaci\u00f3n colectiva"},"content":{"rendered":"\n<ul class=\"wp-block-list\"><li><strong><em>V\u00edctimas del conflicto armado de varias regiones del pa\u00eds se dar\u00e1n cita en un foro virtual para analizar los alcances de la reparaci\u00f3n colectiva luego de 9 a\u00f1os de implementaci\u00f3n de la Ley 1448 de 2011.<\/em><\/strong><\/li><li><strong><em>De acuerdo con cifras del registro \u00fanico de v\u00edctimas, casi el 60 por ciento de las v\u00edctimas sujetas de reparaci\u00f3n colectiva, hacen parte de pueblos ind\u00edgenas y afrodescendientes.<\/em><\/strong><\/li><li><strong><em>La preocupaci\u00f3n de las organizaciones de v\u00edctimas y sociales se concentra en los pocos avances que la reparaci\u00f3n colectiva ha tenido<\/em><\/strong>.<\/li><\/ul>\n\n\n\n<p>El pr\u00f3ximo mi\u00e9rcoles 7 de octubre las v\u00edctimas colectivas (de organizaciones, pueblos, colectivos) del conflicto armado se dar\u00e1n cita en un foro virtual organizado por la Consultor\u00eda para los Derechos Humanos y el Desplazamiento (CODHES), con el apoyo de los Sujetos Nacionales de Reparaci\u00f3n Colectiva (REPARAR), el Instituto Popular de Capacitaci\u00f3n (IPC) y la Agencia de los Estados Unidos para el Desarrollo Internacional, USAID, con el fin de generar un espacio de di\u00e1logo en torno a los alcances que ha tenido la reparaci\u00f3n colectiva luego de 9 a\u00f1os de implementaci\u00f3n del Programa de Reparaciones Colectivas creado posteriormente a la Ley de V\u00edctimas.<\/p>\n\n\n\n<p>Las cifras no son alentadoras en el tema: solo un 2 por ciento de las v\u00edctimas del conflicto armado inscritas en el Programa de reparaci\u00f3n colectiva han podido finalizar sus procesos. De acuerdo con los datos, la etapa de implementaci\u00f3n de los planes de reparaci\u00f3n se ha convertido en un gran cuello de botella dentro del programa, con evidentes dificultades relacionadas con la falta de articulaci\u00f3n interinstitucional y coordinaci\u00f3n naci\u00f3n \u2013 territorio, poca voluntad pol\u00edtica para avanzar en la implementaci\u00f3n de las medidas y falta de presupuestos, responsabilidades y cronogramas claros dentro de los planes de reparaci\u00f3n.<\/p>\n\n\n\n<p>En el foro se discutir\u00e1 acerca de los graves da\u00f1os del conflicto para los pueblos \u00e9tnicos, ind\u00edgenas y afrodescendientes, quienes representan el 64 por ciento de los inscritos en el programa de reparaci\u00f3n colectiva.<\/p>\n\n\n\n<p>Seg\u00fan lo afirma Marcos Oyada Moncada, investigador de CODHES y experto en temas de reparaci\u00f3n colectiva, <strong><em>\u201cla falta de avances del programa de reparaci\u00f3n colectiva en v\u00edctimas de pueblos \u00e9tnicos, muestra que falta asumir criterios transformadores que permitan superar las estructuras hist\u00f3ricas de discriminaci\u00f3n y marginaci\u00f3n. Se reproducen pr\u00e1cticas que profundizan su exclusi\u00f3n, las injusticias hist\u00f3ricas y las alt\u00edsimas brechas en su acceso al goce efectivo de sus derechos\u201d.<\/em><\/strong><\/p>\n\n\n\n<p>En cuanto a las v\u00edctimas \u201cno \u00e9tnicas\u201d, las organizaciones sociales se\u00f1alan que m\u00e1s del 40% de los sujetos se encuentran apenas en la etapa de identificaci\u00f3n y alistamiento, lo que representa un absoluto retraso luego de 9 a\u00f1os de implementaci\u00f3n de la Ley de V\u00edctimas.<\/p>\n\n\n\n<p>As\u00ed mismo, en el foro se analizar\u00e1n los retos y desaf\u00edos que enfrentan las v\u00edctimas para la implementaci\u00f3n de la pol\u00edtica de reparaci\u00f3n colectiva en el marco de la pandemia del Covid-19.<\/p>\n\n\n\n<p>Las v\u00edctimas que participar\u00e1n en el encuentro han sufrido en carne propia el conflicto armado en regiones como Antioquia, Cauca, Bogot\u00e1, Montes de Mar\u00eda, Magdalena, Sur del Tolima, Buenaventura y Nari\u00f1o.<\/p>\n\n\n\n<p>El foro virtual se llevar\u00e1 a cabo <strong>el pr\u00f3ximo 7 de octubre a partir de las 3:00pm. v\u00eda streaming <\/strong>a trav\u00e9s de los canales de Youtube y Facebook de CODHES y la p\u00e1gina web www.reparaci\u00f3ncolectiva.com<\/p>\n\n\n\n<p><strong>Para m\u00e1s informaci\u00f3n: &nbsp;&nbsp;<\/strong><\/p>\n\n\n\n<p>Andr\u00e9s Quiroga, Responsable de Prensa. Celular: 3214495447 Correo: <a href=\"mailto:andresqcomunicaciones@gmail.com\">andresqcomunicaciones@gmail.com<\/a><\/p>\n","protected":false},"excerpt":{"rendered":"<p>V\u00edctimas del conflicto armado de varias regiones del pa\u00eds se dar\u00e1n cita en un foro virtual para analizar los alcances de la reparaci\u00f3n colectiva luego de 9 a\u00f1os de implementaci\u00f3n de la Ley 1448 de 2011. De acuerdo con cifras del registro \u00fanico de v\u00edctimas, casi el 60 por ciento de las v\u00edctimas sujetas de [&hellip;]<\/p>\n","protected":false},"author":5,"featured_media":23951,"comment_status":"closed","ping_status":"closed","sticky":true,"template":"","format":"standard","meta":{"_et_pb_use_builder":"","_et_pb_old_content":"","_et_gb_content_width":"","footnotes":""},"categories":[634,18],"tags":[],"class_list":["post-23948","post","type-post","status-publish","format-standard","has-post-thumbnail","hentry","category-construccion-de-paz","category-victimas"],"_links":{"self":[{"href":"https:\/\/arcoiris.com.co\/v3\/wp-json\/wp\/v2\/posts\/23948","targetHints":{"allow":["GET"]}}],"collection":[{"href":"https:\/\/arcoiris.com.co\/v3\/wp-json\/wp\/v2\/posts"}],"about":[{"href":"https:\/\/arcoiris.com.co\/v3\/wp-json\/wp\/v2\/types\/post"}],"author":[{"embeddable":true,"href":"https:\/\/arcoiris.com.co\/v3\/wp-json\/wp\/v2\/users\/5"}],"replies":[{"embeddable":true,"href":"https:\/\/arcoiris.com.co\/v3\/wp-json\/wp\/v2\/comments?post=23948"}],"version-history":[{"count":0,"href":"https:\/\/arcoiris.com.co\/v3\/wp-json\/wp\/v2\/posts\/23948\/revisions"}],"wp:featuredmedia":[{"embeddable":true,"href":"https:\/\/arcoiris.com.co\/v3\/wp-json\/wp\/v2\/media\/23951"}],"wp:attachment":[{"href":"https:\/\/arcoiris.com.co\/v3\/wp-json\/wp\/v2\/media?parent=23948"}],"wp:term":[{"taxonomy":"category","embeddable":true,"href":"https:\/\/arcoiris.com.co\/v3\/wp-json\/wp\/v2\/categories?post=23948"},{"taxonomy":"post_tag","embeddable":true,"href":"https:\/\/arcoiris.com.co\/v3\/wp-json\/wp\/v2\/tags?post=23948"}],"curies":[{"name":"wp","href":"https:\/\/api.w.org\/{rel}","templated":true}]}}