{"id":24043,"date":"2020-12-02T18:39:50","date_gmt":"2020-12-02T23:39:50","guid":{"rendered":"https:\/\/arcoiris.com.co\/v3\/?p=24043"},"modified":"2020-12-02T19:14:24","modified_gmt":"2020-12-03T00:14:24","slug":"causas-estructurales-y-nuevos-fenomenos-de-la-violencia-en-el-sur-del-pais","status":"publish","type":"post","link":"https:\/\/arcoiris.com.co\/v3\/2020\/12\/causas-estructurales-y-nuevos-fenomenos-de-la-violencia-en-el-sur-del-pais\/","title":{"rendered":"Causas estructurales y nuevos fen\u00f3menos de la violencia en el sur del pa\u00eds"},"content":{"rendered":"\n<div class=\"wp-block-image\"><figure class=\"aligncenter size-large\"><img loading=\"lazy\" decoding=\"async\" width=\"640\" height=\"219\" src=\"https:\/\/arcoiris.com.co\/v3\/wp-content\/uploads\/2020\/12\/Imagen-1-640x219.png\" alt=\"\" class=\"wp-image-24044\" srcset=\"https:\/\/arcoiris.com.co\/v3\/wp-content\/uploads\/2020\/12\/Imagen-1-640x219.png 640w, https:\/\/arcoiris.com.co\/v3\/wp-content\/uploads\/2020\/12\/Imagen-1-300x103.png 300w, https:\/\/arcoiris.com.co\/v3\/wp-content\/uploads\/2020\/12\/Imagen-1-768x263.png 768w, https:\/\/arcoiris.com.co\/v3\/wp-content\/uploads\/2020\/12\/Imagen-1.png 1014w\" sizes=\"(max-width: 640px) 100vw, 640px\" \/><\/figure><\/div>\n\n\n\n<p>&nbsp;La constituci\u00f3n pol\u00edtica de 1991 nos adelant\u00f3 del estado de derecho centrado exeg\u00e9ticamente en la norma, al estado social de derecho con el \u00e9nfasis en la persona.<\/p>\n\n\n\n<p>Desde el &nbsp;2000 a hoy han acumulado 20 a\u00f1os de poder, lo que les permite&nbsp; avanzar hacia el estado de opini\u00f3n, perdimos el equilibrio de poderes y el gobierno con su partido alineado con la ideolog\u00eda internacional del miedo y el rencor, los \u00f3rganos de control, los grandes medios de comunicaci\u00f3n\u2026 todo al servicio del patr\u00f3n.<\/p>\n\n\n\n<p>Pero como no todos los dedos de la mano son iguales, Junto al Catatumbo, el suroccidente del pa\u00eds se alza en dignidad y resistencia, fortalece sus din\u00e1micas organizativas sociales, su capacidad movilizadora y sus propuestas escalan de lo reivindicativo a la discusi\u00f3n de autoridad a autoridad, es decir al escenario de lo pol\u00edtico y sobre los temas estructurales de Democracia, vida-derechos humanos y territorio.<\/p>\n\n\n\n<p>Cuestionamos desde estos Departamentos el extractivismo, la agroindustria arrasadora de nuestros territorios y propendemos por el manejo de energ\u00edas limpias, as\u00ed como sistemas agroalimentarios sanos, hermanados con el &nbsp;medio ambiente.<\/p>\n\n\n\n<p>A lo anterior el poder responde entregando veladamente el manejo del orden p\u00fablico a la mafia del narcotr\u00e1fico y la miner\u00eda ilegal, pretende desmontarse&nbsp; de la responsabilidad de garantizar la vida y&nbsp; bienes de la comunidad, aplicando como estrategia la terrible pacificaci\u00f3n a lo Urab\u00e1, por ello ante las masacres y asesinatos de las y los dirigentes sociales su respuesta son inservibles consejos de seguridad, convirti\u00e9ndose las autoridades nacionales&nbsp; departamentales y la fuerza p\u00fablica en notarios del conflicto armado.<\/p>\n\n\n\n<p>Y se estigmatiza al suroccidente en el discurso oficial; es el narcotr\u00e1fico hoy el caballito de batalla, se olvida de que la mitad de nuestros habitantes est\u00e1n en la pobreza, que la deuda del gobierno central es por d\u00e9cadas con estos departamentos, adem\u00e1s los Pdet no los implementa por creer que con ello se fortalece al partido de la Rosa, y el Pnis es una gran mentira que volvi\u00f3 nuevamente a sepultar la confianza que se hab\u00eda alcanzado a construir entre comunidad y gobierno.<\/p>\n\n\n\n<p>El estado de opini\u00f3n se personifica en un l\u00edder que como Mussolini echa mano permanentemente de los plebiscitos o referendos para \u201csupuestamente consultar al pueblo\u201d, sin darle a este los elementos de an\u00e1lisis, siendo reemplazados por discursos que juegan con las emociones y sentimientos del <em>massmedia<\/em>, que adem\u00e1s tiene una polic\u00eda y fuerza p\u00fablica privatizada al servicio de su ideolog\u00eda.<\/p>\n\n\n\n<p>Y mientras en las ciudades aconducta la opini\u00f3n, en las apartadas zonas rurales nuevos grupos armados no ya en lucha contrainsurgente como los antiguos paramilitares, sino en contubernio con intereses econ\u00f3micos y pol\u00edticos m\u00e1s puntuales y localizados, adem\u00e1s de sostenerse fundamentalmente con la nueva esclavitud generada por el narcotr\u00e1fico, su composici\u00f3n debe ser materia de estudio desde sus unidades hasta sus mandos.<\/p>\n\n\n\n<p>La pobreza y la existencia de un modelo que no nos integra, as\u00ed como la guerra territorial por ocupar y controlar los espacios f\u00edsicos, son hoy por hoy la constante de nuestro rebelde y digno suroccidente Colombiano.<\/p>\n","protected":false},"excerpt":{"rendered":"<p>&nbsp;La constituci\u00f3n pol\u00edtica de 1991 nos adelant\u00f3 del estado de derecho centrado exeg\u00e9ticamente en la norma, al estado social de derecho con el \u00e9nfasis en la persona. Desde el &nbsp;2000 a hoy han acumulado 20 a\u00f1os de poder, lo que les permite&nbsp; avanzar hacia el estado de opini\u00f3n, perdimos el equilibrio de poderes y el [&hellip;]<\/p>\n","protected":false},"author":5,"featured_media":24046,"comment_status":"closed","ping_status":"closed","sticky":true,"template":"","format":"standard","meta":{"_et_pb_use_builder":"","_et_pb_old_content":"","_et_gb_content_width":"","footnotes":""},"categories":[638,634,633],"tags":[],"class_list":["post-24043","post","type-post","status-publish","format-standard","has-post-thumbnail","hentry","category-conflictos","category-construccion-de-paz","category-opinion"],"_links":{"self":[{"href":"https:\/\/arcoiris.com.co\/v3\/wp-json\/wp\/v2\/posts\/24043","targetHints":{"allow":["GET"]}}],"collection":[{"href":"https:\/\/arcoiris.com.co\/v3\/wp-json\/wp\/v2\/posts"}],"about":[{"href":"https:\/\/arcoiris.com.co\/v3\/wp-json\/wp\/v2\/types\/post"}],"author":[{"embeddable":true,"href":"https:\/\/arcoiris.com.co\/v3\/wp-json\/wp\/v2\/users\/5"}],"replies":[{"embeddable":true,"href":"https:\/\/arcoiris.com.co\/v3\/wp-json\/wp\/v2\/comments?post=24043"}],"version-history":[{"count":0,"href":"https:\/\/arcoiris.com.co\/v3\/wp-json\/wp\/v2\/posts\/24043\/revisions"}],"wp:featuredmedia":[{"embeddable":true,"href":"https:\/\/arcoiris.com.co\/v3\/wp-json\/wp\/v2\/media\/24046"}],"wp:attachment":[{"href":"https:\/\/arcoiris.com.co\/v3\/wp-json\/wp\/v2\/media?parent=24043"}],"wp:term":[{"taxonomy":"category","embeddable":true,"href":"https:\/\/arcoiris.com.co\/v3\/wp-json\/wp\/v2\/categories?post=24043"},{"taxonomy":"post_tag","embeddable":true,"href":"https:\/\/arcoiris.com.co\/v3\/wp-json\/wp\/v2\/tags?post=24043"}],"curies":[{"name":"wp","href":"https:\/\/api.w.org\/{rel}","templated":true}]}}