{"id":24156,"date":"2021-03-17T20:55:48","date_gmt":"2021-03-18T01:55:48","guid":{"rendered":"https:\/\/arcoiris.com.co\/v3\/?p=24156"},"modified":"2021-03-17T20:55:56","modified_gmt":"2021-03-18T01:55:56","slug":"maquinas-de-guerra","status":"publish","type":"post","link":"https:\/\/arcoiris.com.co\/v3\/2021\/03\/maquinas-de-guerra\/","title":{"rendered":"M\u00e1quinas de guerra"},"content":{"rendered":"\n<p>Por Harold Ruiz Moreno<\/p>\n\n\n\n<p>\u201cUn pa\u00eds que se acostumbra a la muerte de sus ni\u00f1os es un pa\u00eds sin entra\u00f1as y sin vocaci\u00f3n de futuro. No existe justificaci\u00f3n alguna a la muerte de un ni\u00f1o, menos cuando es fruto de acciones militares de un Estado que se dice democr\u00e1tico. Los ni\u00f1os hay que educarlos no asesinarlos\u201d (Carlos Caycedo, gobernador del Magdalena).<\/p>\n\n\n\n<p>\u00a0Colombia se precia de ser una democracia \u201cestable\u201d con divisi\u00f3n de poderes, con \u00f3rganos de control que no observan independencia, donde solo existe libertad de prensa y opini\u00f3n para los grandes medios. Donde las fuerzas armadas y de polic\u00eda han sido acusadas y con raz\u00f3n de violar la constituci\u00f3n nacional con hechos tan aberrantes como los mal llamados falsos positivos, que no son m\u00e1s que ejecuciones extrajudiciales y que la JEP en auto determina que al menos est\u00e1n documentados 6.402 v\u00edctimas de este horrendo crimen, a pesar que no existe la pena de muerte legalmente, pero la pena capital fue practicada para mostrar una falsa efectividad contra los actores armados ilegales, la mayor\u00eda de las unidades del ej\u00e9rcito mostraban cifras abultadas de \u201cbajas en combate\u201d, que no era sino inocentes ciudadanos que enga\u00f1ados con ofertas laborales. Fueron asesinados en esta pr\u00e1ctica que fue una norma de actuaci\u00f3n del ej\u00e9rcito nacional.<\/p>\n\n\n\n<p>Tambi\u00e9n es cierto que el grado del conflicto que vive el pa\u00eds por muchos a\u00f1os ha llevado a la crueldad del conflicto armado, su servicia y degradaci\u00f3n. Nadie puede desconocer que el estado colombiano ha sido capturado por el narcotr\u00e1fico o el paramilitarismo, que en este largo conflicto ha generado al menos 8 millones de v\u00edctimas, donde los ni\u00f1os han sido un \u201ctrofeo de guerra\u201d, delitos de lesa humanidad como el reclutamiento forzado, practicados por todos los actores armados, que los utilizan como escudos humanos, desarraigados de sus familias y cercenados sus sue\u00f1os de ni\u00f1os y de j\u00f3venes, olvidados por el estado que no s\u00f3lo incumple con su obligaci\u00f3n constitucional\u00a0de protegerlos, sino que como ha ocurrido en varios casos ha sido el gobierno y la fuerza p\u00fablica quien los asesina.<\/p>\n\n\n\n<p>El Senador Roy Barreras denunci\u00f3 la muerte de siete menores en un bombardeo el pasado 2 de septiembre del a\u00f1o 2019 en Caquet\u00e1,\u00a0luego de la publicaci\u00f3n oficial del ex ministro Guillermo\u00a0Botero donde da cuenta bajas en\u00a0combate, entre los que se encontraron siete menores de edad despu\u00e9s de un bombardero provocado por el ej\u00e9rcito nacional y que a la postre signific\u00f3 la renuncia del Sr Botero,\u00a0ahora premiado con una embajada.<\/p>\n\n\n\n<p>Hoy nuevamente ocurre un nuevo bombardero en el departamento del Guaviare donde son asesinados ni\u00f1os v\u00edctimas del reclutamiento forzado, donde el actual ministro de defensa, otrora director del bienestar familiar, Diego Molano, justifica esta acci\u00f3n militar acusando a los menores de edad de ser \u201cM\u00c1QUINAS DE GUERRA\u201d.<\/p>\n\n\n\n<p>Al igual que en otras acciones militares donde perdieron la vida menores de edad,\u00a0el gobierno colombiano viol\u00f3 el DIH y la constituci\u00f3n. En el\u00a0bombardeo en el Guaviare se desconocieron al menos dos principios: el principio de precauci\u00f3n y el principio de distinci\u00f3n, el primero lo obliga a observar que \u201clas partes en conflicto deber\u00e1n tomar todas las precauciones factibles para proteger de los efectos de los ataques a la poblaci\u00f3n civil y los bienes de car\u00e1cter civil que est\u00e9n bajo su control.\u201d (Norma 22 DIH), y el\u00a0segundo como lo prescribe el art\u00edculo 44 Constitucional\u00a0cuando\u00a0enumera algunos de los derechos b\u00e1sicos\u00a0de la\u00a0ni\u00f1ez, entre otros \u201cla vida, la integridad f\u00edsica, la salud, la seguridad social, la alimentaci\u00f3n equilibrada, a tener una familia y no ser separados de ella, el cuidado y el amor, la educaci\u00f3n y la cultura, la recreaci\u00f3n y la libre expresi\u00f3n\u201d.<\/p>\n\n\n\n<p>Est\u00e1 m\u00e1s que demostrado que este gobierno heredero de la \u201cseguridad democr\u00e1tica\u201d, de su patr\u00f3n el Sr AUV, primero bombardea y despu\u00e9s se da cuenta que hab\u00edan\u00a0ni\u00f1os\u00a0que se encontraban\u00a0en contra de su voluntad, v\u00edctimas de reclutamiento forzado y asesinados por las bombas oficiales, el Sr Iv\u00e1n Duque y el ministro Molano poco les importa los ni\u00f1os y los j\u00f3venes a quienes los someten\u00a0a este r\u00e9gimen de terror y miedo y los re\u00a0victimizan\u00a0catalogando como \u201cm\u00e1quinas de guerra\u201d. Pareci\u00e9ndose a s\u00e1trapas como Hitler, Mussolini o Stalin.<\/p>\n\n\n\n<p><\/p>\n","protected":false},"excerpt":{"rendered":"<p>Por Harold Ruiz Moreno \u201cUn pa\u00eds que se acostumbra a la muerte de sus ni\u00f1os es un pa\u00eds sin entra\u00f1as y sin vocaci\u00f3n de futuro. No existe justificaci\u00f3n alguna a la muerte de un ni\u00f1o, menos cuando es fruto de acciones militares de un Estado que se dice democr\u00e1tico. Los ni\u00f1os hay que educarlos no [&hellip;]<\/p>\n","protected":false},"author":109,"featured_media":23949,"comment_status":"closed","ping_status":"closed","sticky":true,"template":"","format":"standard","meta":{"_et_pb_use_builder":"","_et_pb_old_content":"","_et_gb_content_width":"","footnotes":""},"categories":[638,633,18],"tags":[],"class_list":["post-24156","post","type-post","status-publish","format-standard","has-post-thumbnail","hentry","category-conflictos","category-opinion","category-victimas"],"_links":{"self":[{"href":"https:\/\/arcoiris.com.co\/v3\/wp-json\/wp\/v2\/posts\/24156","targetHints":{"allow":["GET"]}}],"collection":[{"href":"https:\/\/arcoiris.com.co\/v3\/wp-json\/wp\/v2\/posts"}],"about":[{"href":"https:\/\/arcoiris.com.co\/v3\/wp-json\/wp\/v2\/types\/post"}],"author":[{"embeddable":true,"href":"https:\/\/arcoiris.com.co\/v3\/wp-json\/wp\/v2\/users\/109"}],"replies":[{"embeddable":true,"href":"https:\/\/arcoiris.com.co\/v3\/wp-json\/wp\/v2\/comments?post=24156"}],"version-history":[{"count":0,"href":"https:\/\/arcoiris.com.co\/v3\/wp-json\/wp\/v2\/posts\/24156\/revisions"}],"wp:featuredmedia":[{"embeddable":true,"href":"https:\/\/arcoiris.com.co\/v3\/wp-json\/wp\/v2\/media\/23949"}],"wp:attachment":[{"href":"https:\/\/arcoiris.com.co\/v3\/wp-json\/wp\/v2\/media?parent=24156"}],"wp:term":[{"taxonomy":"category","embeddable":true,"href":"https:\/\/arcoiris.com.co\/v3\/wp-json\/wp\/v2\/categories?post=24156"},{"taxonomy":"post_tag","embeddable":true,"href":"https:\/\/arcoiris.com.co\/v3\/wp-json\/wp\/v2\/tags?post=24156"}],"curies":[{"name":"wp","href":"https:\/\/api.w.org\/{rel}","templated":true}]}}