{"id":24159,"date":"2021-03-29T23:14:05","date_gmt":"2021-03-30T04:14:05","guid":{"rendered":"https:\/\/arcoiris.com.co\/v3\/?p=24159"},"modified":"2021-03-29T23:16:29","modified_gmt":"2021-03-30T04:16:29","slug":"comunicado-publico-en-rechazo-al-incumplimiento-por-parte-del-estado-a-la-reactivacion-de-la-mesa-territorial-de-garantias-en-el-departamento-de-narino","status":"publish","type":"post","link":"https:\/\/arcoiris.com.co\/v3\/2021\/03\/comunicado-publico-en-rechazo-al-incumplimiento-por-parte-del-estado-a-la-reactivacion-de-la-mesa-territorial-de-garantias-en-el-departamento-de-narino\/","title":{"rendered":"Comunicado p\u00fablico en rechazo al incumplimiento por parte del Estado a la reactivaci\u00f3n de la Mesa Territorial de Garant\u00edas en el Departamento de Nari\u00f1o"},"content":{"rendered":"\n<p><a href=\"https:\/\/arcoiris.com.co\/v3\/wp-content\/uploads\/2021\/03\/Comunicado-Publico-25-MARZO-2021.pdf\">Descargar<\/a><\/p>\n\n\n\n<p><\/p>\n\n\n\n<p><\/p>\n","protected":false},"excerpt":{"rendered":"<p>Descargar<\/p>\n","protected":false},"author":109,"featured_media":24038,"comment_status":"closed","ping_status":"closed","sticky":true,"template":"","format":"standard","meta":{"_et_pb_use_builder":"","_et_pb_old_content":"","_et_gb_content_width":"","footnotes":""},"categories":[638,17,41,18],"tags":[],"class_list":["post-24159","post","type-post","status-publish","format-standard","has-post-thumbnail","hentry","category-conflictos","category-paz","category-territorio-y-desarrollo","category-victimas"],"_links":{"self":[{"href":"https:\/\/arcoiris.com.co\/v3\/wp-json\/wp\/v2\/posts\/24159","targetHints":{"allow":["GET"]}}],"collection":[{"href":"https:\/\/arcoiris.com.co\/v3\/wp-json\/wp\/v2\/posts"}],"about":[{"href":"https:\/\/arcoiris.com.co\/v3\/wp-json\/wp\/v2\/types\/post"}],"author":[{"embeddable":true,"href":"https:\/\/arcoiris.com.co\/v3\/wp-json\/wp\/v2\/users\/109"}],"replies":[{"embeddable":true,"href":"https:\/\/arcoiris.com.co\/v3\/wp-json\/wp\/v2\/comments?post=24159"}],"version-history":[{"count":0,"href":"https:\/\/arcoiris.com.co\/v3\/wp-json\/wp\/v2\/posts\/24159\/revisions"}],"wp:featuredmedia":[{"embeddable":true,"href":"https:\/\/arcoiris.com.co\/v3\/wp-json\/wp\/v2\/media\/24038"}],"wp:attachment":[{"href":"https:\/\/arcoiris.com.co\/v3\/wp-json\/wp\/v2\/media?parent=24159"}],"wp:term":[{"taxonomy":"category","embeddable":true,"href":"https:\/\/arcoiris.com.co\/v3\/wp-json\/wp\/v2\/categories?post=24159"},{"taxonomy":"post_tag","embeddable":true,"href":"https:\/\/arcoiris.com.co\/v3\/wp-json\/wp\/v2\/tags?post=24159"}],"curies":[{"name":"wp","href":"https:\/\/api.w.org\/{rel}","templated":true}]}}